{"id":5877,"date":"2022-08-24T08:30:55","date_gmt":"2022-08-24T12:30:55","guid":{"rendered":"https:\/\/www.arboplus.ca\/blog\/?p=5877"},"modified":"2022-07-28T09:47:20","modified_gmt":"2022-07-28T13:47:20","slug":"le-meilleur-moment-pour-tailler-une-haie-de-cedres","status":"publish","type":"post","link":"https:\/\/www.arboplus.ca\/blog\/arboriculture\/le-meilleur-moment-pour-tailler-une-haie-de-cedres.html","title":{"rendered":"Le meilleur moment pour tailler une haie de c\u00e8dres"},"content":{"rendered":"<p>La haie de c\u00e8dres donne le meilleur de l\u2019intimit\u00e9 dans un jardin urbain. Elle nous offre un mur v\u00e9g\u00e9tal plut\u00f4t qu\u2019en b\u00e9ton. Elle est agr\u00e9able lorsqu\u2019elle est dense et d\u2019un vert \u00e9clatant, elle apporte la paix et la tranquillit\u00e9, mais impressionne aussi avec ses formes, ses lignes et ses courbes. Mais rien de tout cela n\u2019est naturel! <a href=\"https:\/\/www.arboplus.ca\/blog\/essences-arbres\/le-cedre-du-canada-thuya-occidentalis.html\">Le thuya<\/a>, qu\u2019on appelle commun\u00e9ment le c\u00e8dre, fournit le potentiel pour une haie aux <a href=\"https:\/\/www.arboplus.ca\/blog\/arboriculture\/larboriculture-et-les-regles-de-lart.html\">allures artistiques<\/a>, mais il ne faut pas oublier l\u2019artiste! Pour une belle haie de c\u00e8dres, \u00e7a prend le doigt\u00e9 et les connaissances ; car, on peut \u00eatre tout aussi impressionn\u00e9 par sa laideur lorsque celle-ci est mal entretenue. Et c\u2019est bien dommage, puisqu\u2019une haie peut prendre jusqu\u2019\u00e0 dix ans, apr\u00e8s avoir \u00e9t\u00e9 <a href=\"https:\/\/www.arboplus.ca\/blog\/arboriculture\/comment-planter-un-arbre.html\">plant\u00e9e<\/a>, pour bien \u00eatre d\u00e9velopp\u00e9e. Une haie g\u00e2ch\u00e9e, c\u2019est des investissements de temps et d\u2019argent \u00e0 la poubelle.<\/p>\n<p>La v\u00e9rit\u00e9 vous rendra libre! Les tailleurs de haie de c\u00e8dres ont les bonnes connaissances, mais ils ne sont pas toujours appel\u00e9s au bon moment. Par ailleurs, l\u2019id\u00e9al est de faire affaire avec une compagnie qui fait d\u2019elle-m\u00eame son suivi, car c\u2019est elle qui conna\u00eet le meilleur moment pour faire les entretiens. Le moment, justement, l\u00e0 est la devise! Pour une belle haie, tout est une question de constance et de synchronicit\u00e9 avec les cycles de d\u00e9veloppement des c\u00e8dres. En sens inverse, pour la laideur d\u2019une haie qui fait piti\u00e9, c\u2019est presque toujours un probl\u00e8me de constance dans les entretiens.<\/p>\n<div style=\"text-align: center;\"><a class=\"button green medium\" href=\"http:\/\/www.arboplus.ca\/fr\/estimation-gratuite.html\" target=\"_self\" rel=\"noopener\">Demander l&rsquo;\u00e9valuation de ma haie de c\u00e8dres par un arboriculteur <i class=\"fa-chevron-circle-right\"><\/i><\/a><\/div>\n<p>Si on veut une haie de c\u00e8dres d\u00e9bordante de vie, on doit donc comprendre les cycles de croissance des c\u00e8dres, et comment y synchroniser les entretiens. Il est aussi n\u00e9cessaire de choisir un moment dans l\u2019ann\u00e9e, et y faire les entretiens avec constance, sans changer de saison. Autrement, avec un manque de constance et avec un entretien qui n\u2019est pas en r\u00e8gle avec le d\u00e9veloppement des c\u00e8dres, on endommage notre haie.<\/p>\n<h2>Les cycles<\/h2>\n<p>Commen\u00e7ons par les cycles de d\u00e9veloppement pour mieux comprendre comment fonctionne la taille. Un c\u00e8dre se d\u00e9veloppe au niveau de ses extr\u00e9mit\u00e9s deux fois par ann\u00e9e, un peu comme des pouss\u00e9es de croissances. Pendant un cycle, le c\u00e8dre envoie de la s\u00e8ve \u00e0 ses bourgeons terminaux, c\u2019est-\u00e0-dire ceux qui se trouvent en p\u00e9riph\u00e9rie de la masse foliaire.<br \/>\nOr, la progression en circonf\u00e9rence de l\u2019arbre est pr\u00e9cis\u00e9ment ce qui est vis\u00e9 dans une taille de haie. Observez bien votre haie de c\u00e8dres, l\u2019int\u00e9rieur est compl\u00e8tement vide, c\u2019est l\u2019ext\u00e9rieur qui constitue une barri\u00e8re dense de <a href=\"https:\/\/www.arboplus.ca\/blog\/arboriculture\/comment-identifier-un-arbre-avec-ses-feuilles.html\">feuilles<\/a>. Ainsi, le moment de cette pouss\u00e9e de croissance est le meilleur pour un entretien efficace. Les cycles nous ouvrent ainsi deux fen\u00eatres optimales pour la maintenance du mur v\u00e9g\u00e9tal durant une ann\u00e9e. La premi\u00e8re est avant l\u2019ao\u00fbtement, \u00e0 partir de la fin du printemps en juin, jusqu\u2019au mois de juillet. Notre deuxi\u00e8me opportunit\u00e9 est plut\u00f4t d\u00e8s la fin de l\u2019\u00e9t\u00e9, en septembre, jusqu\u2019\u00e0 la fin octobre. Alors, quel est le meilleur moment pour tailler une haie de c\u00e8dres? La r\u00e9ponse est : les deux cycles de d\u00e9veloppement.<\/p>\n<h2>Une taille r\u00e9guli\u00e8re<\/h2>\n<p>La r\u00e8gle d\u2019or pour le maintien de la haie de c\u00e8dres est la constance et la r\u00e9gularit\u00e9. Si vous \u00eates \u00e9blouis par la beaut\u00e9 qu\u2019apporte une haie dans un <a href=\"https:\/\/www.arboplus.ca\/blog\/arboriculture\/comment-choisir-un-arbre-pour-mon-jardin.html\">jardin<\/a>, le r\u00e9sultat est certainement d\u00fb \u00e0 l\u2019observation de cette r\u00e8gle. Alors, pour les meilleurs rendements possibles, pour une haie dense avec de belles lignes, celle-ci devrait \u00eatre taill\u00e9e deux fois par an, au moment des cycles de pouss\u00e9e. On conserve ainsi intacte la forme de la haie, puisqu\u2019on ne permet pas qu\u2019elle se d\u00e9veloppe au-del\u00e0 de l\u2019entretien impos\u00e9. Et, en m\u00eame temps, on profite de la p\u00e9riode de d\u00e9veloppement, car la taille se fait en p\u00e9riph\u00e9rie alors que c\u2019est aussi le moment o\u00f9 l\u2019arbre cherche \u00e0 pousser au m\u00eame endroit. On se retrouve donc \u00e0 stimuler la pousse dans le pourtour de la masse foliaire, ce qui donne un mur de verdure plus dense, mais on b\u00e9n\u00e9ficie \u00e9galement d\u2019une gu\u00e9rison plus rapide des coupes.<\/p>\n<p>Si, pour quelque raison que ce soit, il vous est impossible de faire la maintenance de votre haie deux fois par ann\u00e9e, le minimum exigible pour une haie de fi\u00e8re allure serait d\u2019une fois par ann\u00e9e. Mais encore, le secret est de rester r\u00e9gulier. Si vous faites votre entretien au mois d\u2019ao\u00fbt une ann\u00e9e, il faut continuer de le faire au mois d\u2019ao\u00fbt les ann\u00e9es suivantes. En revanche, une haie taill\u00e9e \u00e0 des intervalles irr\u00e9guliers risque de former des trous inesth\u00e9tiques.<\/p>\n<p>Tout ceci nous am\u00e8ne \u00e0 un autre principe fondamental : il est mieux de couper moins, mais plus souvent, plut\u00f4t que de couper plus, mais moins souvent. Avec des tailles deux fois par ann\u00e9e, on ne fait que rafra\u00eechir le contour et la densit\u00e9 de la haie. On la maintient, on la bonifie, et c\u2019est exactement ce qu\u2019on veut faire.<\/p>\n<h2>Les cons\u00e9quences de l\u2019irr\u00e9gularit\u00e9<\/h2>\n<p>Mais, quand on laisse aller une haie plusieurs ann\u00e9es et qu\u2019elle a des pousses qui d\u00e9passent la forme de, disons, plus de 20 cm, il est difficile, et parfois impossible de la ramener \u00e0 un \u00e9tat optimal. En effet, si l\u2019on devait, par exemple, r\u00e9tablir cette m\u00eame haie \u00e0 ses dimensions initiales, on serait oblig\u00e9 de couper des branches d\u2019une longueur de plus de 20 cm. Mais une fois fait, il ne reste plus de verdure sur ces branches coup\u00e9es. On obtient alors une haie parsem\u00e9e de trous, et on doit recommencer les tailles r\u00e9guli\u00e8res et attendre plusieurs ann\u00e9es avant que les ouvertures ne se referment, si c\u2019est possible.<\/p>\n<div id=\"attachment_5882\" style=\"width: 650px\" class=\"wp-caption alignnone\"><img fetchpriority=\"high\" decoding=\"async\" aria-describedby=\"caption-attachment-5882\" class=\"size-full wp-image-5882\" src=\"http:\/\/www.arboplus.ca\/blog\/wp-content\/uploads\/2022\/07\/haie-de-cedres-mal-entretenue-coupe-drastique.jpg\" alt=\"Exemple d'une haie de c\u00e8dres mal entretenue\" width=\"640\" height=\"427\" \/><p id=\"caption-attachment-5882\" class=\"wp-caption-text\">Exemple d&rsquo;une haie de c\u00e8dres mal entretenue<\/p><\/div>\n<p>On peut en revanche essayer de pr\u00e9voir une nouvelle forme pour la haie n\u00e9glig\u00e9e. Il y a des pousses qui d\u00e9passent de plus de 20 cm, mais on se limite \u00e0 tailler les pointes annuelles. Mais alors, \u00e7a prend plusieurs ann\u00e9es avant que l\u2019effet de mur ne soit retrouv\u00e9, et, durant ces ann\u00e9es, la haie conserve une allure abandonn\u00e9e et difforme. Par ailleurs, ces nouvelles dimensions de la haie ne sont pas forc\u00e9ment d\u00e9sirables. Avec plusieurs n\u00e9gligences, et en r\u00e9glant le cas de cette mani\u00e8re, on obtient une haie avec des proportions qui n\u2019\u00e9taient pas dans l\u2019intention initiale. Elle risque de nuire aux structures comme la maison, <a href=\"https:\/\/www.arboplus.ca\/blog\/arboriculture\/quand-appeler-hydro-quebec.html\">les fils<\/a>, ou m\u00eame empi\u00e9ter sur l\u2019espace de la cour.<\/p>\n<div style=\"text-align: center;\"><a class=\"button green medium\" href=\"http:\/\/www.arboplus.ca\/fr\/estimation-gratuite.html\" target=\"_self\" rel=\"noopener\">Planifier un rendez-vous avec un arboriste-expert <i class=\"fa-chevron-circle-right\"><\/i><\/a><\/div>\n<h2>Les cons\u00e9quences d\u2019une mauvaise saison<\/h2>\n<p>Un dernier d\u00e9tail, ce n\u2019est pas le plus gros des <a href=\"https:\/\/www.arboplus.ca\/blog\/arboriculture\/detecter-un-probleme-dans-mon-arbre.html\">probl\u00e8mes<\/a>, mais \u00e7a vaut la peine d\u2019en parler : le respect de la bonne saison. N\u2019importe quand entre avril et octobre, tout va bien. Mais, une taille entre novembre et mars pourrait avoir des <a href=\"https:\/\/www.arboplus.ca\/blog\/developpement-durable\/mauvaises-pratiques-arboricoles.html\">cons\u00e9quences d\u00e9sastreuses<\/a> pour une haie. Ainsi, pour ceux qui se sentent press\u00e9s de tailler leur haie en mars par exemple, ce n\u2019est pas une bonne id\u00e9e. Avec <a href=\"https:\/\/www.arboplus.ca\/blog\/developpement-durable\/preparer-nos-arbres-a-la-saison-hivernale.html\">le gel<\/a>, les nombreuses coupes faites par le taille-haie peuvent br\u00fbler et jaunir. Celles-ci deviendront des blessures pour la haie, et \u00e7a risque de cr\u00e9er des trous, ou pire, des sections de la haie qui meurent.<\/p>\n","protected":false},"excerpt":{"rendered":"<p>Pour une belle haie de c\u00e8dres, \u00e7a prend le doigt\u00e9 et les connaissances ; car, on peut \u00eatre tout aussi impressionn\u00e9 par sa laideur lorsque celle-ci est mal entretenue.<\/p>\n","protected":false},"author":2,"featured_media":5881,"comment_status":"open","ping_status":"closed","sticky":false,"template":"","format":"standard","meta":{"footnotes":""},"categories":[10,6],"tags":[4852,3477,4839,4842,4875,4885,4878,4873,4864,4824,4855,4851,4844,4877,4856,4884,4846,4853,4827,3479,4869,4829,4871,4830,4822,4857,4854,4882,4848,4883,4865,3001,4825,4847,4860,4886,4867,4887,4832,4834,4858,4840,2791,4862,4859,441,4833,4823,4826,3997,4845,4836,4874,4841,4843,4866,4838,4880,4831,897,4872,4850,4876,4881,4849,4828,4868,4861,4837,4863,4879,4835,4870],"class_list":["post-5877","post","type-post","status-publish","format-standard","has-post-thumbnail","hentry","category-arboriculture","category-developpement-durable","tag-avant-laoutement","tag-cedres","tag-choisir-un-moment-dans-lannee","tag-comprendre-comment-fonctionne-la-taille","tag-consequences-de-lirregularite","tag-consequences-desastreuses","tag-couper-des-branches","tag-couper-moins","tag-cycles-de-poussee","tag-dense-et-dun-vert-eclatant","tag-des-la-fin-de-lete","tag-deux-fenetres-optimales","tag-deux-fois-par-annee","tag-dimensions-initiales","tag-en-septembre","tag-entre-avril-et-octobre","tag-envoie-de-la-seve-a-ses-bourgeons-terminaux","tag-fin-du-printemps-en-juin","tag-haie-aux-allures-artistiques","tag-haie-de-cedres","tag-haie-de-fiere-allure","tag-haie-gachee","tag-intervalles-irreguliers","tag-investissements-de-temps-et-dargent","tag-jardin-urbain","tag-jusqua-la-fin-octobre","tag-jusquau-mois-de-juillet","tag-lespace-de-la-cour","tag-linterieur-est-completement-vide","tag-la-bonne-saison","tag-la-forme-de-la-haie","tag-la-maison","tag-la-paix-et-la-tranquillite","tag-la-progression-en-circonference-de-larbre","tag-la-regularite","tag-le-gel","tag-le-pourtour-de-la-masse-foliaire","tag-le-taille-haie","tag-les-bonnes-connaissances","tag-les-cycles-de-developpement-des-cedres","tag-les-deux-cycles-de-developpement","tag-les-entretiens-avec-constance","tag-les-fils","tag-les-meilleurs-rendements-possibles","tag-maintien-de-la-haie-de-cedres","tag-masse-foliaire","tag-meilleur-moment-pour-faire-les-entretiens","tag-mur-vegetal","tag-naturel","tag-nuire-aux-structures","tag-poussees-de-croissances","tag-probleme-de-constance-dans-les-entretiens","tag-rafraichir-le-contour","tag-sans-changer-de-saison","tag-se-developpe-au-niveau-de-ses-extremites","tag-stimuler-la-pousse","tag-synchroniser-les-entretiens","tag-tailler-les-pointes-annuelles","tag-tailleurs-de-haie-de-cedres","tag-thuya","tag-trous-inesthetiques","tag-un-entretien-efficace","tag-un-etat-optimal","tag-une-allure-abandonnee-et-difforme","tag-une-barriere-dense-de-feuilles","tag-une-belle-haie-de-cedres","tag-une-guerison-plus-rapide-des-coupes","tag-une-haie-dans-un-jardin","tag-une-haie-de-cedres-debordante-de-vie","tag-une-haie-dense-avec-de-belles-lignes","tag-une-haie-parsemee-de-trous","tag-une-haie-qui-fait-pitie","tag-une-haie-taillee"],"yoast_head":"<!-- This site is optimized with the Yoast SEO plugin v24.7 - https:\/\/yoast.com\/wordpress\/plugins\/seo\/ -->\n<title>Le meilleur moment pour tailler une haie de c\u00e8dres - Arboplus<\/title>\n<meta name=\"description\" content=\"Pour une belle haie de c\u00e8dres, \u00e7a prend le doigt\u00e9 et les connaissances.\" \/>\n<meta name=\"robots\" content=\"index, follow, max-snippet:-1, max-image-preview:large, max-video-preview:-1\" \/>\n<link rel=\"canonical\" href=\"https:\/\/www.arboplus.ca\/blog\/arboriculture\/le-meilleur-moment-pour-tailler-une-haie-de-cedres.html\" \/>\n<meta property=\"og:locale\" content=\"fr_CA\" \/>\n<meta property=\"og:type\" content=\"article\" \/>\n<meta property=\"og:title\" content=\"Le meilleur moment pour tailler une haie de c\u00e8dres - Arboplus\" \/>\n<meta property=\"og:description\" content=\"Pour une belle haie de c\u00e8dres, \u00e7a prend le doigt\u00e9 et les connaissances.\" \/>\n<meta property=\"og:url\" content=\"https:\/\/www.arboplus.ca\/blog\/arboriculture\/le-meilleur-moment-pour-tailler-une-haie-de-cedres.html\" \/>\n<meta property=\"og:site_name\" content=\"Arboplus\" \/>\n<meta property=\"article:published_time\" content=\"2022-08-24T12:30:55+00:00\" \/>\n<meta property=\"og:image\" content=\"https:\/\/www.arboplus.ca\/blog\/wp-content\/uploads\/2022\/07\/tailleur-professionnel-au-quebec.jpg\" \/>\n\t<meta property=\"og:image:width\" content=\"1920\" \/>\n\t<meta property=\"og:image:height\" content=\"1080\" \/>\n\t<meta property=\"og:image:type\" content=\"image\/jpeg\" \/>\n<meta name=\"author\" content=\"Dominic Perugino\" \/>\n<meta name=\"twitter:label1\" content=\"\u00c9crit par\" \/>\n\t<meta name=\"twitter:data1\" content=\"Dominic Perugino\" \/>\n\t<meta name=\"twitter:label2\" content=\"Estimation du temps de lecture\" \/>\n\t<meta name=\"twitter:data2\" content=\"6 minutes\" \/>\n<script type=\"application\/ld+json\" class=\"yoast-schema-graph\">{\"@context\":\"https:\/\/schema.org\",\"@graph\":[{\"@type\":\"WebPage\",\"@id\":\"https:\/\/www.arboplus.ca\/blog\/arboriculture\/le-meilleur-moment-pour-tailler-une-haie-de-cedres.html\",\"url\":\"https:\/\/www.arboplus.ca\/blog\/arboriculture\/le-meilleur-moment-pour-tailler-une-haie-de-cedres.html\",\"name\":\"Le meilleur moment pour tailler une haie de c\u00e8dres - Arboplus\",\"isPartOf\":{\"@id\":\"https:\/\/www.arboplus.ca\/blog\/#website\"},\"primaryImageOfPage\":{\"@id\":\"https:\/\/www.arboplus.ca\/blog\/arboriculture\/le-meilleur-moment-pour-tailler-une-haie-de-cedres.html#primaryimage\"},\"image\":{\"@id\":\"https:\/\/www.arboplus.ca\/blog\/arboriculture\/le-meilleur-moment-pour-tailler-une-haie-de-cedres.html#primaryimage\"},\"thumbnailUrl\":\"https:\/\/www.arboplus.ca\/blog\/wp-content\/uploads\/2022\/07\/tailleur-professionnel-au-quebec.jpg\",\"datePublished\":\"2022-08-24T12:30:55+00:00\",\"author\":{\"@id\":\"https:\/\/www.arboplus.ca\/blog\/#\/schema\/person\/c4e4c82ad12349aafba47d44193f5540\"},\"description\":\"Pour une belle haie de c\u00e8dres, \u00e7a prend le doigt\u00e9 et les connaissances.\",\"breadcrumb\":{\"@id\":\"https:\/\/www.arboplus.ca\/blog\/arboriculture\/le-meilleur-moment-pour-tailler-une-haie-de-cedres.html#breadcrumb\"},\"inLanguage\":\"fr-CA\",\"potentialAction\":[{\"@type\":\"ReadAction\",\"target\":[\"https:\/\/www.arboplus.ca\/blog\/arboriculture\/le-meilleur-moment-pour-tailler-une-haie-de-cedres.html\"]}]},{\"@type\":\"ImageObject\",\"inLanguage\":\"fr-CA\",\"@id\":\"https:\/\/www.arboplus.ca\/blog\/arboriculture\/le-meilleur-moment-pour-tailler-une-haie-de-cedres.html#primaryimage\",\"url\":\"https:\/\/www.arboplus.ca\/blog\/wp-content\/uploads\/2022\/07\/tailleur-professionnel-au-quebec.jpg\",\"contentUrl\":\"https:\/\/www.arboplus.ca\/blog\/wp-content\/uploads\/2022\/07\/tailleur-professionnel-au-quebec.jpg\",\"width\":1920,\"height\":1080,\"caption\":\"Tailleur de haies de c\u00e8dres professionnel au Qu\u00e9bec\"},{\"@type\":\"BreadcrumbList\",\"@id\":\"https:\/\/www.arboplus.ca\/blog\/arboriculture\/le-meilleur-moment-pour-tailler-une-haie-de-cedres.html#breadcrumb\",\"itemListElement\":[{\"@type\":\"ListItem\",\"position\":1,\"name\":\"Accueil\",\"item\":\"https:\/\/www.arboplus.ca\/blog\/\"},{\"@type\":\"ListItem\",\"position\":2,\"name\":\"Le meilleur moment pour tailler une haie de c\u00e8dres\"}]},{\"@type\":\"WebSite\",\"@id\":\"https:\/\/www.arboplus.ca\/blog\/#website\",\"url\":\"https:\/\/www.arboplus.ca\/blog\/\",\"name\":\"Arboplus\",\"description\":\"Magazine arboricole\",\"potentialAction\":[{\"@type\":\"SearchAction\",\"target\":{\"@type\":\"EntryPoint\",\"urlTemplate\":\"https:\/\/www.arboplus.ca\/blog\/?s={search_term_string}\"},\"query-input\":{\"@type\":\"PropertyValueSpecification\",\"valueRequired\":true,\"valueName\":\"search_term_string\"}}],\"inLanguage\":\"fr-CA\"},{\"@type\":\"Person\",\"@id\":\"https:\/\/www.arboplus.ca\/blog\/#\/schema\/person\/c4e4c82ad12349aafba47d44193f5540\",\"name\":\"Dominic Perugino\",\"image\":{\"@type\":\"ImageObject\",\"inLanguage\":\"fr-CA\",\"@id\":\"https:\/\/www.arboplus.ca\/blog\/#\/schema\/person\/image\/\",\"url\":\"https:\/\/secure.gravatar.com\/avatar\/0027ec1e3f6852cb4655750d4303f090?s=96&d=mm&r=g\",\"contentUrl\":\"https:\/\/secure.gravatar.com\/avatar\/0027ec1e3f6852cb4655750d4303f090?s=96&d=mm&r=g\",\"caption\":\"Dominic Perugino\"},\"url\":\"https:\/\/www.arboplus.ca\/blog\/author\/dominic-perugino\"}]}<\/script>\n<!-- \/ Yoast SEO plugin. -->","yoast_head_json":{"title":"Le meilleur moment pour tailler une haie de c\u00e8dres - Arboplus","description":"Pour une belle haie de c\u00e8dres, \u00e7a prend le doigt\u00e9 et les connaissances.","robots":{"index":"index","follow":"follow","max-snippet":"max-snippet:-1","max-image-preview":"max-image-preview:large","max-video-preview":"max-video-preview:-1"},"canonical":"https:\/\/www.arboplus.ca\/blog\/arboriculture\/le-meilleur-moment-pour-tailler-une-haie-de-cedres.html","og_locale":"fr_CA","og_type":"article","og_title":"Le meilleur moment pour tailler une haie de c\u00e8dres - Arboplus","og_description":"Pour une belle haie de c\u00e8dres, \u00e7a prend le doigt\u00e9 et les connaissances.","og_url":"https:\/\/www.arboplus.ca\/blog\/arboriculture\/le-meilleur-moment-pour-tailler-une-haie-de-cedres.html","og_site_name":"Arboplus","article_published_time":"2022-08-24T12:30:55+00:00","og_image":[{"width":1920,"height":1080,"url":"https:\/\/www.arboplus.ca\/blog\/wp-content\/uploads\/2022\/07\/tailleur-professionnel-au-quebec.jpg","type":"image\/jpeg"}],"author":"Dominic Perugino","twitter_misc":{"\u00c9crit par":"Dominic Perugino","Estimation du temps de lecture":"6 minutes"},"schema":{"@context":"https:\/\/schema.org","@graph":[{"@type":"WebPage","@id":"https:\/\/www.arboplus.ca\/blog\/arboriculture\/le-meilleur-moment-pour-tailler-une-haie-de-cedres.html","url":"https:\/\/www.arboplus.ca\/blog\/arboriculture\/le-meilleur-moment-pour-tailler-une-haie-de-cedres.html","name":"Le meilleur moment pour tailler une haie de c\u00e8dres - Arboplus","isPartOf":{"@id":"https:\/\/www.arboplus.ca\/blog\/#website"},"primaryImageOfPage":{"@id":"https:\/\/www.arboplus.ca\/blog\/arboriculture\/le-meilleur-moment-pour-tailler-une-haie-de-cedres.html#primaryimage"},"image":{"@id":"https:\/\/www.arboplus.ca\/blog\/arboriculture\/le-meilleur-moment-pour-tailler-une-haie-de-cedres.html#primaryimage"},"thumbnailUrl":"https:\/\/www.arboplus.ca\/blog\/wp-content\/uploads\/2022\/07\/tailleur-professionnel-au-quebec.jpg","datePublished":"2022-08-24T12:30:55+00:00","author":{"@id":"https:\/\/www.arboplus.ca\/blog\/#\/schema\/person\/c4e4c82ad12349aafba47d44193f5540"},"description":"Pour une belle haie de c\u00e8dres, \u00e7a prend le doigt\u00e9 et les connaissances.","breadcrumb":{"@id":"https:\/\/www.arboplus.ca\/blog\/arboriculture\/le-meilleur-moment-pour-tailler-une-haie-de-cedres.html#breadcrumb"},"inLanguage":"fr-CA","potentialAction":[{"@type":"ReadAction","target":["https:\/\/www.arboplus.ca\/blog\/arboriculture\/le-meilleur-moment-pour-tailler-une-haie-de-cedres.html"]}]},{"@type":"ImageObject","inLanguage":"fr-CA","@id":"https:\/\/www.arboplus.ca\/blog\/arboriculture\/le-meilleur-moment-pour-tailler-une-haie-de-cedres.html#primaryimage","url":"https:\/\/www.arboplus.ca\/blog\/wp-content\/uploads\/2022\/07\/tailleur-professionnel-au-quebec.jpg","contentUrl":"https:\/\/www.arboplus.ca\/blog\/wp-content\/uploads\/2022\/07\/tailleur-professionnel-au-quebec.jpg","width":1920,"height":1080,"caption":"Tailleur de haies de c\u00e8dres professionnel au Qu\u00e9bec"},{"@type":"BreadcrumbList","@id":"https:\/\/www.arboplus.ca\/blog\/arboriculture\/le-meilleur-moment-pour-tailler-une-haie-de-cedres.html#breadcrumb","itemListElement":[{"@type":"ListItem","position":1,"name":"Accueil","item":"https:\/\/www.arboplus.ca\/blog\/"},{"@type":"ListItem","position":2,"name":"Le meilleur moment pour tailler une haie de c\u00e8dres"}]},{"@type":"WebSite","@id":"https:\/\/www.arboplus.ca\/blog\/#website","url":"https:\/\/www.arboplus.ca\/blog\/","name":"Arboplus","description":"Magazine arboricole","potentialAction":[{"@type":"SearchAction","target":{"@type":"EntryPoint","urlTemplate":"https:\/\/www.arboplus.ca\/blog\/?s={search_term_string}"},"query-input":{"@type":"PropertyValueSpecification","valueRequired":true,"valueName":"search_term_string"}}],"inLanguage":"fr-CA"},{"@type":"Person","@id":"https:\/\/www.arboplus.ca\/blog\/#\/schema\/person\/c4e4c82ad12349aafba47d44193f5540","name":"Dominic Perugino","image":{"@type":"ImageObject","inLanguage":"fr-CA","@id":"https:\/\/www.arboplus.ca\/blog\/#\/schema\/person\/image\/","url":"https:\/\/secure.gravatar.com\/avatar\/0027ec1e3f6852cb4655750d4303f090?s=96&d=mm&r=g","contentUrl":"https:\/\/secure.gravatar.com\/avatar\/0027ec1e3f6852cb4655750d4303f090?s=96&d=mm&r=g","caption":"Dominic Perugino"},"url":"https:\/\/www.arboplus.ca\/blog\/author\/dominic-perugino"}]}},"_links":{"self":[{"href":"https:\/\/www.arboplus.ca\/blog\/wp-json\/wp\/v2\/posts\/5877","targetHints":{"allow":["GET"]}}],"collection":[{"href":"https:\/\/www.arboplus.ca\/blog\/wp-json\/wp\/v2\/posts"}],"about":[{"href":"https:\/\/www.arboplus.ca\/blog\/wp-json\/wp\/v2\/types\/post"}],"author":[{"embeddable":true,"href":"https:\/\/www.arboplus.ca\/blog\/wp-json\/wp\/v2\/users\/2"}],"replies":[{"embeddable":true,"href":"https:\/\/www.arboplus.ca\/blog\/wp-json\/wp\/v2\/comments?post=5877"}],"version-history":[{"count":4,"href":"https:\/\/www.arboplus.ca\/blog\/wp-json\/wp\/v2\/posts\/5877\/revisions"}],"predecessor-version":[{"id":5883,"href":"https:\/\/www.arboplus.ca\/blog\/wp-json\/wp\/v2\/posts\/5877\/revisions\/5883"}],"wp:featuredmedia":[{"embeddable":true,"href":"https:\/\/www.arboplus.ca\/blog\/wp-json\/wp\/v2\/media\/5881"}],"wp:attachment":[{"href":"https:\/\/www.arboplus.ca\/blog\/wp-json\/wp\/v2\/media?parent=5877"}],"wp:term":[{"taxonomy":"category","embeddable":true,"href":"https:\/\/www.arboplus.ca\/blog\/wp-json\/wp\/v2\/categories?post=5877"},{"taxonomy":"post_tag","embeddable":true,"href":"https:\/\/www.arboplus.ca\/blog\/wp-json\/wp\/v2\/tags?post=5877"}],"curies":[{"name":"wp","href":"https:\/\/api.w.org\/{rel}","templated":true}]}}