{"id":5709,"date":"2022-04-26T08:00:25","date_gmt":"2022-04-26T12:00:25","guid":{"rendered":"https:\/\/www.arboplus.ca\/blog\/?p=5709"},"modified":"2022-04-02T13:52:50","modified_gmt":"2022-04-02T17:52:50","slug":"lorme-de-siberie-ulmus-pumila","status":"publish","type":"post","link":"https:\/\/www.arboplus.ca\/blog\/essences-arbres\/lorme-de-siberie-ulmus-pumila.html","title":{"rendered":"L&rsquo;orme de Sib\u00e9rie"},"content":{"rendered":"<h2>Ulmus pumila<\/h2>\n<p>Bien qu\u2019il soit moins imposant et majestueux que son cousin d\u2019Am\u00e9rique, l\u2019orme de Sib\u00e9rie a fait ses preuves en se montrant invuln\u00e9rable \u00e0 la <a href=\"https:\/\/www.arboplus.ca\/blog\/arboriculture\/maladie-hollandaise-de-lorme.html\">maladie hollandaise de l\u2019orme<\/a>. V\u00e9ritable survivant, il est l\u2019un des rares feuillus \u00e0 \u00eatre utilis\u00e9 comme haie. S\u2019il est bien entretenu, cet arbre est un <a href=\"https:\/\/www.arboplus.ca\/blog\/arboriculture\/comment-choisir-un-arbre-pour-mon-jardin.html\">choix id\u00e9al pour les paysages urbains<\/a>.<\/p>\n<div style=\"text-align: center;\"><a class=\"button green medium\" href=\"http:\/\/www.arboplus.ca\/fr\/estimation-gratuite.html\" target=\"_self\" rel=\"noopener\">Demander l&rsquo;\u00e9valuation de mon orme de Sib\u00e9rie par un arboriculteur <i class=\"fa-chevron-circle-right\"><\/i><\/a><\/div>\n<h2>Un arbre \u00e9chevel\u00e9<\/h2>\n<p>L\u2019orme de Sib\u00e9rie est un arbre \u00e0 croissance rapide ; il atteint plus de 20 m\u00e8tres de hauteur \u00e0 maturit\u00e9 et 10 m\u00e8tres de largeur. Il s\u2019agit donc d\u2019un moyen grand arbre, id\u00e9al pour procurer de l\u2019ombre avec sa masse foliaire en hauteur, mais qui ne menace pas d\u2019encombrer les structures comme un arbre qui se r\u00e9pand plus en largeur.<\/p>\n<div id=\"attachment_5715\" style=\"width: 660px\" class=\"wp-caption alignnone\"><img fetchpriority=\"high\" decoding=\"async\" aria-describedby=\"caption-attachment-5715\" class=\"size-full wp-image-5715\" src=\"http:\/\/www.arboplus.ca\/blog\/wp-content\/uploads\/2022\/03\/siberian-elm-ulmus-pumila-orme-de-siberie.jpg\" alt=\"Siberian Elm - Ulmus pumila - orme de Sib\u00e9rie\" width=\"650\" height=\"867\" \/><p id=\"caption-attachment-5715\" class=\"wp-caption-text\">Siberian Elm &#8211; Ulmus pumila &#8211; orme de Sib\u00e9rie<\/p><\/div>\n<p>Son apparence est tout le contraire du raffin\u00e9 ; il est irr\u00e9gulier, \u00e9chevel\u00e9, \u00e9tal\u00e9 avec un port \u00e9parpill\u00e9 dans tous les sens. Il a aussi une tendance naturelle \u00e0 garder beaucoup de bois mort dans sa cime, ce qui peut jouer sur le c\u00f4t\u00e9 esth\u00e9tique lorsqu\u2019il n\u2019est pas entretenu. Le tronc est rustique, droit avec de l\u2019\u00e9corce grise qui forme aussi des plaques blanches. Les rameaux, d\u00e9sorganis\u00e9s, sont l\u00e9g\u00e8rement pendants, souples, et pourtant facilement cassables.<\/p>\n<p>Ses feuilles sont en forme de bouts de lances, asym\u00e9triques et dent\u00e9es. Elles sont petites, d\u2019une longueur d\u2019\u00e0 peine 2 \u00e0 7 centim\u00e8tres. En \u00e9t\u00e9, elles seront d&rsquo;un vert fonc\u00e9 et deviendront jaunes \u00e0 l\u2019automne.<\/p>\n<div id=\"attachment_5716\" style=\"width: 660px\" class=\"wp-caption alignnone\"><img decoding=\"async\" aria-describedby=\"caption-attachment-5716\" class=\"size-full wp-image-5716\" src=\"http:\/\/www.arboplus.ca\/blog\/wp-content\/uploads\/2022\/03\/feuilles-dentees-orme-de-siberie.jpg\" alt=\"Feuilles dent\u00e9es de l'orme de Sib\u00e9rie\" width=\"650\" height=\"488\" \/><p id=\"caption-attachment-5716\" class=\"wp-caption-text\">Feuilles dent\u00e9es de l&rsquo;orme de Sib\u00e9rie<\/p><\/div>\n<h2>Les fruits et la faune<\/h2>\n<p>Les fruits ne sont pas compt\u00e9s parmi les b\u00e9n\u00e9fices pour la faune. On note, au contraire, un certain d\u00e9sagr\u00e9ment \u00e0 cause de l\u2019abondance des samares qui couvrent <a href=\"https:\/\/www.arboplus.ca\/blog\/developpement-durable\/le-sol-une-vie-en-soi.html\">le sol<\/a>.<\/p>\n<h2>Conditions optimales<\/h2>\n<p>L\u2019orme de Sib\u00e9rie est un arbre tr\u00e8s r\u00e9silient, il est rustique dans presque toutes les zones, c\u2019est-\u00e0-dire qu\u2019il r\u00e9siste aux froids les plus violents. Il tol\u00e8re \u00e9galement la pollution, le compactage du sol et le sel de d\u00e9gla\u00e7age. Sa force de survie est bien d\u00e9montr\u00e9e sur les bords de l\u2019autoroute M\u00e9tropolitain, qui en contient de nombreux sp\u00e9cimens. Avec toute la pollution atmosph\u00e9rique, ceux-ci forment ce qu\u2019on appelle des <a href=\"https:\/\/www.arboplus.ca\/blog\/arboriculture\/detecter-un-probleme-dans-mon-arbre.html\">balais de sorci\u00e8res<\/a>. Les rameaux s\u2019interrompent ainsi pour accumuler des petites ramures en grappes qui rappellent l\u2019image en question.<\/p>\n<h2>\u00c9lagage et entretien<\/h2>\n<p>\u00c9tant un arbre \u00e0 croissance rapide et d\u2019une grande r\u00e9silience, l\u2019orme de Sib\u00e9rie peut tol\u00e9rer l\u2019<a href=\"https:\/\/www.arboplus.ca\/blog\/arboriculture\/quand-elaguer-un-arbre.html\">\u00e9lagage r\u00e9gulier<\/a>. Par ailleurs, c\u2019est un de ses traits qui en font un candidat pour la haie. \u00c0 notre avis, les <a href=\"https:\/\/www.arboplus.ca\/blog\/arboriculture\/le-cedre-du-canada-thuya-occidentalis.html\">c\u00e8dres (thuya)<\/a> sont mieux plac\u00e9s pour former des haies, car ils gardent leur verdure toute l\u2019ann\u00e9e, alors que le feuillu laissera une haie d\u00e9garnie pendant presque la moiti\u00e9 de l\u2019ann\u00e9e.<\/p>\n<div style=\"text-align: center;\"><a class=\"button green medium\" href=\"http:\/\/www.arboplus.ca\/fr\/estimation-gratuite.html\" target=\"_self\" rel=\"noopener\">Planifier un rendez-vous avec un arboriste-expert <i class=\"fa-chevron-circle-right\"><\/i><\/a><\/div>\n<p>Pour un arbre qui grandit vite, mieux vaut <a href=\"https:\/\/www.arboplus.ca\/blog\/arboriculture\/taille-dun-jeune-arbre.html\">tailler en jeune \u00e2ge<\/a> pour assurer que l\u2019arbre prenne une bonne forme de d\u00e9part. Il est courant de tailler l\u2019orme de Sib\u00e9rie en \u00ab boule \u00bb avec un taille-haie. Toutefois, cette pratique nous semble contre-productive. Il existe de nombreuses vari\u00e9t\u00e9s d\u2019arbres, comme certains cultivars de l\u2019\u00e9rable de Norv\u00e8ge, qui poussent naturellement en forme de boule. L\u2019orme de Sib\u00e9rie a sa forme bien \u00e0 lui, quelque peu \u00e9bouriff\u00e9e, et il faut s\u2019adapter \u00e0 celle-ci plut\u00f4t que l\u2019inverse. Avec un entretien minutieux, <a href=\"https:\/\/www.arboplus.ca\/blog\/arboriculture\/magasiner-un-arboriculteur.html\">un arboriculteur<\/a> peut \u00e9claircir la cime, d\u00e9gager les structures et, surtout, enlever le bois mort. Cette derni\u00e8re \u00e9tape est cruciale pour l\u2019esth\u00e9tique et pour la s\u00e9curit\u00e9, car l\u2019orme de Sib\u00e9rie produit beaucoup de bois mort. Une fois taill\u00e9 selon <a href=\"https:\/\/www.arboplus.ca\/blog\/arboriculture\/larboriculture-et-les-regles-de-lart.html\">les r\u00e8gles de l\u2019art<\/a>, l\u2019arbre exprime un aspect bucolique et rustique bien \u00e0 lui.<\/p>\n<h2>Maladies<\/h2>\n<p>Heureusement, l\u2019orme de Sib\u00e9rie n\u2019est pas vuln\u00e9rable \u00e0 la maladie hollandaise. On note toutefois une certaine vuln\u00e9rabilit\u00e9 au d\u00e9p\u00e9rissement nectrien, ainsi qu\u2019\u00e0 <a href=\"https:\/\/www.arboplus.ca\/blog\/developpement-durable\/lutte-biologique-contre-les-insectes.html\">certains insectes<\/a> d\u00e9foliateurs.<\/p>\n<h2>Bibliographie<\/h2>\n<ul>\n<li>Bertrand, Dumont. Guide des arbres, arbustes et conif\u00e8res pour le Qu\u00e9bec. Broquet, 2005.<\/li>\n<li>Farrar, John Laird. Les arbres du Canada. Les Editions Fides, 1996.<br \/>\n(forester.), Michael D. Williams. Guide D\u2019identification des Arbres du Qu\u00e9bec et de L\u2019est de L\u2019Am\u00e9rique du Nord. Broquet, Incorporated, 2008.<\/li>\n<li>Hodgson, Larry. Arbres. Saint-Constant, Qc: Broquet, 2012.<\/li>\n<li>Langlais, Guy. La taille des arbres ornementaux. Saint-Constant, Qc: Broquet, 2002.<\/li>\n<li>Marie-Fleurette, Beaudoin, Gaudet Martin, Rocray Pierre-\u00c9mile, et Michel Labrecque. Les arbres de Montr\u00e9al. Fides, 1997.<\/li>\n<li>Pellerin, Gervais, et Hydro-Qu\u00e9bec. R\u00e9pertoire des Arbres et Arbustes Ornementaux: 1760 Esp\u00e8ces et Vari\u00e9t\u00e9s de V\u00e9g\u00e9taux du Qu\u00e9bec. Gouvernement du Quebec, publications vendues, 2010.<\/li>\n<\/ul>\n","protected":false},"excerpt":{"rendered":"<p>L\u2019orme de Sib\u00e9rie est un arbre tr\u00e8s r\u00e9silient, il est rustique dans presque toutes les zones, c\u2019est-\u00e0-dire qu\u2019il r\u00e9siste aux froids les plus violents. Il tol\u00e8re \u00e9galement la pollution, le compactage du sol et le sel de d\u00e9gla\u00e7age.<\/p>\n","protected":false},"author":2,"featured_media":5717,"comment_status":"open","ping_status":"open","sticky":false,"template":"","format":"standard","meta":{"footnotes":""},"categories":[12],"tags":[50,4016,4361,4369,630,294,4385,4360,774,4390,4388,2651,4379,1380,486,1904,3421,4054,4359,4391,4371,4374,4056,4375,4376,4057,2830,4380,2831,340,4364,4362,4384,1226,4211,4377,4381,4368,433,4386,4363,593,2834,4373,371,1775,4382,897,4367,4358,4076,4372,4389,4387,4365,4383,4370,4378,4366],"class_list":["post-5709","post","type-post","status-publish","format-standard","has-post-thumbnail","hentry","category-essences-arbres","tag-arbre","tag-arbre-a-croissance-rapide","tag-arbre-echevele","tag-asymetriques-et-dentees","tag-balais-de-sorcieres","tag-bois-mort","tag-certains-cultivars-de-lerable-de-norvege","tag-choix-ideal-pour-les-paysages-urbains","tag-degager-les-structures","tag-deperissement-nectrien","tag-eclaircir-la-cime","tag-ecorce-grise","tag-elagage-regulier","tag-especes-et-varietes-de-vegetaux-du-quebec","tag-feuilles","tag-feuillus","tag-guide-didentification-des-arbres-du-quebec","tag-guide-des-arbres","tag-haie","tag-insectes-defoliateurs","tag-jaunes-a-lautomne","tag-la-pollution","tag-la-taille-des-arbres-ornementaux","tag-le-compactage-du-sol","tag-le-sel-de-deglacage","tag-les-arbres-de-montreal","tag-les-arbres-du-canada","tag-les-cedres","tag-les-editions-fides","tag-maladie-hollandaise-de-lorme","tag-masse-foliaire-en-hauteur","tag-moyen-grand-arbre","tag-nombreuses-varietes-darbres","tag-orme-de-siberie","tag-paysages-urbains","tag-petites-ramures-en-grappes","tag-places-pour-former-des-haies","tag-plaques-blanches","tag-pollution-atmospherique","tag-poussent-naturellement-en-forme-de-boule","tag-procurer-de-lombre","tag-rameaux","tag-repertoire-des-arbres-et-arbustes-ornementaux","tag-resiste-aux-froids-les-plus-violents","tag-rustique","tag-samares","tag-tailler-en-jeune-age","tag-thuya","tag-tronc-est-rustique","tag-ulmus-pumila","tag-un-arboriculteur","tag-un-arbre-tres-resilient","tag-un-aspect-bucolique-et-rustique","tag-un-entretien-minutieux","tag-un-port-eparpille","tag-un-taille-haie","tag-un-vert-fonce","tag-une-grande-resilience","tag-une-tendance-naturelle"],"yoast_head":"<!-- This site is optimized with the Yoast SEO plugin v24.7 - https:\/\/yoast.com\/wordpress\/plugins\/seo\/ -->\n<title>L&#039;orme de Sib\u00e9rie - Ulmus pumila - Arboplus<\/title>\n<meta name=\"description\" content=\"L\u2019orme de Sib\u00e9rie est un arbre tr\u00e8s r\u00e9silient, il est rustique dans presque toutes les zones, c\u2019est-\u00e0-dire qu\u2019il r\u00e9siste aux froids les plus violents.\" \/>\n<meta name=\"robots\" content=\"index, follow, max-snippet:-1, max-image-preview:large, max-video-preview:-1\" \/>\n<link rel=\"canonical\" href=\"https:\/\/www.arboplus.ca\/blog\/essences-arbres\/lorme-de-siberie-ulmus-pumila.html\" \/>\n<meta property=\"og:locale\" content=\"fr_CA\" \/>\n<meta property=\"og:type\" content=\"article\" \/>\n<meta property=\"og:title\" content=\"L&#039;orme de Sib\u00e9rie - Ulmus pumila - Arboplus\" \/>\n<meta property=\"og:description\" content=\"L\u2019orme de Sib\u00e9rie est un arbre tr\u00e8s r\u00e9silient, il est rustique dans presque toutes les zones, c\u2019est-\u00e0-dire qu\u2019il r\u00e9siste aux froids les plus violents.\" \/>\n<meta property=\"og:url\" content=\"https:\/\/www.arboplus.ca\/blog\/essences-arbres\/lorme-de-siberie-ulmus-pumila.html\" \/>\n<meta property=\"og:site_name\" content=\"Arboplus\" \/>\n<meta property=\"article:published_time\" content=\"2022-04-26T12:00:25+00:00\" \/>\n<meta property=\"og:image\" content=\"https:\/\/www.arboplus.ca\/blog\/wp-content\/uploads\/2022\/03\/parc-canadien-avec-plusieurs-ormes-de-siberie.jpg\" \/>\n\t<meta property=\"og:image:width\" content=\"1920\" \/>\n\t<meta property=\"og:image:height\" content=\"1080\" \/>\n\t<meta property=\"og:image:type\" content=\"image\/jpeg\" \/>\n<meta name=\"author\" content=\"Dominic Perugino\" \/>\n<meta name=\"twitter:label1\" content=\"\u00c9crit par\" \/>\n\t<meta name=\"twitter:data1\" content=\"Dominic Perugino\" \/>\n\t<meta name=\"twitter:label2\" content=\"Estimation du temps de lecture\" \/>\n\t<meta name=\"twitter:data2\" content=\"4 minutes\" \/>\n<script type=\"application\/ld+json\" class=\"yoast-schema-graph\">{\"@context\":\"https:\/\/schema.org\",\"@graph\":[{\"@type\":\"WebPage\",\"@id\":\"https:\/\/www.arboplus.ca\/blog\/essences-arbres\/lorme-de-siberie-ulmus-pumila.html\",\"url\":\"https:\/\/www.arboplus.ca\/blog\/essences-arbres\/lorme-de-siberie-ulmus-pumila.html\",\"name\":\"L'orme de Sib\u00e9rie - Ulmus pumila - Arboplus\",\"isPartOf\":{\"@id\":\"https:\/\/www.arboplus.ca\/blog\/#website\"},\"primaryImageOfPage\":{\"@id\":\"https:\/\/www.arboplus.ca\/blog\/essences-arbres\/lorme-de-siberie-ulmus-pumila.html#primaryimage\"},\"image\":{\"@id\":\"https:\/\/www.arboplus.ca\/blog\/essences-arbres\/lorme-de-siberie-ulmus-pumila.html#primaryimage\"},\"thumbnailUrl\":\"https:\/\/www.arboplus.ca\/blog\/wp-content\/uploads\/2022\/03\/parc-canadien-avec-plusieurs-ormes-de-siberie.jpg\",\"datePublished\":\"2022-04-26T12:00:25+00:00\",\"author\":{\"@id\":\"https:\/\/www.arboplus.ca\/blog\/#\/schema\/person\/c4e4c82ad12349aafba47d44193f5540\"},\"description\":\"L\u2019orme de Sib\u00e9rie est un arbre tr\u00e8s r\u00e9silient, il est rustique dans presque toutes les zones, c\u2019est-\u00e0-dire qu\u2019il r\u00e9siste aux froids les plus violents.\",\"breadcrumb\":{\"@id\":\"https:\/\/www.arboplus.ca\/blog\/essences-arbres\/lorme-de-siberie-ulmus-pumila.html#breadcrumb\"},\"inLanguage\":\"fr-CA\",\"potentialAction\":[{\"@type\":\"ReadAction\",\"target\":[\"https:\/\/www.arboplus.ca\/blog\/essences-arbres\/lorme-de-siberie-ulmus-pumila.html\"]}]},{\"@type\":\"ImageObject\",\"inLanguage\":\"fr-CA\",\"@id\":\"https:\/\/www.arboplus.ca\/blog\/essences-arbres\/lorme-de-siberie-ulmus-pumila.html#primaryimage\",\"url\":\"https:\/\/www.arboplus.ca\/blog\/wp-content\/uploads\/2022\/03\/parc-canadien-avec-plusieurs-ormes-de-siberie.jpg\",\"contentUrl\":\"https:\/\/www.arboplus.ca\/blog\/wp-content\/uploads\/2022\/03\/parc-canadien-avec-plusieurs-ormes-de-siberie.jpg\",\"width\":1920,\"height\":1080,\"caption\":\"Parc canadien avec plusieurs ormes de Sib\u00e9rie\"},{\"@type\":\"BreadcrumbList\",\"@id\":\"https:\/\/www.arboplus.ca\/blog\/essences-arbres\/lorme-de-siberie-ulmus-pumila.html#breadcrumb\",\"itemListElement\":[{\"@type\":\"ListItem\",\"position\":1,\"name\":\"Accueil\",\"item\":\"https:\/\/www.arboplus.ca\/blog\/\"},{\"@type\":\"ListItem\",\"position\":2,\"name\":\"L&rsquo;orme de Sib\u00e9rie\"}]},{\"@type\":\"WebSite\",\"@id\":\"https:\/\/www.arboplus.ca\/blog\/#website\",\"url\":\"https:\/\/www.arboplus.ca\/blog\/\",\"name\":\"Arboplus\",\"description\":\"Magazine arboricole\",\"potentialAction\":[{\"@type\":\"SearchAction\",\"target\":{\"@type\":\"EntryPoint\",\"urlTemplate\":\"https:\/\/www.arboplus.ca\/blog\/?s={search_term_string}\"},\"query-input\":{\"@type\":\"PropertyValueSpecification\",\"valueRequired\":true,\"valueName\":\"search_term_string\"}}],\"inLanguage\":\"fr-CA\"},{\"@type\":\"Person\",\"@id\":\"https:\/\/www.arboplus.ca\/blog\/#\/schema\/person\/c4e4c82ad12349aafba47d44193f5540\",\"name\":\"Dominic Perugino\",\"image\":{\"@type\":\"ImageObject\",\"inLanguage\":\"fr-CA\",\"@id\":\"https:\/\/www.arboplus.ca\/blog\/#\/schema\/person\/image\/\",\"url\":\"https:\/\/secure.gravatar.com\/avatar\/0027ec1e3f6852cb4655750d4303f090?s=96&d=mm&r=g\",\"contentUrl\":\"https:\/\/secure.gravatar.com\/avatar\/0027ec1e3f6852cb4655750d4303f090?s=96&d=mm&r=g\",\"caption\":\"Dominic Perugino\"},\"url\":\"https:\/\/www.arboplus.ca\/blog\/author\/dominic-perugino\"}]}<\/script>\n<!-- \/ Yoast SEO plugin. -->","yoast_head_json":{"title":"L'orme de Sib\u00e9rie - Ulmus pumila - Arboplus","description":"L\u2019orme de Sib\u00e9rie est un arbre tr\u00e8s r\u00e9silient, il est rustique dans presque toutes les zones, c\u2019est-\u00e0-dire qu\u2019il r\u00e9siste aux froids les plus violents.","robots":{"index":"index","follow":"follow","max-snippet":"max-snippet:-1","max-image-preview":"max-image-preview:large","max-video-preview":"max-video-preview:-1"},"canonical":"https:\/\/www.arboplus.ca\/blog\/essences-arbres\/lorme-de-siberie-ulmus-pumila.html","og_locale":"fr_CA","og_type":"article","og_title":"L'orme de Sib\u00e9rie - Ulmus pumila - Arboplus","og_description":"L\u2019orme de Sib\u00e9rie est un arbre tr\u00e8s r\u00e9silient, il est rustique dans presque toutes les zones, c\u2019est-\u00e0-dire qu\u2019il r\u00e9siste aux froids les plus violents.","og_url":"https:\/\/www.arboplus.ca\/blog\/essences-arbres\/lorme-de-siberie-ulmus-pumila.html","og_site_name":"Arboplus","article_published_time":"2022-04-26T12:00:25+00:00","og_image":[{"width":1920,"height":1080,"url":"https:\/\/www.arboplus.ca\/blog\/wp-content\/uploads\/2022\/03\/parc-canadien-avec-plusieurs-ormes-de-siberie.jpg","type":"image\/jpeg"}],"author":"Dominic Perugino","twitter_misc":{"\u00c9crit par":"Dominic Perugino","Estimation du temps de lecture":"4 minutes"},"schema":{"@context":"https:\/\/schema.org","@graph":[{"@type":"WebPage","@id":"https:\/\/www.arboplus.ca\/blog\/essences-arbres\/lorme-de-siberie-ulmus-pumila.html","url":"https:\/\/www.arboplus.ca\/blog\/essences-arbres\/lorme-de-siberie-ulmus-pumila.html","name":"L'orme de Sib\u00e9rie - Ulmus pumila - Arboplus","isPartOf":{"@id":"https:\/\/www.arboplus.ca\/blog\/#website"},"primaryImageOfPage":{"@id":"https:\/\/www.arboplus.ca\/blog\/essences-arbres\/lorme-de-siberie-ulmus-pumila.html#primaryimage"},"image":{"@id":"https:\/\/www.arboplus.ca\/blog\/essences-arbres\/lorme-de-siberie-ulmus-pumila.html#primaryimage"},"thumbnailUrl":"https:\/\/www.arboplus.ca\/blog\/wp-content\/uploads\/2022\/03\/parc-canadien-avec-plusieurs-ormes-de-siberie.jpg","datePublished":"2022-04-26T12:00:25+00:00","author":{"@id":"https:\/\/www.arboplus.ca\/blog\/#\/schema\/person\/c4e4c82ad12349aafba47d44193f5540"},"description":"L\u2019orme de Sib\u00e9rie est un arbre tr\u00e8s r\u00e9silient, il est rustique dans presque toutes les zones, c\u2019est-\u00e0-dire qu\u2019il r\u00e9siste aux froids les plus violents.","breadcrumb":{"@id":"https:\/\/www.arboplus.ca\/blog\/essences-arbres\/lorme-de-siberie-ulmus-pumila.html#breadcrumb"},"inLanguage":"fr-CA","potentialAction":[{"@type":"ReadAction","target":["https:\/\/www.arboplus.ca\/blog\/essences-arbres\/lorme-de-siberie-ulmus-pumila.html"]}]},{"@type":"ImageObject","inLanguage":"fr-CA","@id":"https:\/\/www.arboplus.ca\/blog\/essences-arbres\/lorme-de-siberie-ulmus-pumila.html#primaryimage","url":"https:\/\/www.arboplus.ca\/blog\/wp-content\/uploads\/2022\/03\/parc-canadien-avec-plusieurs-ormes-de-siberie.jpg","contentUrl":"https:\/\/www.arboplus.ca\/blog\/wp-content\/uploads\/2022\/03\/parc-canadien-avec-plusieurs-ormes-de-siberie.jpg","width":1920,"height":1080,"caption":"Parc canadien avec plusieurs ormes de Sib\u00e9rie"},{"@type":"BreadcrumbList","@id":"https:\/\/www.arboplus.ca\/blog\/essences-arbres\/lorme-de-siberie-ulmus-pumila.html#breadcrumb","itemListElement":[{"@type":"ListItem","position":1,"name":"Accueil","item":"https:\/\/www.arboplus.ca\/blog\/"},{"@type":"ListItem","position":2,"name":"L&rsquo;orme de Sib\u00e9rie"}]},{"@type":"WebSite","@id":"https:\/\/www.arboplus.ca\/blog\/#website","url":"https:\/\/www.arboplus.ca\/blog\/","name":"Arboplus","description":"Magazine arboricole","potentialAction":[{"@type":"SearchAction","target":{"@type":"EntryPoint","urlTemplate":"https:\/\/www.arboplus.ca\/blog\/?s={search_term_string}"},"query-input":{"@type":"PropertyValueSpecification","valueRequired":true,"valueName":"search_term_string"}}],"inLanguage":"fr-CA"},{"@type":"Person","@id":"https:\/\/www.arboplus.ca\/blog\/#\/schema\/person\/c4e4c82ad12349aafba47d44193f5540","name":"Dominic Perugino","image":{"@type":"ImageObject","inLanguage":"fr-CA","@id":"https:\/\/www.arboplus.ca\/blog\/#\/schema\/person\/image\/","url":"https:\/\/secure.gravatar.com\/avatar\/0027ec1e3f6852cb4655750d4303f090?s=96&d=mm&r=g","contentUrl":"https:\/\/secure.gravatar.com\/avatar\/0027ec1e3f6852cb4655750d4303f090?s=96&d=mm&r=g","caption":"Dominic Perugino"},"url":"https:\/\/www.arboplus.ca\/blog\/author\/dominic-perugino"}]}},"_links":{"self":[{"href":"https:\/\/www.arboplus.ca\/blog\/wp-json\/wp\/v2\/posts\/5709","targetHints":{"allow":["GET"]}}],"collection":[{"href":"https:\/\/www.arboplus.ca\/blog\/wp-json\/wp\/v2\/posts"}],"about":[{"href":"https:\/\/www.arboplus.ca\/blog\/wp-json\/wp\/v2\/types\/post"}],"author":[{"embeddable":true,"href":"https:\/\/www.arboplus.ca\/blog\/wp-json\/wp\/v2\/users\/2"}],"replies":[{"embeddable":true,"href":"https:\/\/www.arboplus.ca\/blog\/wp-json\/wp\/v2\/comments?post=5709"}],"version-history":[{"count":5,"href":"https:\/\/www.arboplus.ca\/blog\/wp-json\/wp\/v2\/posts\/5709\/revisions"}],"predecessor-version":[{"id":5713,"href":"https:\/\/www.arboplus.ca\/blog\/wp-json\/wp\/v2\/posts\/5709\/revisions\/5713"}],"wp:featuredmedia":[{"embeddable":true,"href":"https:\/\/www.arboplus.ca\/blog\/wp-json\/wp\/v2\/media\/5717"}],"wp:attachment":[{"href":"https:\/\/www.arboplus.ca\/blog\/wp-json\/wp\/v2\/media?parent=5709"}],"wp:term":[{"taxonomy":"category","embeddable":true,"href":"https:\/\/www.arboplus.ca\/blog\/wp-json\/wp\/v2\/categories?post=5709"},{"taxonomy":"post_tag","embeddable":true,"href":"https:\/\/www.arboplus.ca\/blog\/wp-json\/wp\/v2\/tags?post=5709"}],"curies":[{"name":"wp","href":"https:\/\/api.w.org\/{rel}","templated":true}]}}