{"id":5695,"date":"2022-04-12T08:30:38","date_gmt":"2022-04-12T12:30:38","guid":{"rendered":"https:\/\/www.arboplus.ca\/blog\/?p=5695"},"modified":"2022-04-02T13:52:58","modified_gmt":"2022-04-02T17:52:58","slug":"le-bouleau-gris-betula-populifolia","status":"publish","type":"post","link":"https:\/\/www.arboplus.ca\/blog\/essences-arbres\/le-bouleau-gris-betula-populifolia.html","title":{"rendered":"Le bouleau gris"},"content":{"rendered":"<h2>Betula populifolia<\/h2>\n<p>Le bouleau gris, aussi appel\u00e9 bouleau \u00e0 feuille de peuplier en raison de sa ressemblance avec ce dernier, ou encore bouleau rouge pour la couleur de son \u00e9corce \u00e0 la jeunesse, appartient \u00e0 la famille des b\u00e9tulac\u00e9es.<\/p>\n<div style=\"text-align: center;\"><a class=\"button green medium\" href=\"http:\/\/www.arboplus.ca\/fr\/estimation-gratuite.html\" target=\"_self\" rel=\"noopener\">Demander l&rsquo;\u00e9valuation de mon bouleau gris par un arboriculteur <i class=\"fa-chevron-circle-right\"><\/i><\/a><\/div>\n<h2>Un arbre courb\u00e9 comme un arc<\/h2>\n<p>De taille moyenne, cet arbre doit atteindre environ 12 m\u00e8tres de hauteur et 5 m\u00e8tres de largeur \u00e0 maturit\u00e9. Il s\u2019agit d\u2019un bois tellement mou que l\u2019arbre se recourbe au point de prendre l\u2019allure d\u2019un arc. Bien que le tronc soit arqu\u00e9, l\u2019ensemble de l\u2019arbre a un port conique, les branches \u00e9tant r\u00e9parties de fa\u00e7on irr\u00e9guli\u00e8re. Celles-ci auront \u00e9galement des courbures donnant parfois des rameaux en forme de \u00ab S \u00bb. On peut aussi remarquer un aspect l\u00e9g\u00e8rement <a href=\"https:\/\/www.arboplus.ca\/blog\/arboriculture\/le-saule-pleureur-salix-babylonica.html\">pleureur<\/a>, les branches \u00e9tant quelque peu retombantes.<\/p>\n<p>En bas \u00e2ge, l\u2019\u00e9corce du bouleau gris sera brune, tirant l\u00e9g\u00e8rement vers le rouge, mais, en maturit\u00e9, elle deviendra blanche. Pourquoi alors l\u2019avoir appel\u00e9 le bouleau gris ? C\u2019est que les nombreuses taches noires donnent l\u2019impression d\u2019une couleur un peu plus gris\u00e2tre. \u00c0 chaque point d\u2019insertion des branches, on remarque en effet des marques triangulaires noires. Contrairement au <a href=\"https:\/\/www.arboplus.ca\/blog\/arboriculture\/le-bouleau-a-papier-betula-papyrifera.html\">bouleau \u00e0 papier<\/a>, on ne peut pas tirer sur l\u2019\u00e9corce pour en retirer de longues feuilles, car celle-ci ne s\u2019exfolie pas aussi facilement.<\/p>\n<div id=\"attachment_5700\" style=\"width: 650px\" class=\"wp-caption alignnone\"><img fetchpriority=\"high\" decoding=\"async\" aria-describedby=\"caption-attachment-5700\" class=\"size-full wp-image-5700\" src=\"http:\/\/www.arboplus.ca\/blog\/wp-content\/uploads\/2021\/12\/plantation-de-bouleaux-gris-parfaitement-alignes-au-canada.jpg\" alt=\"Plantation de bouleaux gris parfaitement align\u00e9s - Canada\" width=\"640\" height=\"853\" \/><p id=\"caption-attachment-5700\" class=\"wp-caption-text\">Plantation de bouleaux gris parfaitement align\u00e9s &#8211; Canada<\/p><\/div>\n<p><a href=\"https:\/\/www.arboplus.ca\/blog\/arboriculture\/comment-identifier-un-arbre-avec-ses-feuilles.html\">La feuille<\/a> ressemble \u00e0 la flamme d\u2019une chandelle ; triangulaire plut\u00f4t que ovale, comme le bouleau \u00e0 papier, elle se termine par une longue pointe qui se courbe vers la fin. Recouverte d\u2019un l\u00e9ger duvet, son dessus est vert luisant, alors que le dessous est plus p\u00e2le. Le contour de la feuille est dentel\u00e9. \u00c0 l\u2019automne, elle devient jaune.<\/p>\n<div id=\"attachment_5701\" style=\"width: 650px\" class=\"wp-caption alignnone\"><img decoding=\"async\" aria-describedby=\"caption-attachment-5701\" class=\"size-full wp-image-5701\" src=\"http:\/\/www.arboplus.ca\/blog\/wp-content\/uploads\/2021\/12\/betula-populifolia-feuilles-en-forme-de-flamme.jpg\" alt=\"Betula populifolia - Feuilles en forme de flamme\" width=\"640\" height=\"662\" \/><p id=\"caption-attachment-5701\" class=\"wp-caption-text\">Betula populifolia &#8211; Feuilles en forme de flamme<\/p><\/div>\n<h2>Les fruits et la faune<\/h2>\n<p>Bien que les fruits et les fleurs soient sans int\u00e9r\u00eat esth\u00e9tique, comme c\u2019est <a href=\"https:\/\/www.arboplus.ca\/blog\/essences-arbres\/arbres-indigenes.html\">un arbre indig\u00e8ne du Qu\u00e9bec<\/a>, il y a un int\u00e9r\u00eat \u00e9cologique en ce qui concerne <a href=\"https:\/\/www.arboplus.ca\/blog\/developpement-durable\/mon-arbre-notre-faune.html\">la sant\u00e9 de la faune<\/a> qui s\u2019en nourrit. Notons que les bourgeons sont gommeux, ce qui ne pla\u00eet gu\u00e8re \u00e0 ceux qui doivent stationner leur v\u00e9hicule sous cet arbre.<\/p>\n<h2>Conditions optimales<\/h2>\n<p>Il s\u2019agit d\u2019un arbre qui pousse g\u00e9n\u00e9ralement dans un environnement endommag\u00e9, appauvrit, voire incendi\u00e9. En effet, il n\u2019est pas rare de voir des for\u00eats fra\u00eechement exploit\u00e9es se peupler de bouleaux gris. Les ravages des feux de for\u00eats permettent aussi \u00e0 cet arbre de prendre le relais pour un renouvellement de la flore. Par contre, il est rapidement remplac\u00e9 par des esp\u00e8ces qui tol\u00e8rent mieux l\u2019ombre.<\/p>\n<p>On sugg\u00e8re donc <a href=\"https:\/\/www.arboplus.ca\/blog\/developpement-durable\/le-sol-une-vie-en-soi.html\">un sol sec et sableux<\/a>. Une exposition en plein soleil est \u00e9galement recommand\u00e9e, car il ne tol\u00e8re aucunement d\u2019\u00eatre \u00e0 l\u2019ombre. Il s\u2019agit d\u2019une esp\u00e8ce moins sensible que son cousin, le bouleau \u00e0 papier. Il tol\u00e8re assez bien les sols compact\u00e9s ou perturb\u00e9s par <a href=\"https:\/\/www.arboplus.ca\/blog\/developpement-durable\/proteger-arbres-lors-travaux-de-construction.html\">les travaux de construction<\/a>. De plus, le sel de d\u00e9gla\u00e7age ne semble pas le d\u00e9ranger.<\/p>\n<h2>\u00c9lagage et entretien du bouleau gris<\/h2>\n<p>Puisqu\u2019il s\u2019agit d\u2019un arbre \u00e0 croissance rapide, <a href=\"https:\/\/www.arboplus.ca\/blog\/developpement-durable\/elagage-des-arbres-les-bonnes-et-les-mauvaises-pratiques.html\">il n\u00e9cessitera plus d\u2019entretien<\/a>. De plus, sa tendance \u00e0 courber doit faire l\u2019objet d\u2019une certaine surveillance. En effet, nous ne voudrions pas que l\u2019arbre penche dans la rue ou vers d\u2019autres structures importantes. On sugg\u00e8re donc <a href=\"https:\/\/www.arboplus.ca\/blog\/arboriculture\/taille-dun-jeune-arbre.html\">une taille de formation<\/a> pour \u00e9viter les d\u00e9fauts biom\u00e9caniques pendant la jeunesse de l\u2019arbre. Par la suite, une \u00e9valuation r\u00e9guli\u00e8re du port de l\u2019arbre sera n\u00e9cessaire pour voir s\u2019il penche d\u2019un c\u00f4t\u00e9 ou d\u2019un autre, et si cela <a href=\"https:\/\/www.arboplus.ca\/blog\/arboriculture\/quand-appeler-hydro-quebec.html\">menace d\u2019endommager une ligne \u00e9lectrique<\/a> ou de nuire au passage. On pourra ainsi <a href=\"https:\/\/www.arboplus.ca\/blog\/arboriculture\/quand-elaguer-un-arbre.html\">\u00e9laguer l\u2019arbre pour all\u00e9ger<\/a> les endroits o\u00f9 la charpente est plus lourde, pour emp\u00eacher que l\u2019arbre ne courbe dans une direction non d\u00e9sir\u00e9e. Dans certains cas, l\u2019haubanage peut s\u2019imposer comme mesure de pr\u00e9vention. Par ailleurs, pour pr\u00e9venir les d\u00e9g\u00e2ts caus\u00e9s par les verglas, dont les effets sont impr\u00e9visibles sur le bouleau gris, l\u2019haubanage est la meilleure mani\u00e8re de s\u00e9curiser l\u2019arbre sans trop l\u2019\u00e9laguer et sans l\u2019endommager.<\/p>\n<div style=\"text-align: center;\"><a class=\"button green medium\" href=\"http:\/\/www.arboplus.ca\/fr\/estimation-gratuite.html\" target=\"_self\" rel=\"noopener\">Planifier un rendez-vous avec un arboriste-expert <i class=\"fa-chevron-circle-right\"><\/i><\/a><\/div>\n<h2>Maladies<\/h2>\n<p>Le bouleau gris est en proie \u00e0 bien peu de maladies. Il a une certaine sensibilit\u00e9 aux chancres, et pour ce qui est <a href=\"https:\/\/www.arboplus.ca\/blog\/developpement-durable\/lutte-biologique-contre-les-insectes.html\">des insectes<\/a>, il est vuln\u00e9rable aux mineuses.<\/p>\n<h2>Bibliographie<\/h2>\n<ul>\n<li>Bertrand, Dumont. Guide des arbres, arbustes et conif\u00e8res pour le Qu\u00e9bec. Broquet, 2005.<\/li>\n<li>Farrar, John Laird. Les arbres du Canada. Les Editions Fides, 1996.<\/li>\n<li>(forester.), Michael D. Williams. Guide D\u2019identification des Arbres du Qu\u00e9bec et de L\u2019est de L\u2019Am\u00e9rique du Nord. Broquet, Incorporated, 2008.<\/li>\n<li>Hodgson, Larry. Arbres. Saint-Constant, Qc: Broquet, 2012.<\/li>\n<li>Langlais, Guy. La taille des arbres ornementaux. Saint-Constant, Qc: Broquet, 2002.<\/li>\n<li>Marie-Fleurette, Beaudoin, Gaudet Martin, Rocray Pierre-\u00c9mile, et Michel Labrecque. Les arbres de Montr\u00e9al. Fides, 1997.<\/li>\n<li>Pellerin, Gervais, et Hydro-Qu\u00e9bec. R\u00e9pertoire des Arbres et Arbustes Ornementaux: 1760 Esp\u00e8ces et Vari\u00e9t\u00e9s de V\u00e9g\u00e9taux du Qu\u00e9bec. Gouvernement du Quebec, publications vendues, 2010.<\/li>\n<\/ul>\n","protected":false},"excerpt":{"rendered":"<p>Le bouleau gris, aussi appel\u00e9 bouleau \u00e0 feuille de peuplier en raison de sa ressemblance avec ce dernier, ou encore bouleau rouge pour la couleur de son \u00e9corce \u00e0 la jeunesse, appartient \u00e0 la famille des b\u00e9tulac\u00e9es.<\/p>\n","protected":false},"author":2,"featured_media":5702,"comment_status":"open","ping_status":"open","sticky":false,"template":"","format":"standard","meta":{"footnotes":""},"categories":[12],"tags":[4353,4320,4016,4318,2329,4055,4323,4314,4317,4315,4006,4313,4316,456,4349,4355,4327,293,1380,4343,4330,4339,3421,4054,4338,4348,4319,4324,3141,4333,4331,4056,4057,2830,4335,2831,4340,4351,4354,4329,4344,4325,4352,4328,4326,4322,4332,2834,4356,4336,502,4050,4345,291,4346,4041,4337,4334,4321,4341,4342,4347,4350,4357],"class_list":["post-5695","post","type-post","status-publish","format-standard","has-post-thumbnail","hentry","category-essences-arbres","tag-alleger-les-endroits-ou-la-charpente-est-plus-lourde","tag-allure-dun-arc","tag-arbre-a-croissance-rapide","tag-arbre-courbe-comme-un-arc","tag-arbre-indigene-du-quebec","tag-arbustes-et-coniferes-pour-le-quebec","tag-aspect-legerement-pleureur","tag-betula-populifolia","tag-betulacees","tag-bouleau-a-feuille-de-peuplier","tag-bouleau-a-papier","tag-bouleau-gris","tag-bouleau-rouge","tag-branches","tag-defauts-biomecaniques","tag-degats-causes-par-les-verglas","tag-des-marques-triangulaires-noires","tag-elaguer","tag-especes-et-varietes-de-vegetaux-du-quebec","tag-exposition-en-plein-soleil","tag-feuille","tag-forets-fraichement-exploitees","tag-guide-didentification-des-arbres-du-quebec","tag-guide-des-arbres","tag-incendie","tag-larbre-penche-dans-la-rue","tag-larbre-se-recourbe","tag-lecorce-du-bouleau-gris","tag-lhaubanage","tag-la-feuille-est-dentele","tag-la-flamme-dune-chandelle","tag-la-taille-des-arbres-ornementaux","tag-les-arbres-de-montreal","tag-les-arbres-du-canada","tag-les-bourgeons-sont-gommeux","tag-les-editions-fides","tag-les-ravages-des-feux-de-forets","tag-menace-dendommager-une-ligne-electrique","tag-mesure-de-prevention","tag-ne-sexfolie-pas","tag-ne-tolere-aucunement-detre-a-lombre","tag-nombreuses-taches-noires","tag-nuire-au-passage","tag-on-ne-peut-pas-tirer-sur-lecorce","tag-point-dinsertion-des-branches","tag-rameaux-en-forme-de-s","tag-recouverte-dun-leger-duvet","tag-repertoire-des-arbres-et-arbustes-ornementaux","tag-sans-trop-lelaguer","tag-sante-de-la-faune","tag-sel-de-deglacage","tag-sensibilite-aux-chancres","tag-sols-compactes-ou-perturbes","tag-taille-de-formation","tag-tendance-a-courber","tag-travaux-de-construction","tag-un-environnement-endommage","tag-un-interet-ecologique","tag-un-port-conique","tag-un-renouvellement-de-la-flore","tag-un-sol-sec-et-sableux","tag-une-certaine-surveillance","tag-une-evaluation-reguliere-du-port-de-larbre","tag-vulnerable-aux-mineuses"],"yoast_head":"<!-- This site is optimized with the Yoast SEO plugin v24.7 - https:\/\/yoast.com\/wordpress\/plugins\/seo\/ -->\n<title>Le bouleau gris - Betula populifolia - Arboplus<\/title>\n<meta name=\"description\" content=\"Le bouleau gris, aussi appel\u00e9 bouleau \u00e0 feuille de peuplier ou encore bouleau rouge, appartient \u00e0 la famille des b\u00e9tulac\u00e9es.\" \/>\n<meta name=\"robots\" content=\"index, follow, max-snippet:-1, max-image-preview:large, max-video-preview:-1\" \/>\n<link rel=\"canonical\" href=\"https:\/\/www.arboplus.ca\/blog\/essences-arbres\/le-bouleau-gris-betula-populifolia.html\" \/>\n<meta property=\"og:locale\" content=\"fr_CA\" \/>\n<meta property=\"og:type\" content=\"article\" \/>\n<meta property=\"og:title\" content=\"Le bouleau gris - Betula populifolia - Arboplus\" \/>\n<meta property=\"og:description\" content=\"Le bouleau gris, aussi appel\u00e9 bouleau \u00e0 feuille de peuplier ou encore bouleau rouge, appartient \u00e0 la famille des b\u00e9tulac\u00e9es.\" \/>\n<meta property=\"og:url\" content=\"https:\/\/www.arboplus.ca\/blog\/essences-arbres\/le-bouleau-gris-betula-populifolia.html\" \/>\n<meta property=\"og:site_name\" content=\"Arboplus\" \/>\n<meta property=\"article:published_time\" content=\"2022-04-12T12:30:38+00:00\" \/>\n<meta property=\"og:image\" content=\"https:\/\/www.arboplus.ca\/blog\/wp-content\/uploads\/2021\/12\/bouleau-gris-betula-populifolia-grey-birch.jpg\" \/>\n\t<meta property=\"og:image:width\" content=\"1920\" \/>\n\t<meta property=\"og:image:height\" content=\"1080\" \/>\n\t<meta property=\"og:image:type\" content=\"image\/jpeg\" \/>\n<meta name=\"author\" content=\"Dominic Perugino\" \/>\n<meta name=\"twitter:label1\" content=\"\u00c9crit par\" \/>\n\t<meta name=\"twitter:data1\" content=\"Dominic Perugino\" \/>\n\t<meta name=\"twitter:label2\" content=\"Estimation du temps de lecture\" \/>\n\t<meta name=\"twitter:data2\" content=\"4 minutes\" \/>\n<script type=\"application\/ld+json\" class=\"yoast-schema-graph\">{\"@context\":\"https:\/\/schema.org\",\"@graph\":[{\"@type\":\"WebPage\",\"@id\":\"https:\/\/www.arboplus.ca\/blog\/essences-arbres\/le-bouleau-gris-betula-populifolia.html\",\"url\":\"https:\/\/www.arboplus.ca\/blog\/essences-arbres\/le-bouleau-gris-betula-populifolia.html\",\"name\":\"Le bouleau gris - Betula populifolia - Arboplus\",\"isPartOf\":{\"@id\":\"https:\/\/www.arboplus.ca\/blog\/#website\"},\"primaryImageOfPage\":{\"@id\":\"https:\/\/www.arboplus.ca\/blog\/essences-arbres\/le-bouleau-gris-betula-populifolia.html#primaryimage\"},\"image\":{\"@id\":\"https:\/\/www.arboplus.ca\/blog\/essences-arbres\/le-bouleau-gris-betula-populifolia.html#primaryimage\"},\"thumbnailUrl\":\"https:\/\/www.arboplus.ca\/blog\/wp-content\/uploads\/2021\/12\/bouleau-gris-betula-populifolia-grey-birch.jpg\",\"datePublished\":\"2022-04-12T12:30:38+00:00\",\"author\":{\"@id\":\"https:\/\/www.arboplus.ca\/blog\/#\/schema\/person\/c4e4c82ad12349aafba47d44193f5540\"},\"description\":\"Le bouleau gris, aussi appel\u00e9 bouleau \u00e0 feuille de peuplier ou encore bouleau rouge, appartient \u00e0 la famille des b\u00e9tulac\u00e9es.\",\"breadcrumb\":{\"@id\":\"https:\/\/www.arboplus.ca\/blog\/essences-arbres\/le-bouleau-gris-betula-populifolia.html#breadcrumb\"},\"inLanguage\":\"fr-CA\",\"potentialAction\":[{\"@type\":\"ReadAction\",\"target\":[\"https:\/\/www.arboplus.ca\/blog\/essences-arbres\/le-bouleau-gris-betula-populifolia.html\"]}]},{\"@type\":\"ImageObject\",\"inLanguage\":\"fr-CA\",\"@id\":\"https:\/\/www.arboplus.ca\/blog\/essences-arbres\/le-bouleau-gris-betula-populifolia.html#primaryimage\",\"url\":\"https:\/\/www.arboplus.ca\/blog\/wp-content\/uploads\/2021\/12\/bouleau-gris-betula-populifolia-grey-birch.jpg\",\"contentUrl\":\"https:\/\/www.arboplus.ca\/blog\/wp-content\/uploads\/2021\/12\/bouleau-gris-betula-populifolia-grey-birch.jpg\",\"width\":1920,\"height\":1080,\"caption\":\"Bouleau gris - Betula populifolia - Grey birch\"},{\"@type\":\"BreadcrumbList\",\"@id\":\"https:\/\/www.arboplus.ca\/blog\/essences-arbres\/le-bouleau-gris-betula-populifolia.html#breadcrumb\",\"itemListElement\":[{\"@type\":\"ListItem\",\"position\":1,\"name\":\"Accueil\",\"item\":\"https:\/\/www.arboplus.ca\/blog\/\"},{\"@type\":\"ListItem\",\"position\":2,\"name\":\"Le bouleau gris\"}]},{\"@type\":\"WebSite\",\"@id\":\"https:\/\/www.arboplus.ca\/blog\/#website\",\"url\":\"https:\/\/www.arboplus.ca\/blog\/\",\"name\":\"Arboplus\",\"description\":\"Magazine arboricole\",\"potentialAction\":[{\"@type\":\"SearchAction\",\"target\":{\"@type\":\"EntryPoint\",\"urlTemplate\":\"https:\/\/www.arboplus.ca\/blog\/?s={search_term_string}\"},\"query-input\":{\"@type\":\"PropertyValueSpecification\",\"valueRequired\":true,\"valueName\":\"search_term_string\"}}],\"inLanguage\":\"fr-CA\"},{\"@type\":\"Person\",\"@id\":\"https:\/\/www.arboplus.ca\/blog\/#\/schema\/person\/c4e4c82ad12349aafba47d44193f5540\",\"name\":\"Dominic Perugino\",\"image\":{\"@type\":\"ImageObject\",\"inLanguage\":\"fr-CA\",\"@id\":\"https:\/\/www.arboplus.ca\/blog\/#\/schema\/person\/image\/\",\"url\":\"https:\/\/secure.gravatar.com\/avatar\/0027ec1e3f6852cb4655750d4303f090?s=96&d=mm&r=g\",\"contentUrl\":\"https:\/\/secure.gravatar.com\/avatar\/0027ec1e3f6852cb4655750d4303f090?s=96&d=mm&r=g\",\"caption\":\"Dominic Perugino\"},\"url\":\"https:\/\/www.arboplus.ca\/blog\/author\/dominic-perugino\"}]}<\/script>\n<!-- \/ Yoast SEO plugin. -->","yoast_head_json":{"title":"Le bouleau gris - Betula populifolia - Arboplus","description":"Le bouleau gris, aussi appel\u00e9 bouleau \u00e0 feuille de peuplier ou encore bouleau rouge, appartient \u00e0 la famille des b\u00e9tulac\u00e9es.","robots":{"index":"index","follow":"follow","max-snippet":"max-snippet:-1","max-image-preview":"max-image-preview:large","max-video-preview":"max-video-preview:-1"},"canonical":"https:\/\/www.arboplus.ca\/blog\/essences-arbres\/le-bouleau-gris-betula-populifolia.html","og_locale":"fr_CA","og_type":"article","og_title":"Le bouleau gris - Betula populifolia - Arboplus","og_description":"Le bouleau gris, aussi appel\u00e9 bouleau \u00e0 feuille de peuplier ou encore bouleau rouge, appartient \u00e0 la famille des b\u00e9tulac\u00e9es.","og_url":"https:\/\/www.arboplus.ca\/blog\/essences-arbres\/le-bouleau-gris-betula-populifolia.html","og_site_name":"Arboplus","article_published_time":"2022-04-12T12:30:38+00:00","og_image":[{"width":1920,"height":1080,"url":"https:\/\/www.arboplus.ca\/blog\/wp-content\/uploads\/2021\/12\/bouleau-gris-betula-populifolia-grey-birch.jpg","type":"image\/jpeg"}],"author":"Dominic Perugino","twitter_misc":{"\u00c9crit par":"Dominic Perugino","Estimation du temps de lecture":"4 minutes"},"schema":{"@context":"https:\/\/schema.org","@graph":[{"@type":"WebPage","@id":"https:\/\/www.arboplus.ca\/blog\/essences-arbres\/le-bouleau-gris-betula-populifolia.html","url":"https:\/\/www.arboplus.ca\/blog\/essences-arbres\/le-bouleau-gris-betula-populifolia.html","name":"Le bouleau gris - Betula populifolia - Arboplus","isPartOf":{"@id":"https:\/\/www.arboplus.ca\/blog\/#website"},"primaryImageOfPage":{"@id":"https:\/\/www.arboplus.ca\/blog\/essences-arbres\/le-bouleau-gris-betula-populifolia.html#primaryimage"},"image":{"@id":"https:\/\/www.arboplus.ca\/blog\/essences-arbres\/le-bouleau-gris-betula-populifolia.html#primaryimage"},"thumbnailUrl":"https:\/\/www.arboplus.ca\/blog\/wp-content\/uploads\/2021\/12\/bouleau-gris-betula-populifolia-grey-birch.jpg","datePublished":"2022-04-12T12:30:38+00:00","author":{"@id":"https:\/\/www.arboplus.ca\/blog\/#\/schema\/person\/c4e4c82ad12349aafba47d44193f5540"},"description":"Le bouleau gris, aussi appel\u00e9 bouleau \u00e0 feuille de peuplier ou encore bouleau rouge, appartient \u00e0 la famille des b\u00e9tulac\u00e9es.","breadcrumb":{"@id":"https:\/\/www.arboplus.ca\/blog\/essences-arbres\/le-bouleau-gris-betula-populifolia.html#breadcrumb"},"inLanguage":"fr-CA","potentialAction":[{"@type":"ReadAction","target":["https:\/\/www.arboplus.ca\/blog\/essences-arbres\/le-bouleau-gris-betula-populifolia.html"]}]},{"@type":"ImageObject","inLanguage":"fr-CA","@id":"https:\/\/www.arboplus.ca\/blog\/essences-arbres\/le-bouleau-gris-betula-populifolia.html#primaryimage","url":"https:\/\/www.arboplus.ca\/blog\/wp-content\/uploads\/2021\/12\/bouleau-gris-betula-populifolia-grey-birch.jpg","contentUrl":"https:\/\/www.arboplus.ca\/blog\/wp-content\/uploads\/2021\/12\/bouleau-gris-betula-populifolia-grey-birch.jpg","width":1920,"height":1080,"caption":"Bouleau gris - Betula populifolia - Grey birch"},{"@type":"BreadcrumbList","@id":"https:\/\/www.arboplus.ca\/blog\/essences-arbres\/le-bouleau-gris-betula-populifolia.html#breadcrumb","itemListElement":[{"@type":"ListItem","position":1,"name":"Accueil","item":"https:\/\/www.arboplus.ca\/blog\/"},{"@type":"ListItem","position":2,"name":"Le bouleau gris"}]},{"@type":"WebSite","@id":"https:\/\/www.arboplus.ca\/blog\/#website","url":"https:\/\/www.arboplus.ca\/blog\/","name":"Arboplus","description":"Magazine arboricole","potentialAction":[{"@type":"SearchAction","target":{"@type":"EntryPoint","urlTemplate":"https:\/\/www.arboplus.ca\/blog\/?s={search_term_string}"},"query-input":{"@type":"PropertyValueSpecification","valueRequired":true,"valueName":"search_term_string"}}],"inLanguage":"fr-CA"},{"@type":"Person","@id":"https:\/\/www.arboplus.ca\/blog\/#\/schema\/person\/c4e4c82ad12349aafba47d44193f5540","name":"Dominic Perugino","image":{"@type":"ImageObject","inLanguage":"fr-CA","@id":"https:\/\/www.arboplus.ca\/blog\/#\/schema\/person\/image\/","url":"https:\/\/secure.gravatar.com\/avatar\/0027ec1e3f6852cb4655750d4303f090?s=96&d=mm&r=g","contentUrl":"https:\/\/secure.gravatar.com\/avatar\/0027ec1e3f6852cb4655750d4303f090?s=96&d=mm&r=g","caption":"Dominic Perugino"},"url":"https:\/\/www.arboplus.ca\/blog\/author\/dominic-perugino"}]}},"_links":{"self":[{"href":"https:\/\/www.arboplus.ca\/blog\/wp-json\/wp\/v2\/posts\/5695","targetHints":{"allow":["GET"]}}],"collection":[{"href":"https:\/\/www.arboplus.ca\/blog\/wp-json\/wp\/v2\/posts"}],"about":[{"href":"https:\/\/www.arboplus.ca\/blog\/wp-json\/wp\/v2\/types\/post"}],"author":[{"embeddable":true,"href":"https:\/\/www.arboplus.ca\/blog\/wp-json\/wp\/v2\/users\/2"}],"replies":[{"embeddable":true,"href":"https:\/\/www.arboplus.ca\/blog\/wp-json\/wp\/v2\/comments?post=5695"}],"version-history":[{"count":6,"href":"https:\/\/www.arboplus.ca\/blog\/wp-json\/wp\/v2\/posts\/5695\/revisions"}],"predecessor-version":[{"id":5705,"href":"https:\/\/www.arboplus.ca\/blog\/wp-json\/wp\/v2\/posts\/5695\/revisions\/5705"}],"wp:featuredmedia":[{"embeddable":true,"href":"https:\/\/www.arboplus.ca\/blog\/wp-json\/wp\/v2\/media\/5702"}],"wp:attachment":[{"href":"https:\/\/www.arboplus.ca\/blog\/wp-json\/wp\/v2\/media?parent=5695"}],"wp:term":[{"taxonomy":"category","embeddable":true,"href":"https:\/\/www.arboplus.ca\/blog\/wp-json\/wp\/v2\/categories?post=5695"},{"taxonomy":"post_tag","embeddable":true,"href":"https:\/\/www.arboplus.ca\/blog\/wp-json\/wp\/v2\/tags?post=5695"}],"curies":[{"name":"wp","href":"https:\/\/api.w.org\/{rel}","templated":true}]}}