{"id":5643,"date":"2022-03-15T08:30:20","date_gmt":"2022-03-15T12:30:20","guid":{"rendered":"https:\/\/www.arboplus.ca\/blog\/?p=5643"},"modified":"2022-04-02T13:54:12","modified_gmt":"2022-04-02T17:54:12","slug":"lorme-damerique-ulmus-americana","status":"publish","type":"post","link":"https:\/\/www.arboplus.ca\/blog\/essences-arbres\/lorme-damerique-ulmus-americana.html","title":{"rendered":"L&rsquo;orme d\u2019Am\u00e9rique"},"content":{"rendered":"<h2>Ulmus americana<\/h2>\n<p>Rustique et <a href=\"https:\/\/www.arboplus.ca\/blog\/essences-arbres\/arbres-indigenes.html\">indig\u00e8ne du Qu\u00e9bec<\/a>, l\u2019orme d\u2019Am\u00e9rique \u00e9tait autrefois omnipr\u00e9sent dans nos rues et dans nos parcs. \u00c9tant l\u2019arbre le plus majestueux de son esp\u00e8ce, sa r\u00e9sistance aux conditions urbaines et la duret\u00e9 de son bois en avaient fait un arbre de choix pour orner nos grandes villes. Avec la <a href=\"https:\/\/www.arboplus.ca\/blog\/arboriculture\/maladie-hollandaise-de-lorme.html\">maladie hollandaise de l\u2019orme<\/a>, cependant, l\u2019arbre a presque disparu de notre paysage qu\u00e9b\u00e9cois. L\u2019espoir n\u2019est toutefois pas \u00e9teint, la ville de Qu\u00e9bec a r\u00e9ussi, elle, \u00e0 mettre sur place un plan d\u2019interventions r\u00e9guli\u00e8res et macroscopiques qui pr\u00e9vient et intervient pour maintenir son patrimoine naturel. De plus, les arbres qui ont naturellement surv\u00e9cu montrent une r\u00e9silience accrue contre la maladie, en plus de la d\u00e9couverte de certains cultivars prometteurs pour leur r\u00e9sistance. M\u00e8re nature n\u2019a pas encore dit son dernier mot !<\/p>\n<h2>Un majestueux parasol<\/h2>\n<p>L\u2019orme d\u2019Am\u00e9rique peut atteindre entre 25 et 35 m\u00e8tres de hauteur, ce qui en fait l\u2019un des plus grands arbres du Qu\u00e9bec. Sa largeur peut atteindre pr\u00e8s de 20 m\u00e8tres. Il s\u2019agit d\u2019un arbre \u00e0 croissance rapide, dont la cime prend une forme large et plate en hauteur. En effet, une fois mature, il est facile de le reconna\u00eetre au loin, car on dirait un \u00e9norme parasol. C\u2019est par ailleurs un de ses attributs de choix, car, hormis l\u2019aspect esth\u00e9tique de cette forme, l\u2019arbre donne une ombre bien d\u00e9sir\u00e9e en r\u00e9gion urbaine, tout en laissant avec aisance le passage en dessous.<\/p>\n<div style=\"text-align: center;\"><a class=\"button green medium\" href=\"http:\/\/www.arboplus.ca\/fr\/estimation-gratuite.html\" target=\"_self\" rel=\"noopener\">Demander l&rsquo;\u00e9valuation de mon orme par un arboriculteur <i class=\"fa-chevron-circle-right\"><\/i><\/a><\/div>\n<div id=\"attachment_5650\" style=\"width: 650px\" class=\"wp-caption alignnone\"><img fetchpriority=\"high\" decoding=\"async\" aria-describedby=\"caption-attachment-5650\" class=\"size-full wp-image-5650\" src=\"http:\/\/www.arboplus.ca\/blog\/wp-content\/uploads\/2021\/11\/futs-secondaires-en-forme-de-parasol-de-lorme-damerique.jpg\" alt=\"L'orme d'Am\u00e9rique mature forme un parasol\" width=\"640\" height=\"480\" \/><p id=\"caption-attachment-5650\" class=\"wp-caption-text\">L&rsquo;orme d&rsquo;Am\u00e9rique mature forme un parasol<\/p><\/div>\n<p>Le tronc est droit, mais rapidement interrompu par une s\u00e9paration en deux \u00e0 trois f\u00fbts secondaires. Ce sont ceux-ci qui s\u2019\u00e9carteront jusqu\u2019au houppier pour donner la fameuse forme de parasol. Son \u00e9corce est grise, fissur\u00e9e et marqu\u00e9e de larges plaques.<\/p>\n<p><a href=\"https:\/\/www.arboplus.ca\/blog\/arboriculture\/comment-identifier-un-arbre-avec-ses-feuilles.html\">Les feuilles<\/a> de l\u2019orme d\u2019Am\u00e9rique se distinguent ais\u00e9ment de celles de son cousin de Sib\u00e9rie. Elles sont larges (10 \u00e0 15 centim\u00e8tres de longueur), ovales, asym\u00e9triques et dent\u00e9es, alors que celles de l\u2019orme de Sib\u00e9rie, plus pr\u00e9sent puisque non vuln\u00e9rable \u00e0 la maladie hollandaise, sont beaucoup plus petites (2 \u00e0 7 centim\u00e8tres de longueur). Son feuillage est dense, ce qui contribue \u00e0 procurer de l\u2019ombre. En \u00e9t\u00e9, celui-ci est vert fonc\u00e9, en automne, il devient jaune.<\/p>\n<div id=\"attachment_5651\" style=\"width: 650px\" class=\"wp-caption alignnone\"><img decoding=\"async\" aria-describedby=\"caption-attachment-5651\" class=\"size-full wp-image-5651\" src=\"http:\/\/www.arboplus.ca\/blog\/wp-content\/uploads\/2021\/11\/feuillage-dense-du-ulmus-americana.jpg\" alt=\"Ulmus americana - Feuillage dense\" width=\"640\" height=\"480\" \/><p id=\"caption-attachment-5651\" class=\"wp-caption-text\">Ulmus americana &#8211; Feuillage dense<\/p><\/div>\n<h2>Les fruits et la faune<\/h2>\n<p>Les fleurs sont sans int\u00e9r\u00eat esth\u00e9tique. Les samares sont de petits disques d\u2019\u00e0 peine un centim\u00e8tre de longueur. \u00c0 maturit\u00e9, avec de la distance, on n\u2019arrive pas m\u00eame \u00e0 les apercevoir. Sa consommation animale n\u2019est que peu reconnue, mais il y existe d\u2019anciennes pratiques m\u00e9dicinales \u00e0 partir des feuilles et des samares&#8230;<\/p>\n<h2>Conditions optimales<\/h2>\n<p>L\u2019orme am\u00e9ricain, aussi appel\u00e9 orme blanc, pr\u00e9f\u00e8re le plein soleil pour se d\u00e9velopper, mais il peut tol\u00e9rer un peu d\u2019ombre. <a href=\"https:\/\/www.arboplus.ca\/blog\/developpement-durable\/le-sol-une-vie-en-soi.html\">Le sol<\/a> devrait \u00eatre d\u2019un taux d&rsquo;humidit\u00e9 de moyen \u00e0 \u00e9lev\u00e9. Avec son <a href=\"https:\/\/www.arboplus.ca\/blog\/developpement-durable\/problemes-lies-aux-racines-dun-arbre.html\">enracinement superficiel et envahissant<\/a>, la <a href=\"https:\/\/www.arboplus.ca\/blog\/arboriculture\/comment-planter-un-arbre.html\">plantation<\/a> est facile. Il tol\u00e8re bien le compactage et le sel de d\u00e9gla\u00e7age.<\/p>\n<h2>\u00c9lagage et entretien<\/h2>\n<p>La <a href=\"https:\/\/www.arboplus.ca\/blog\/arboriculture\/taille-dun-jeune-arbre.html\">taille de formation<\/a> est toujours de mise, mais une mention particuli\u00e8re est n\u00e9cessaire pour cette esp\u00e8ce : la division en f\u00fbts secondaires peut certes donner un aspect majestueux, mais il faut aussi pr\u00e9voir l\u2019espace. Si l\u2019on ne veut pas que la cime atteint 20 m\u00e8tres de largeur \u00e0 hauteur d\u2019homme, mieux vaut tailler l\u2019arbre en jeunesse pour privil\u00e9gier un seul tronc. De croissance rapide, l\u2019arbre sera capable de s\u2019adapter \u00e0 des <a href=\"https:\/\/www.arboplus.ca\/blog\/arboriculture\/quand-elaguer-un-arbre.html\">\u00e9lagages r\u00e9guliers<\/a>. Du reste, on demande \u00e0 un expert d\u2019harmoniser l\u2019arbre avec les structures et on respecte <a href=\"https:\/\/www.arboplus.ca\/blog\/arboriculture\/larboriculture-et-les-regles-de-lart.html\">les r\u00e8gles de l\u2019art<\/a>. Une inspection r\u00e9guli\u00e8re contre la maladie hollandaise sera \u00e9galement n\u00e9cessaire pour pr\u00e9venir la perte rapide de cet arbre.<\/p>\n<div style=\"text-align: center;\"><a class=\"button green medium\" href=\"http:\/\/www.arboplus.ca\/fr\/estimation-gratuite.html\" target=\"_self\" rel=\"noopener\">Planifier un rendez-vous avec un arboriste-expert <i class=\"fa-chevron-circle-right\"><\/i><\/a><\/div>\n<h2>Maladies<\/h2>\n<p>La maladie hollandaise de l\u2019orme continue de s\u00e9vir. Il s\u2019agit d\u2019une combinaison entre <a href=\"https:\/\/www.arboplus.ca\/blog\/developpement-durable\/lutte-biologique-contre-les-insectes.html\">un insecte<\/a> et un champignon, ce qui rend la lutte particuli\u00e8rement difficile. En un rien de temps, les arbres d\u00e9p\u00e9rissent sous nos yeux, ce qui est particuli\u00e8rement triste dans le cas de for\u00eats enti\u00e8res. L\u2019<a href=\"https:\/\/www.arboplus.ca\/blog\/developpement-durable\/elagage-des-arbres-les-bonnes-et-les-mauvaises-pratiques.html\">\u00e9lagage<\/a> des branches infect\u00e9es, de m\u00eame qu\u2019une injection r\u00e9guli\u00e8re, sont n\u00e9cessaires pour maintenir ces arbres en vie, et ce, dans un effort concert\u00e9 sur un territoire \u00e9largi. Autrement, l\u2019interaction entre le champignon et l\u2019insecte rend les efforts vains pour ceux qui combattent de mani\u00e8re solitaire.<\/p>\n<div id=\"attachment_5652\" style=\"width: 650px\" class=\"wp-caption alignnone\"><img decoding=\"async\" aria-describedby=\"caption-attachment-5652\" class=\"size-full wp-image-5652\" src=\"http:\/\/www.arboplus.ca\/blog\/wp-content\/uploads\/2021\/11\/maladie-hollandaise-de-lorme-dutch-elm-disease.jpg\" alt=\"Maladie hollandaise de l'orme - Dutch elm disease\" width=\"640\" height=\"480\" \/><p id=\"caption-attachment-5652\" class=\"wp-caption-text\">Maladie hollandaise de l&rsquo;orme &#8211; Dutch elm disease<\/p><\/div>\n<h2>Bibliographie<\/h2>\n<ul>\n<li>Bertrand, Dumont. Guide des arbres, arbustes et conif\u00e8res pour le Qu\u00e9bec. Broquet, 2005.<\/li>\n<li>Farrar, John Laird. Les arbres du Canada. Les Editions Fides, 1996.<\/li>\n<li>(forester.), Michael D. Williams. Guide D\u2019identification des Arbres du Qu\u00e9bec et de L\u2019est de L\u2019Am\u00e9rique du Nord. Broquet, Incorporated, 2008.<\/li>\n<li>Hodgson, Larry. Arbres. Saint-Constant, Qc: Broquet, 2012.<\/li>\n<li>Langlais, Guy. La taille des arbres ornementaux. Saint-Constant, Qc: Broquet, 2002.<\/li>\n<li>Marie-Fleurette, Beaudoin, Gaudet Martin, Rocray Pierre-\u00c9mile, et Michel Labrecque. Les arbres de Montr\u00e9al. Fides, 1997.<\/li>\n<li>Pellerin, Gervais, et Hydro-Qu\u00e9bec. R\u00e9pertoire des Arbres et Arbustes Ornementaux: 1760 Esp\u00e8ces et Vari\u00e9t\u00e9s de V\u00e9g\u00e9taux du Qu\u00e9bec. Gouvernement du Quebec, publications vendues, 2010.<\/li>\n<\/ul>\n<p>&nbsp;<\/p>\n","protected":false},"excerpt":{"rendered":"<p>Rustique et indig\u00e8ne du Qu\u00e9bec, l\u2019orme d\u2019Am\u00e9rique \u00e9tait autrefois omnipr\u00e9sent dans nos rues et dans nos parcs. \u00c9tant l\u2019arbre le plus majestueux de son esp\u00e8ce, sa r\u00e9sistance aux conditions urbaines et la duret\u00e9 de son bois en avaient fait un arbre de choix pour orner nos grandes villes.<\/p>\n","protected":false},"author":2,"featured_media":5649,"comment_status":"open","ping_status":"open","sticky":false,"template":"","format":"standard","meta":{"footnotes":""},"categories":[12],"tags":[4135,50,4055,3863,3063,4126,244,674,4144,3522,3534,4132,4122,4137,4119,305,4147,4140,2654,1380,239,4133,229,4146,1211,3421,4054,4141,95,398,4143,4117,4128,2896,4056,4057,4145,2830,4142,4127,340,3511,4149,622,1226,4121,4131,1004,4123,4124,68,2834,4118,4116,1775,502,4134,291,4138,4136,455,4115,4120,4139,4129,4148,4130,4125,1307],"class_list":["post-5643","post","type-post","status-publish","format-standard","has-post-thumbnail","hentry","category-essences-arbres","tag-anciennes-pratiques-medicinales","tag-arbre","tag-arbustes-et-coniferes-pour-le-quebec","tag-aspect-esthetique","tag-aspect-majestueux","tag-certains-cultivars-prometteurs","tag-champignon","tag-cime","tag-combinaison-entre-un-insecte-et-un-champignon","tag-compactage","tag-croissance-rapide","tag-deux-a-trois-futs-secondaires","tag-disparu-de-notre-paysage","tag-division-en-futs-secondaires","tag-durete-de-son-bois","tag-ecorce","tag-elagage-des-branches-infectees","tag-elagages-reguliers","tag-enracinement-superficiel","tag-especes-et-varietes-de-vegetaux-du-quebec","tag-feuillage","tag-feuilles-de-lorme","tag-fleurs","tag-forets-entieres","tag-forme-de-parasol","tag-guide-didentification-des-arbres-du-quebec","tag-guide-des-arbres","tag-harmoniser-larbre-avec-les-structures","tag-hydro-quebec","tag-insecte","tag-inspection-reguliere","tag-larbre-le-plus-majestueux-de-son-espece","tag-lun-des-plus-grands-arbres-du-quebec","tag-la-cime","tag-la-taille-des-arbres-ornementaux","tag-les-arbres-de-montreal","tag-les-arbres-deperissent","tag-les-arbres-du-canada","tag-les-regles-de-lart","tag-majestueux-parasol","tag-maladie-hollandaise-de-lorme","tag-orme-americain","tag-orme-blanc","tag-orme-damerique","tag-orme-de-siberie","tag-orner-nos-grandes-villes","tag-passage-en-dessous","tag-patrimoine-naturel","tag-paysage-quebecois","tag-plan-dinterventions-regulieres-et-macroscopiques","tag-plantation","tag-repertoire-des-arbres-et-arbustes-ornementaux","tag-resistance-aux-conditions-urbaines","tag-rustique-et-indigene-du-quebec","tag-samares","tag-sel-de-deglacage","tag-siberie","tag-taille-de-formation","tag-tailler-larbre-en-jeunesse","tag-taux-dhumidite-de-moyen-a-eleve","tag-tronc","tag-ulmus-americana","tag-un-arbre-de-choix","tag-un-seul-tronc","tag-une-forme-large-et-plate","tag-une-injection-reguliere","tag-une-ombre-bien-desiree-en-region-urbaine","tag-une-resilience-accrue-contre-la-maladie","tag-ville-de-quebec"],"yoast_head":"<!-- This site is optimized with the Yoast SEO plugin v24.7 - https:\/\/yoast.com\/wordpress\/plugins\/seo\/ -->\n<title>L&#039;orme d&#039;Am\u00e9rique - Ulmus americana - Arboplus<\/title>\n<meta name=\"description\" content=\"Rustique et indig\u00e8ne du Qu\u00e9bec, l\u2019orme d\u2019Am\u00e9rique \u00e9tait autrefois omnipr\u00e9sent dans nos rues et dans nos parcs.\" \/>\n<meta name=\"robots\" content=\"index, follow, max-snippet:-1, max-image-preview:large, max-video-preview:-1\" \/>\n<link rel=\"canonical\" href=\"https:\/\/www.arboplus.ca\/blog\/essences-arbres\/lorme-damerique-ulmus-americana.html\" \/>\n<meta property=\"og:locale\" content=\"fr_CA\" \/>\n<meta property=\"og:type\" content=\"article\" \/>\n<meta property=\"og:title\" content=\"L&#039;orme d&#039;Am\u00e9rique - Ulmus americana - Arboplus\" \/>\n<meta property=\"og:description\" content=\"Rustique et indig\u00e8ne du Qu\u00e9bec, l\u2019orme d\u2019Am\u00e9rique \u00e9tait autrefois omnipr\u00e9sent dans nos rues et dans nos parcs.\" \/>\n<meta property=\"og:url\" content=\"https:\/\/www.arboplus.ca\/blog\/essences-arbres\/lorme-damerique-ulmus-americana.html\" \/>\n<meta property=\"og:site_name\" content=\"Arboplus\" \/>\n<meta property=\"article:published_time\" content=\"2022-03-15T12:30:20+00:00\" \/>\n<meta property=\"article:modified_time\" content=\"2022-04-02T17:54:12+00:00\" \/>\n<meta property=\"og:image\" content=\"https:\/\/www.arboplus.ca\/blog\/wp-content\/uploads\/2021\/11\/ormes-blanc-damerique-dans-un-parc-canadien.jpg\" \/>\n\t<meta property=\"og:image:width\" content=\"1920\" \/>\n\t<meta property=\"og:image:height\" content=\"1080\" \/>\n\t<meta property=\"og:image:type\" content=\"image\/jpeg\" \/>\n<meta name=\"author\" content=\"Dominic Perugino\" \/>\n<meta name=\"twitter:label1\" content=\"\u00c9crit par\" \/>\n\t<meta name=\"twitter:data1\" content=\"Dominic Perugino\" \/>\n\t<meta name=\"twitter:label2\" content=\"Estimation du temps de lecture\" \/>\n\t<meta name=\"twitter:data2\" content=\"5 minutes\" \/>\n<script type=\"application\/ld+json\" class=\"yoast-schema-graph\">{\"@context\":\"https:\/\/schema.org\",\"@graph\":[{\"@type\":\"WebPage\",\"@id\":\"https:\/\/www.arboplus.ca\/blog\/essences-arbres\/lorme-damerique-ulmus-americana.html\",\"url\":\"https:\/\/www.arboplus.ca\/blog\/essences-arbres\/lorme-damerique-ulmus-americana.html\",\"name\":\"L'orme d'Am\u00e9rique - Ulmus americana - Arboplus\",\"isPartOf\":{\"@id\":\"https:\/\/www.arboplus.ca\/blog\/#website\"},\"primaryImageOfPage\":{\"@id\":\"https:\/\/www.arboplus.ca\/blog\/essences-arbres\/lorme-damerique-ulmus-americana.html#primaryimage\"},\"image\":{\"@id\":\"https:\/\/www.arboplus.ca\/blog\/essences-arbres\/lorme-damerique-ulmus-americana.html#primaryimage\"},\"thumbnailUrl\":\"https:\/\/www.arboplus.ca\/blog\/wp-content\/uploads\/2021\/11\/ormes-blanc-damerique-dans-un-parc-canadien.jpg\",\"datePublished\":\"2022-03-15T12:30:20+00:00\",\"dateModified\":\"2022-04-02T17:54:12+00:00\",\"author\":{\"@id\":\"https:\/\/www.arboplus.ca\/blog\/#\/schema\/person\/c4e4c82ad12349aafba47d44193f5540\"},\"description\":\"Rustique et indig\u00e8ne du Qu\u00e9bec, l\u2019orme d\u2019Am\u00e9rique \u00e9tait autrefois omnipr\u00e9sent dans nos rues et dans nos parcs.\",\"breadcrumb\":{\"@id\":\"https:\/\/www.arboplus.ca\/blog\/essences-arbres\/lorme-damerique-ulmus-americana.html#breadcrumb\"},\"inLanguage\":\"fr-CA\",\"potentialAction\":[{\"@type\":\"ReadAction\",\"target\":[\"https:\/\/www.arboplus.ca\/blog\/essences-arbres\/lorme-damerique-ulmus-americana.html\"]}]},{\"@type\":\"ImageObject\",\"inLanguage\":\"fr-CA\",\"@id\":\"https:\/\/www.arboplus.ca\/blog\/essences-arbres\/lorme-damerique-ulmus-americana.html#primaryimage\",\"url\":\"https:\/\/www.arboplus.ca\/blog\/wp-content\/uploads\/2021\/11\/ormes-blanc-damerique-dans-un-parc-canadien.jpg\",\"contentUrl\":\"https:\/\/www.arboplus.ca\/blog\/wp-content\/uploads\/2021\/11\/ormes-blanc-damerique-dans-un-parc-canadien.jpg\",\"width\":1920,\"height\":1080,\"caption\":\"Ormes blanc dans un parc canadien\"},{\"@type\":\"BreadcrumbList\",\"@id\":\"https:\/\/www.arboplus.ca\/blog\/essences-arbres\/lorme-damerique-ulmus-americana.html#breadcrumb\",\"itemListElement\":[{\"@type\":\"ListItem\",\"position\":1,\"name\":\"Accueil\",\"item\":\"https:\/\/www.arboplus.ca\/blog\/\"},{\"@type\":\"ListItem\",\"position\":2,\"name\":\"L&rsquo;orme d\u2019Am\u00e9rique\"}]},{\"@type\":\"WebSite\",\"@id\":\"https:\/\/www.arboplus.ca\/blog\/#website\",\"url\":\"https:\/\/www.arboplus.ca\/blog\/\",\"name\":\"Arboplus\",\"description\":\"Magazine arboricole\",\"potentialAction\":[{\"@type\":\"SearchAction\",\"target\":{\"@type\":\"EntryPoint\",\"urlTemplate\":\"https:\/\/www.arboplus.ca\/blog\/?s={search_term_string}\"},\"query-input\":{\"@type\":\"PropertyValueSpecification\",\"valueRequired\":true,\"valueName\":\"search_term_string\"}}],\"inLanguage\":\"fr-CA\"},{\"@type\":\"Person\",\"@id\":\"https:\/\/www.arboplus.ca\/blog\/#\/schema\/person\/c4e4c82ad12349aafba47d44193f5540\",\"name\":\"Dominic Perugino\",\"image\":{\"@type\":\"ImageObject\",\"inLanguage\":\"fr-CA\",\"@id\":\"https:\/\/www.arboplus.ca\/blog\/#\/schema\/person\/image\/\",\"url\":\"https:\/\/secure.gravatar.com\/avatar\/0027ec1e3f6852cb4655750d4303f090?s=96&d=mm&r=g\",\"contentUrl\":\"https:\/\/secure.gravatar.com\/avatar\/0027ec1e3f6852cb4655750d4303f090?s=96&d=mm&r=g\",\"caption\":\"Dominic Perugino\"},\"url\":\"https:\/\/www.arboplus.ca\/blog\/author\/dominic-perugino\"}]}<\/script>\n<!-- \/ Yoast SEO plugin. -->","yoast_head_json":{"title":"L'orme d'Am\u00e9rique - Ulmus americana - Arboplus","description":"Rustique et indig\u00e8ne du Qu\u00e9bec, l\u2019orme d\u2019Am\u00e9rique \u00e9tait autrefois omnipr\u00e9sent dans nos rues et dans nos parcs.","robots":{"index":"index","follow":"follow","max-snippet":"max-snippet:-1","max-image-preview":"max-image-preview:large","max-video-preview":"max-video-preview:-1"},"canonical":"https:\/\/www.arboplus.ca\/blog\/essences-arbres\/lorme-damerique-ulmus-americana.html","og_locale":"fr_CA","og_type":"article","og_title":"L'orme d'Am\u00e9rique - Ulmus americana - Arboplus","og_description":"Rustique et indig\u00e8ne du Qu\u00e9bec, l\u2019orme d\u2019Am\u00e9rique \u00e9tait autrefois omnipr\u00e9sent dans nos rues et dans nos parcs.","og_url":"https:\/\/www.arboplus.ca\/blog\/essences-arbres\/lorme-damerique-ulmus-americana.html","og_site_name":"Arboplus","article_published_time":"2022-03-15T12:30:20+00:00","article_modified_time":"2022-04-02T17:54:12+00:00","og_image":[{"width":1920,"height":1080,"url":"https:\/\/www.arboplus.ca\/blog\/wp-content\/uploads\/2021\/11\/ormes-blanc-damerique-dans-un-parc-canadien.jpg","type":"image\/jpeg"}],"author":"Dominic Perugino","twitter_misc":{"\u00c9crit par":"Dominic Perugino","Estimation du temps de lecture":"5 minutes"},"schema":{"@context":"https:\/\/schema.org","@graph":[{"@type":"WebPage","@id":"https:\/\/www.arboplus.ca\/blog\/essences-arbres\/lorme-damerique-ulmus-americana.html","url":"https:\/\/www.arboplus.ca\/blog\/essences-arbres\/lorme-damerique-ulmus-americana.html","name":"L'orme d'Am\u00e9rique - Ulmus americana - Arboplus","isPartOf":{"@id":"https:\/\/www.arboplus.ca\/blog\/#website"},"primaryImageOfPage":{"@id":"https:\/\/www.arboplus.ca\/blog\/essences-arbres\/lorme-damerique-ulmus-americana.html#primaryimage"},"image":{"@id":"https:\/\/www.arboplus.ca\/blog\/essences-arbres\/lorme-damerique-ulmus-americana.html#primaryimage"},"thumbnailUrl":"https:\/\/www.arboplus.ca\/blog\/wp-content\/uploads\/2021\/11\/ormes-blanc-damerique-dans-un-parc-canadien.jpg","datePublished":"2022-03-15T12:30:20+00:00","dateModified":"2022-04-02T17:54:12+00:00","author":{"@id":"https:\/\/www.arboplus.ca\/blog\/#\/schema\/person\/c4e4c82ad12349aafba47d44193f5540"},"description":"Rustique et indig\u00e8ne du Qu\u00e9bec, l\u2019orme d\u2019Am\u00e9rique \u00e9tait autrefois omnipr\u00e9sent dans nos rues et dans nos parcs.","breadcrumb":{"@id":"https:\/\/www.arboplus.ca\/blog\/essences-arbres\/lorme-damerique-ulmus-americana.html#breadcrumb"},"inLanguage":"fr-CA","potentialAction":[{"@type":"ReadAction","target":["https:\/\/www.arboplus.ca\/blog\/essences-arbres\/lorme-damerique-ulmus-americana.html"]}]},{"@type":"ImageObject","inLanguage":"fr-CA","@id":"https:\/\/www.arboplus.ca\/blog\/essences-arbres\/lorme-damerique-ulmus-americana.html#primaryimage","url":"https:\/\/www.arboplus.ca\/blog\/wp-content\/uploads\/2021\/11\/ormes-blanc-damerique-dans-un-parc-canadien.jpg","contentUrl":"https:\/\/www.arboplus.ca\/blog\/wp-content\/uploads\/2021\/11\/ormes-blanc-damerique-dans-un-parc-canadien.jpg","width":1920,"height":1080,"caption":"Ormes blanc dans un parc canadien"},{"@type":"BreadcrumbList","@id":"https:\/\/www.arboplus.ca\/blog\/essences-arbres\/lorme-damerique-ulmus-americana.html#breadcrumb","itemListElement":[{"@type":"ListItem","position":1,"name":"Accueil","item":"https:\/\/www.arboplus.ca\/blog\/"},{"@type":"ListItem","position":2,"name":"L&rsquo;orme d\u2019Am\u00e9rique"}]},{"@type":"WebSite","@id":"https:\/\/www.arboplus.ca\/blog\/#website","url":"https:\/\/www.arboplus.ca\/blog\/","name":"Arboplus","description":"Magazine arboricole","potentialAction":[{"@type":"SearchAction","target":{"@type":"EntryPoint","urlTemplate":"https:\/\/www.arboplus.ca\/blog\/?s={search_term_string}"},"query-input":{"@type":"PropertyValueSpecification","valueRequired":true,"valueName":"search_term_string"}}],"inLanguage":"fr-CA"},{"@type":"Person","@id":"https:\/\/www.arboplus.ca\/blog\/#\/schema\/person\/c4e4c82ad12349aafba47d44193f5540","name":"Dominic Perugino","image":{"@type":"ImageObject","inLanguage":"fr-CA","@id":"https:\/\/www.arboplus.ca\/blog\/#\/schema\/person\/image\/","url":"https:\/\/secure.gravatar.com\/avatar\/0027ec1e3f6852cb4655750d4303f090?s=96&d=mm&r=g","contentUrl":"https:\/\/secure.gravatar.com\/avatar\/0027ec1e3f6852cb4655750d4303f090?s=96&d=mm&r=g","caption":"Dominic Perugino"},"url":"https:\/\/www.arboplus.ca\/blog\/author\/dominic-perugino"}]}},"_links":{"self":[{"href":"https:\/\/www.arboplus.ca\/blog\/wp-json\/wp\/v2\/posts\/5643","targetHints":{"allow":["GET"]}}],"collection":[{"href":"https:\/\/www.arboplus.ca\/blog\/wp-json\/wp\/v2\/posts"}],"about":[{"href":"https:\/\/www.arboplus.ca\/blog\/wp-json\/wp\/v2\/types\/post"}],"author":[{"embeddable":true,"href":"https:\/\/www.arboplus.ca\/blog\/wp-json\/wp\/v2\/users\/2"}],"replies":[{"embeddable":true,"href":"https:\/\/www.arboplus.ca\/blog\/wp-json\/wp\/v2\/comments?post=5643"}],"version-history":[{"count":7,"href":"https:\/\/www.arboplus.ca\/blog\/wp-json\/wp\/v2\/posts\/5643\/revisions"}],"predecessor-version":[{"id":5655,"href":"https:\/\/www.arboplus.ca\/blog\/wp-json\/wp\/v2\/posts\/5643\/revisions\/5655"}],"wp:featuredmedia":[{"embeddable":true,"href":"https:\/\/www.arboplus.ca\/blog\/wp-json\/wp\/v2\/media\/5649"}],"wp:attachment":[{"href":"https:\/\/www.arboplus.ca\/blog\/wp-json\/wp\/v2\/media?parent=5643"}],"wp:term":[{"taxonomy":"category","embeddable":true,"href":"https:\/\/www.arboplus.ca\/blog\/wp-json\/wp\/v2\/categories?post=5643"},{"taxonomy":"post_tag","embeddable":true,"href":"https:\/\/www.arboplus.ca\/blog\/wp-json\/wp\/v2\/tags?post=5643"}],"curies":[{"name":"wp","href":"https:\/\/api.w.org\/{rel}","templated":true}]}}