{"id":5578,"date":"2021-11-16T08:00:33","date_gmt":"2021-11-16T13:00:33","guid":{"rendered":"https:\/\/www.arboplus.ca\/blog\/?p=5578"},"modified":"2022-04-02T13:54:49","modified_gmt":"2022-04-02T17:54:49","slug":"le-zelkova-du-japon-zelkova-serrata","status":"publish","type":"post","link":"https:\/\/www.arboplus.ca\/blog\/essences-arbres\/le-zelkova-du-japon-zelkova-serrata.html","title":{"rendered":"Le zelkova du Japon"},"content":{"rendered":"<h2>Zelkova serrata<\/h2>\n<p>Depuis la <a href=\"https:\/\/www.arboplus.ca\/blog\/arboriculture\/maladie-hollandaise-de-lorme.html\">maladie hollandaise de l\u2019orme<\/a>, les arboristes et paysagistes se sont pench\u00e9s sur la possibilit\u00e9 d\u2019un remplacement. Quand on cherche un remplacement \u00e0 un arbre appr\u00e9ci\u00e9, on cherche \u00e0 reproduire ses caract\u00e9ristiques esth\u00e9tiques et pratiques. Pour l\u2019esth\u00e9tisme, il s\u2019agit de trouver un arbre aux m\u00eames dimensions et avec une forme quelque peu similaire. Pour l\u2019aspect pratique, on cherche un arbre qui aura les m\u00eames avantages qui avaient donn\u00e9 la pr\u00e9f\u00e9rence pour l\u2019arbre perdu : duret\u00e9 du bois, vitesse de croissance, r\u00e9sistance \u00e0 la pollution, rusticit\u00e9, etc. Dans le cas de l\u2019orme am\u00e9ricain, presque disparu du territoire qu\u00e9b\u00e9cois, \u00e0 l\u2019exception de la capitale nationale, bien peu d\u2019arbres ont su s\u2019\u00e9lever \u00e0 la t\u00e2che. Un certain enthousiasme s\u2019\u00e9tait dirig\u00e9 vers le <a href=\"https:\/\/www.arboplus.ca\/blog\/essences-arbres\/le-micocoulier-occidental-celtis-occidentalis.html\">micocoulier<\/a>, mais avec le psylle, insecte aga\u00e7ant, il se peut que les quartiers r\u00e9sidentiels n&rsquo;adoptent pas celui-ci.<\/p>\n<div style=\"text-align: center;\"><a class=\"button green medium\" href=\"http:\/\/www.arboplus.ca\/fr\/estimation-gratuite.html\" target=\"_self\" rel=\"noopener\">Demander l&rsquo;\u00e9valuation de mon arbre par un arboriculteur <i class=\"fa-chevron-circle-right\"><\/i><\/a><\/div>\n<div id=\"attachment_5582\" style=\"width: 650px\" class=\"wp-caption alignnone\"><img fetchpriority=\"high\" decoding=\"async\" aria-describedby=\"caption-attachment-5582\" class=\"size-full wp-image-5582\" src=\"http:\/\/www.arboplus.ca\/blog\/wp-content\/uploads\/2021\/11\/zelkova-matures-dans-une-rue-du-japon.jpg\" alt=\"Zelkova matures dans une rue au Japon\" width=\"640\" height=\"426\" \/><p id=\"caption-attachment-5582\" class=\"wp-caption-text\">Zelkova matures dans une rue au Japon<\/p><\/div>\n<p>Le zelkova du Japon, aussi appel\u00e9 faux orme de Sib\u00e9rie, ainsi que d\u2019autres vari\u00e9t\u00e9s, commence \u00e0 se frayer un chemin dans nos paysages ; l\u2019hypoth\u00e8se voulant qu\u2019il r\u00e9siste \u00e0 la maladie hollandaise de l\u2019orme. Contrairement \u00e0 ce qu\u2019\u00e9voque son nom, plusieurs de ses caract\u00e9ristiques font penser \u00e0 l\u2019orme d\u2019Am\u00e9rique. Un gros point d\u2019interrogation plane cependant quant \u00e0 sa rusticit\u00e9. Les sources sont variables, indiquant de la zone 6 jusqu\u2019\u00e0 la zone 5b, ou m\u00eame 3. Seule l\u2019exp\u00e9rience pourra nous montrer si le zelkova saura <a href=\"https:\/\/www.arboplus.ca\/blog\/essences-arbres\/arbres-indigenes.html\">r\u00e9sister \u00e0 nos hivers<\/a>. Pr\u00e9sentement, les sources les plus conservatrices r\u00e9servent cet arbre pour la culture int\u00e9rieure sous forme de bonza\u00ef.<\/p>\n<div id=\"attachment_5580\" style=\"width: 650px\" class=\"wp-caption alignnone\"><img decoding=\"async\" aria-describedby=\"caption-attachment-5580\" class=\"size-full wp-image-5580\" src=\"http:\/\/www.arboplus.ca\/blog\/wp-content\/uploads\/2021\/11\/bonzai-zelkova-serrata-pour-culture-interieur-au-quebec.jpg\" alt=\"Bonza\u00ef Zelkova serrata pour culture int\u00e9rieure au Qu\u00e9bec\" width=\"640\" height=\"599\" \/><p id=\"caption-attachment-5580\" class=\"wp-caption-text\">Bonza\u00ef Zelkova serrata pour culture int\u00e9rieure au Qu\u00e9bec<\/p><\/div>\n<p>Qui aura le courage d\u2019introduire cet arbre pour le cultiver sur notre sol\u2009? Pour le Qu\u00e9bec, la grande r\u00e9gion de Montr\u00e9al, avec ses <a href=\"https:\/\/www.arboplus.ca\/blog\/developpement-durable\/preparer-nos-arbres-a-la-saison-hivernale.html\">hivers<\/a> l\u00e9g\u00e8rement plus doux que le reste de la province, aura plus de chance de succ\u00e8s. Autrement, les temp\u00e9ratures de la ville de Toronto seraient probablement les plus accueillantes pour un zelkova.<\/p>\n<p>Dans des temp\u00e9ratures id\u00e9ales, un zelkova pourrait atteindre 30 m\u00e8tres de hauteur. Dans une r\u00e9gion temp\u00e9r\u00e9e, on peut s\u2019attendre \u00e0 20 ou 25 m\u00e8tres. La largeur est proportionnelle \u00e0 la hauteur. Il donne une apparence de densit\u00e9 avec sa charpente qui interrompt \u00e0 un bas niveau le tronc. Cet aspect lui donne un look bien \u00e0 lui, mais aura pour cons\u00e9quence de n\u00e9cessiter des <a href=\"https:\/\/www.arboplus.ca\/blog\/developpement-durable\/mauvaises-pratiques-arboricoles.html\">interventions arboricoles<\/a> pour permettre la circulation. Avec sa large couronne et son f\u00fbt commen\u00e7ant tr\u00e8s bas sur le tronc, la forme de l\u2019arbre fait penser \u00e0 un gros champignon. Les branches sont plut\u00f4t courb\u00e9es et d\u00e9sorganis\u00e9es, donnant un aspect \u00e9vas\u00e9.<\/p>\n<div id=\"attachment_5583\" style=\"width: 650px\" class=\"wp-caption alignnone\"><img decoding=\"async\" aria-describedby=\"caption-attachment-5583\" class=\"size-full wp-image-5583\" src=\"http:\/\/www.arboplus.ca\/blog\/wp-content\/uploads\/2021\/11\/ecorce-grise-du-tronc-mature-du-zelkova-du-japon.jpg\" alt=\"\u00c9corce du Zelkova du Japon\" width=\"640\" height=\"480\" \/><p id=\"caption-attachment-5583\" class=\"wp-caption-text\">\u00c9corce du Zelkova du Japon<\/p><\/div>\n<p>La couleur du tronc est principalement ce qui permettra de distinguer un zelkova du Japon d\u2019un orme d\u2019Am\u00e9rique, celui-ci, brun gris\u00e2tre, fait penser au h\u00eatre. Son \u00e9corce lisse et \u00e0 peine poreuse se transformera avec l\u2019\u00e2ge. Elle deviendra exfoliante et laissera transpara\u00eetre la couleur orang\u00e9e de son \u00e9corce interne.<\/p>\n<div style=\"text-align: center;\"><a class=\"button green medium\" href=\"http:\/\/www.arboplus.ca\/fr\/estimation-gratuite.html\" target=\"_self\" rel=\"noopener\">Planifier un rendez-vous avec un arboriste-expert <i class=\"fa-chevron-circle-right\"><\/i><\/a><\/div>\n<p>Les <a href=\"https:\/\/www.arboplus.ca\/blog\/arboriculture\/comment-identifier-un-arbre-avec-ses-feuilles.html\">feuilles<\/a> sont en tout point semblables \u00e0 celles de l\u2019orme d\u2019Am\u00e9rique. Dent\u00e9es et ovales, elles mesurent environ cinq centim\u00e8tres de longueur. En \u00e9t\u00e9, elles seront vertes, tournant vers le jaune, ensuite orange et enfin rouge \u00e0 l\u2019automne.<\/p>\n<div id=\"attachment_5584\" style=\"width: 650px\" class=\"wp-caption alignnone\"><img loading=\"lazy\" decoding=\"async\" aria-describedby=\"caption-attachment-5584\" class=\"size-full wp-image-5584\" src=\"http:\/\/www.arboplus.ca\/blog\/wp-content\/uploads\/2021\/11\/feuilles-vertes-et-ovales-du-zelkova.jpg\" alt=\"Feuilles semblables \u00e0 celles de l'orme d'Am\u00e9rique\" width=\"640\" height=\"480\" \/><p id=\"caption-attachment-5584\" class=\"wp-caption-text\">Feuilles semblables \u00e0 celles de l&rsquo;orme d&rsquo;Am\u00e9rique<\/p><\/div>\n<h2>Les fruits et la faune<\/h2>\n<p>\u00c9tant un arbre exotique, on peut s\u2019attendre \u00e0 ce que cet arbre ne contribue que tr\u00e8s peu \u00e0 la faune qu\u00e9b\u00e9coise. On sait, par exemple que le ginkgo biloba n\u2019int\u00e9resse aucune esp\u00e8ce animale, et pas non plus d\u2019<a href=\"https:\/\/www.arboplus.ca\/blog\/developpement-durable\/lutte-biologique-contre-les-insectes.html\">insectes<\/a>. Toutefois, rien n\u2019emp\u00eache que l\u2019on puisse observer certains animaux qui s\u2019int\u00e9resseront au zelkova. Il faudra observer lesquels et, dans la mesure du possible, agencer la pr\u00e9sence de cet arbre avec les structures tropiques de notre localisation, question de ne pas introduire des pr\u00e9dateurs contre des esp\u00e8ces d\u00e9j\u00e0 fragiles.<\/p>\n<h2>Conditions optimales<\/h2>\n<p>Un ensoleillement partiel \u00e0 plein soleil et un sol humide et drain\u00e9 seront les conditions minimales \u00e0 respecter si l&rsquo;on veut se donner une chance que l\u2019arbre s&rsquo;int\u00e8gre en r\u00e9gion nordique. Avec les incertitudes quant \u00e0 la r\u00e9sistance au froid, il faudra au moins prot\u00e9ger l\u2019arbre d\u2019une jute, temps et aussi longtemps que l\u2019on en est capable. Il serait int\u00e9ressant que ceux qui se risquent \u00e0 <a href=\"https:\/\/www.arboplus.ca\/blog\/arboriculture\/comment-planter-un-arbre.html\">planter cet arbre<\/a> au Qu\u00e9bec partagent leurs observations d\u2019ann\u00e9e en ann\u00e9e pour que le savoir se r\u00e9pande quant \u00e0 son adaptation.<\/p>\n<h2>\u00c9lagage et entretien<\/h2>\n<p>Avec ses dimensions, il est certain qu\u2019il s\u2019agira d\u2019<a href=\"https:\/\/www.arboplus.ca\/blog\/arboriculture\/quand-elaguer-un-arbre.html\">un arbre \u00e0 entretenir<\/a>. Avec un f\u00fbt assez bas, il faudra relever la couronne, surtout en bordure de rue. Sa largeur aussi indique que les structures auront \u00e0 \u00eatre d\u00e9gag\u00e9es. Id\u00e9alement, on le plantera dans un endroit qui lui permettra un bon d\u00e9veloppement, mais il est r\u00e9aliste de penser qu\u2019il entrera en <a href=\"https:\/\/www.arboplus.ca\/blog\/arboriculture\/quand-appeler-hydro-quebec.html\">conflit avec les fils<\/a> et les b\u00e2timents. Ne sachant pas comment il r\u00e9agira contre le froid, on peut s\u2019attendre \u00e0 ce que l\u2019hiver soit suivi de pousses mortes et de bois mort. Ce sera une inspection annuelle \u00e0 faire, le prix \u00e0 payer pour \u00eatre un pionnier d\u2019introduction d\u2019esp\u00e8ce\u2026<\/p>\n<h2>Maladies<\/h2>\n<p>Les maladies seront aussi un monde inconnu, quels insectes, animaux et microbes s\u2019y installeront et quelle sera la r\u00e9action de l\u2019arbre\u2009?<\/p>\n","protected":false},"excerpt":{"rendered":"<p>Le zelkova du Japon, aussi appel\u00e9 faux orme de Sib\u00e9rie, ainsi que d\u2019autres vari\u00e9t\u00e9s, commence \u00e0 se frayer un chemin dans nos paysages ; l\u2019hypoth\u00e8se voulant qu\u2019il r\u00e9siste \u00e0 la maladie hollandaise de l\u2019orme.<\/p>\n","protected":false},"author":2,"featured_media":5588,"comment_status":"open","ping_status":"open","sticky":false,"template":"","format":"standard","meta":{"footnotes":""},"categories":[12],"tags":[3941,3915,3920,3921,3936,3918,784,733,3935,3950,3924,3922,2650,3948,3929,486,3928,466,3925,3949,3945,3937,3938,3944,3926,3927,340,3930,3511,622,3943,503,106,223,3932,1937,3939,3497,455,3101,3917,3947,3946,3942,3916,3919,3940,3923,3931,3913,3914,3934,3933],"class_list":["post-5578","post","type-post","status-publish","format-standard","has-post-thumbnail","hentry","category-essences-arbres","tag-apparence-de-densite","tag-arboristes-et-paysagistes","tag-aspect-pratique","tag-avantages","tag-bonzai","tag-caracteristiques-esthetiques-et-pratiques","tag-charpente","tag-cultiver","tag-culture-interieure","tag-dentees-et-ovales","tag-disparu-du-territoire-quebecois","tag-durete-du-bois","tag-ecorce-lisse","tag-fait-penser-au-hetre","tag-faux-orme-de-siberie","tag-feuilles","tag-insecte-agacant","tag-interventions-arboricoles","tag-la-capitale-nationale","tag-la-couleur-orangee-de-son-ecorce-interne","tag-la-forme-de-larbre","tag-la-grande-region-de-montreal","tag-la-ville-de-toronto","tag-large-couronne","tag-le-micocoulier","tag-le-psylle","tag-maladie-hollandaise-de-lorme","tag-nos-paysages","tag-orme-americain","tag-orme-damerique","tag-permettre-la-circulation","tag-quartiers-residentiels","tag-quebec","tag-resistance-a-la-pollution","tag-resister-a-nos-hivers","tag-rusticite","tag-temperatures-ideales","tag-territoire-quebecois","tag-tronc","tag-un-arbre","tag-un-arbre-apprecie","tag-un-aspect-evase","tag-un-gros-champignon","tag-un-look-bien-a-lui","tag-un-remplacement","tag-une-forme-quelque-peu-similaire","tag-une-region-temperee","tag-vitesse-de-croissance","tag-zelkova","tag-zelkova-du-japon","tag-zelkova-serrata","tag-zone-5b","tag-zone-6"],"yoast_head":"<!-- This site is optimized with the Yoast SEO plugin v24.7 - https:\/\/yoast.com\/wordpress\/plugins\/seo\/ -->\n<title>Le zelkova du Japon - zelkova serrata - Arboplus<\/title>\n<meta name=\"description\" content=\"Le zelkova du Japon, aussi appel\u00e9 faux orme de Sib\u00e9rie, ainsi que d\u2019autres vari\u00e9t\u00e9s, commence \u00e0 se frayer un chemin dans nos paysages.\" \/>\n<meta name=\"robots\" content=\"index, follow, max-snippet:-1, max-image-preview:large, max-video-preview:-1\" \/>\n<link rel=\"canonical\" href=\"https:\/\/www.arboplus.ca\/blog\/essences-arbres\/le-zelkova-du-japon-zelkova-serrata.html\" \/>\n<meta property=\"og:locale\" content=\"fr_CA\" \/>\n<meta property=\"og:type\" content=\"article\" \/>\n<meta property=\"og:title\" content=\"Le zelkova du Japon - zelkova serrata - Arboplus\" \/>\n<meta property=\"og:description\" content=\"Le zelkova du Japon, aussi appel\u00e9 faux orme de Sib\u00e9rie, ainsi que d\u2019autres vari\u00e9t\u00e9s, commence \u00e0 se frayer un chemin dans nos paysages.\" \/>\n<meta property=\"og:url\" content=\"https:\/\/www.arboplus.ca\/blog\/essences-arbres\/le-zelkova-du-japon-zelkova-serrata.html\" \/>\n<meta property=\"og:site_name\" content=\"Arboplus\" \/>\n<meta property=\"article:published_time\" content=\"2021-11-16T13:00:33+00:00\" \/>\n<meta property=\"article:modified_time\" content=\"2022-04-02T17:54:49+00:00\" \/>\n<meta property=\"og:image\" content=\"https:\/\/www.arboplus.ca\/blog\/wp-content\/uploads\/2021\/11\/zelkova-serrata-mature-au-japon.jpg\" \/>\n\t<meta property=\"og:image:width\" content=\"1920\" \/>\n\t<meta property=\"og:image:height\" content=\"1080\" \/>\n\t<meta property=\"og:image:type\" content=\"image\/jpeg\" \/>\n<meta name=\"author\" content=\"Dominic Perugino\" \/>\n<meta name=\"twitter:label1\" content=\"\u00c9crit par\" \/>\n\t<meta name=\"twitter:data1\" content=\"Dominic Perugino\" \/>\n\t<meta name=\"twitter:label2\" content=\"Estimation du temps de lecture\" \/>\n\t<meta name=\"twitter:data2\" content=\"5 minutes\" \/>\n<script type=\"application\/ld+json\" class=\"yoast-schema-graph\">{\"@context\":\"https:\/\/schema.org\",\"@graph\":[{\"@type\":\"WebPage\",\"@id\":\"https:\/\/www.arboplus.ca\/blog\/essences-arbres\/le-zelkova-du-japon-zelkova-serrata.html\",\"url\":\"https:\/\/www.arboplus.ca\/blog\/essences-arbres\/le-zelkova-du-japon-zelkova-serrata.html\",\"name\":\"Le zelkova du Japon - zelkova serrata - Arboplus\",\"isPartOf\":{\"@id\":\"https:\/\/www.arboplus.ca\/blog\/#website\"},\"primaryImageOfPage\":{\"@id\":\"https:\/\/www.arboplus.ca\/blog\/essences-arbres\/le-zelkova-du-japon-zelkova-serrata.html#primaryimage\"},\"image\":{\"@id\":\"https:\/\/www.arboplus.ca\/blog\/essences-arbres\/le-zelkova-du-japon-zelkova-serrata.html#primaryimage\"},\"thumbnailUrl\":\"https:\/\/www.arboplus.ca\/blog\/wp-content\/uploads\/2021\/11\/zelkova-serrata-mature-au-japon.jpg\",\"datePublished\":\"2021-11-16T13:00:33+00:00\",\"dateModified\":\"2022-04-02T17:54:49+00:00\",\"author\":{\"@id\":\"https:\/\/www.arboplus.ca\/blog\/#\/schema\/person\/c4e4c82ad12349aafba47d44193f5540\"},\"description\":\"Le zelkova du Japon, aussi appel\u00e9 faux orme de Sib\u00e9rie, ainsi que d\u2019autres vari\u00e9t\u00e9s, commence \u00e0 se frayer un chemin dans nos paysages.\",\"breadcrumb\":{\"@id\":\"https:\/\/www.arboplus.ca\/blog\/essences-arbres\/le-zelkova-du-japon-zelkova-serrata.html#breadcrumb\"},\"inLanguage\":\"fr-CA\",\"potentialAction\":[{\"@type\":\"ReadAction\",\"target\":[\"https:\/\/www.arboplus.ca\/blog\/essences-arbres\/le-zelkova-du-japon-zelkova-serrata.html\"]}]},{\"@type\":\"ImageObject\",\"inLanguage\":\"fr-CA\",\"@id\":\"https:\/\/www.arboplus.ca\/blog\/essences-arbres\/le-zelkova-du-japon-zelkova-serrata.html#primaryimage\",\"url\":\"https:\/\/www.arboplus.ca\/blog\/wp-content\/uploads\/2021\/11\/zelkova-serrata-mature-au-japon.jpg\",\"contentUrl\":\"https:\/\/www.arboplus.ca\/blog\/wp-content\/uploads\/2021\/11\/zelkova-serrata-mature-au-japon.jpg\",\"width\":1920,\"height\":1080,\"caption\":\"Zelkova serrata mature au Japon\"},{\"@type\":\"BreadcrumbList\",\"@id\":\"https:\/\/www.arboplus.ca\/blog\/essences-arbres\/le-zelkova-du-japon-zelkova-serrata.html#breadcrumb\",\"itemListElement\":[{\"@type\":\"ListItem\",\"position\":1,\"name\":\"Accueil\",\"item\":\"https:\/\/www.arboplus.ca\/blog\/\"},{\"@type\":\"ListItem\",\"position\":2,\"name\":\"Le zelkova du Japon\"}]},{\"@type\":\"WebSite\",\"@id\":\"https:\/\/www.arboplus.ca\/blog\/#website\",\"url\":\"https:\/\/www.arboplus.ca\/blog\/\",\"name\":\"Arboplus\",\"description\":\"Magazine arboricole\",\"potentialAction\":[{\"@type\":\"SearchAction\",\"target\":{\"@type\":\"EntryPoint\",\"urlTemplate\":\"https:\/\/www.arboplus.ca\/blog\/?s={search_term_string}\"},\"query-input\":{\"@type\":\"PropertyValueSpecification\",\"valueRequired\":true,\"valueName\":\"search_term_string\"}}],\"inLanguage\":\"fr-CA\"},{\"@type\":\"Person\",\"@id\":\"https:\/\/www.arboplus.ca\/blog\/#\/schema\/person\/c4e4c82ad12349aafba47d44193f5540\",\"name\":\"Dominic Perugino\",\"image\":{\"@type\":\"ImageObject\",\"inLanguage\":\"fr-CA\",\"@id\":\"https:\/\/www.arboplus.ca\/blog\/#\/schema\/person\/image\/\",\"url\":\"https:\/\/secure.gravatar.com\/avatar\/0027ec1e3f6852cb4655750d4303f090?s=96&d=mm&r=g\",\"contentUrl\":\"https:\/\/secure.gravatar.com\/avatar\/0027ec1e3f6852cb4655750d4303f090?s=96&d=mm&r=g\",\"caption\":\"Dominic Perugino\"},\"url\":\"https:\/\/www.arboplus.ca\/blog\/author\/dominic-perugino\"}]}<\/script>\n<!-- \/ Yoast SEO plugin. -->","yoast_head_json":{"title":"Le zelkova du Japon - zelkova serrata - Arboplus","description":"Le zelkova du Japon, aussi appel\u00e9 faux orme de Sib\u00e9rie, ainsi que d\u2019autres vari\u00e9t\u00e9s, commence \u00e0 se frayer un chemin dans nos paysages.","robots":{"index":"index","follow":"follow","max-snippet":"max-snippet:-1","max-image-preview":"max-image-preview:large","max-video-preview":"max-video-preview:-1"},"canonical":"https:\/\/www.arboplus.ca\/blog\/essences-arbres\/le-zelkova-du-japon-zelkova-serrata.html","og_locale":"fr_CA","og_type":"article","og_title":"Le zelkova du Japon - zelkova serrata - Arboplus","og_description":"Le zelkova du Japon, aussi appel\u00e9 faux orme de Sib\u00e9rie, ainsi que d\u2019autres vari\u00e9t\u00e9s, commence \u00e0 se frayer un chemin dans nos paysages.","og_url":"https:\/\/www.arboplus.ca\/blog\/essences-arbres\/le-zelkova-du-japon-zelkova-serrata.html","og_site_name":"Arboplus","article_published_time":"2021-11-16T13:00:33+00:00","article_modified_time":"2022-04-02T17:54:49+00:00","og_image":[{"width":1920,"height":1080,"url":"https:\/\/www.arboplus.ca\/blog\/wp-content\/uploads\/2021\/11\/zelkova-serrata-mature-au-japon.jpg","type":"image\/jpeg"}],"author":"Dominic Perugino","twitter_misc":{"\u00c9crit par":"Dominic Perugino","Estimation du temps de lecture":"5 minutes"},"schema":{"@context":"https:\/\/schema.org","@graph":[{"@type":"WebPage","@id":"https:\/\/www.arboplus.ca\/blog\/essences-arbres\/le-zelkova-du-japon-zelkova-serrata.html","url":"https:\/\/www.arboplus.ca\/blog\/essences-arbres\/le-zelkova-du-japon-zelkova-serrata.html","name":"Le zelkova du Japon - zelkova serrata - Arboplus","isPartOf":{"@id":"https:\/\/www.arboplus.ca\/blog\/#website"},"primaryImageOfPage":{"@id":"https:\/\/www.arboplus.ca\/blog\/essences-arbres\/le-zelkova-du-japon-zelkova-serrata.html#primaryimage"},"image":{"@id":"https:\/\/www.arboplus.ca\/blog\/essences-arbres\/le-zelkova-du-japon-zelkova-serrata.html#primaryimage"},"thumbnailUrl":"https:\/\/www.arboplus.ca\/blog\/wp-content\/uploads\/2021\/11\/zelkova-serrata-mature-au-japon.jpg","datePublished":"2021-11-16T13:00:33+00:00","dateModified":"2022-04-02T17:54:49+00:00","author":{"@id":"https:\/\/www.arboplus.ca\/blog\/#\/schema\/person\/c4e4c82ad12349aafba47d44193f5540"},"description":"Le zelkova du Japon, aussi appel\u00e9 faux orme de Sib\u00e9rie, ainsi que d\u2019autres vari\u00e9t\u00e9s, commence \u00e0 se frayer un chemin dans nos paysages.","breadcrumb":{"@id":"https:\/\/www.arboplus.ca\/blog\/essences-arbres\/le-zelkova-du-japon-zelkova-serrata.html#breadcrumb"},"inLanguage":"fr-CA","potentialAction":[{"@type":"ReadAction","target":["https:\/\/www.arboplus.ca\/blog\/essences-arbres\/le-zelkova-du-japon-zelkova-serrata.html"]}]},{"@type":"ImageObject","inLanguage":"fr-CA","@id":"https:\/\/www.arboplus.ca\/blog\/essences-arbres\/le-zelkova-du-japon-zelkova-serrata.html#primaryimage","url":"https:\/\/www.arboplus.ca\/blog\/wp-content\/uploads\/2021\/11\/zelkova-serrata-mature-au-japon.jpg","contentUrl":"https:\/\/www.arboplus.ca\/blog\/wp-content\/uploads\/2021\/11\/zelkova-serrata-mature-au-japon.jpg","width":1920,"height":1080,"caption":"Zelkova serrata mature au Japon"},{"@type":"BreadcrumbList","@id":"https:\/\/www.arboplus.ca\/blog\/essences-arbres\/le-zelkova-du-japon-zelkova-serrata.html#breadcrumb","itemListElement":[{"@type":"ListItem","position":1,"name":"Accueil","item":"https:\/\/www.arboplus.ca\/blog\/"},{"@type":"ListItem","position":2,"name":"Le zelkova du Japon"}]},{"@type":"WebSite","@id":"https:\/\/www.arboplus.ca\/blog\/#website","url":"https:\/\/www.arboplus.ca\/blog\/","name":"Arboplus","description":"Magazine arboricole","potentialAction":[{"@type":"SearchAction","target":{"@type":"EntryPoint","urlTemplate":"https:\/\/www.arboplus.ca\/blog\/?s={search_term_string}"},"query-input":{"@type":"PropertyValueSpecification","valueRequired":true,"valueName":"search_term_string"}}],"inLanguage":"fr-CA"},{"@type":"Person","@id":"https:\/\/www.arboplus.ca\/blog\/#\/schema\/person\/c4e4c82ad12349aafba47d44193f5540","name":"Dominic Perugino","image":{"@type":"ImageObject","inLanguage":"fr-CA","@id":"https:\/\/www.arboplus.ca\/blog\/#\/schema\/person\/image\/","url":"https:\/\/secure.gravatar.com\/avatar\/0027ec1e3f6852cb4655750d4303f090?s=96&d=mm&r=g","contentUrl":"https:\/\/secure.gravatar.com\/avatar\/0027ec1e3f6852cb4655750d4303f090?s=96&d=mm&r=g","caption":"Dominic Perugino"},"url":"https:\/\/www.arboplus.ca\/blog\/author\/dominic-perugino"}]}},"_links":{"self":[{"href":"https:\/\/www.arboplus.ca\/blog\/wp-json\/wp\/v2\/posts\/5578","targetHints":{"allow":["GET"]}}],"collection":[{"href":"https:\/\/www.arboplus.ca\/blog\/wp-json\/wp\/v2\/posts"}],"about":[{"href":"https:\/\/www.arboplus.ca\/blog\/wp-json\/wp\/v2\/types\/post"}],"author":[{"embeddable":true,"href":"https:\/\/www.arboplus.ca\/blog\/wp-json\/wp\/v2\/users\/2"}],"replies":[{"embeddable":true,"href":"https:\/\/www.arboplus.ca\/blog\/wp-json\/wp\/v2\/comments?post=5578"}],"version-history":[{"count":9,"href":"https:\/\/www.arboplus.ca\/blog\/wp-json\/wp\/v2\/posts\/5578\/revisions"}],"predecessor-version":[{"id":5595,"href":"https:\/\/www.arboplus.ca\/blog\/wp-json\/wp\/v2\/posts\/5578\/revisions\/5595"}],"wp:featuredmedia":[{"embeddable":true,"href":"https:\/\/www.arboplus.ca\/blog\/wp-json\/wp\/v2\/media\/5588"}],"wp:attachment":[{"href":"https:\/\/www.arboplus.ca\/blog\/wp-json\/wp\/v2\/media?parent=5578"}],"wp:term":[{"taxonomy":"category","embeddable":true,"href":"https:\/\/www.arboplus.ca\/blog\/wp-json\/wp\/v2\/categories?post=5578"},{"taxonomy":"post_tag","embeddable":true,"href":"https:\/\/www.arboplus.ca\/blog\/wp-json\/wp\/v2\/tags?post=5578"}],"curies":[{"name":"wp","href":"https:\/\/api.w.org\/{rel}","templated":true}]}}