{"id":5316,"date":"2021-09-14T13:00:55","date_gmt":"2021-09-14T17:00:55","guid":{"rendered":"https:\/\/www.arboplus.ca\/blog\/?p=5316"},"modified":"2022-04-02T13:56:32","modified_gmt":"2022-04-02T17:56:32","slug":"if-du-canada-if-japonais-capitata","status":"publish","type":"post","link":"https:\/\/www.arboplus.ca\/blog\/essences-arbres\/if-du-canada-if-japonais-capitata.html","title":{"rendered":"L\u2019if du Canada"},"content":{"rendered":"<h2>Taxus baccata<\/h2>\n<p>Si vous cherchez un arbuste pour ornementer votre plate-bande, l\u2019if est d\u00e9finitivement un arbuste \u00e0 recommander. En effet, il existe de nombreuses vari\u00e9t\u00e9s de cette essence, chacune avec sa forme, sa couleur et sa grandeur. Il n\u2019y a donc pas d\u2019excuse quant \u00e0 respecter le principe du \u00ab <a href=\"https:\/\/www.arboplus.ca\/blog\/arboriculture\/comment-choisir-un-arbre-pour-mon-jardin.html\">bon arbre au bon endroit<\/a> \u00bb.<\/p>\n<div id=\"attachment_5335\" style=\"width: 650px\" class=\"wp-caption alignnone\"><img fetchpriority=\"high\" decoding=\"async\" aria-describedby=\"caption-attachment-5335\" class=\"size-full wp-image-5335\" src=\"http:\/\/www.arboplus.ca\/blog\/wp-content\/uploads\/2021\/09\/jeunes-pousses-de-feuillage-if-du-canada.jpg\" alt=\"Jeunes pousses de l'If du Canada\" width=\"640\" height=\"853\" \/><p id=\"caption-attachment-5335\" class=\"wp-caption-text\">Jeunes pousses de l&rsquo;If du Canada<\/p><\/div>\n<p>Ainsi, un if canadien, par exemple, n\u2019atteindra pas plus que deux m\u00e8tres de hauteur et une largeur de deux m\u00e8tres et demie, tandis qu\u2019un if du Japon Capitata peut atteindre jusqu\u2019\u00e0 quatre m\u00e8tres de hauteur pour une largeur de deux m\u00e8tres. De m\u00eame, les diff\u00e9rentes vari\u00e9t\u00e9s offrent des formes diversifi\u00e9es, de la forme conique au cylindre en allant jusqu\u2019\u00e0 la boule. Cette palette de dimensions et de formes entre les diff\u00e9rents cultivars donne donc toute sa pertinence aux ifs en contexte de jardinage.<\/p>\n<p><a href=\"https:\/\/www.arboplus.ca\/blog\/arboriculture\/comment-identifier-un-arbre-avec-ses-feuilles.html\">Les feuilles<\/a> de l\u2019if sont des aiguilles aplaties qui ressemblent beaucoup \u00e0 celles du <a href=\"https:\/\/www.arboplus.ca\/blog\/philosophie\/le-sapin-de-noel.html\">sapin<\/a> baumier. Pour les vari\u00e9t\u00e9s les plus populaires, les aiguilles sont d&rsquo;un vert fonc\u00e9 et tournent au rouge\u00e2tres \u00e0 l\u2019automne.<\/p>\n<p>L\u2019if du Japon pousse en hauteur, avec une forme ovo\u00efde, tandis que l\u2019if canadien pousse au ras du sol, comme une galette qui ne croit qu\u2019en s\u2019\u00e9largissant.<\/p>\n<div style=\"text-align: center;\"><a class=\"button green medium\" href=\"http:\/\/www.arboplus.ca\/fr\/estimation-gratuite.html\" target=\"_self\" rel=\"noopener\">Demander l&rsquo;\u00e9valuation de mon arbre par un arboriculteur <i class=\"fa-chevron-circle-right\"><\/i><\/a><\/div>\n<h2>Les fruits et la faune<\/h2>\n<p>L\u2019if produit des petits fruits rouges, mais non comestibles.<\/p>\n<div id=\"attachment_5334\" style=\"width: 650px\" class=\"wp-caption alignnone\"><img decoding=\"async\" aria-describedby=\"caption-attachment-5334\" class=\"size-full wp-image-5334\" src=\"http:\/\/www.arboplus.ca\/blog\/wp-content\/uploads\/2021\/09\/fruit-rouge-non-comestible-if-du-canada.jpg\" alt=\"Le fruit de l'If est non-comestible\" width=\"640\" height=\"480\" \/><p id=\"caption-attachment-5334\" class=\"wp-caption-text\">Le fruit de l&rsquo;If est non-comestible<\/p><\/div>\n<h2>Conditions optimales<\/h2>\n<p>L\u2019enracinement de l\u2019if est superficiel et, avec sa petite taille, il peut \u00eatre plant\u00e9 pr\u00e8s de la maison sans probl\u00e8me. Par ailleurs, sa pr\u00e9dilection pour l\u2019ombre tout au long de l\u2019ann\u00e9e en fait le candidat id\u00e9al, justement, pour une plate-bande coll\u00e9e \u00e0 une structure. Le plus rustique des ifs est l\u2019if canadien, au point que l\u2019on recommande de ne pas le prot\u00e9ger avec une jute \u00e0 l\u2019hiver, contrairement \u00e0 l\u2019if japonais. Sa <a href=\"https:\/\/www.arboplus.ca\/blog\/arboriculture\/comment-planter-un-arbre.html\">plantation<\/a> pr\u00e8s de la maison sera aussi b\u00e9n\u00e9fique pour \u00e9viter qu\u2019il soit en contact avec le sel de d\u00e9gla\u00e7age qui peut <a href=\"https:\/\/www.arboplus.ca\/blog\/arboriculture\/comment-tuer-un-arbre.html\">nuire \u00e0 sa sant\u00e9<\/a>.<\/p>\n<h2>\u00c9lagage et entretien de l&rsquo;if<\/h2>\n<p>Chaque vari\u00e9t\u00e9 devra \u00eatre entretenue d\u2019une mani\u00e8re qui lui sera sp\u00e9cifique. Ainsi, l\u2019if canadien, par exemple, se reproduit par marcottage, c\u2019est ainsi qu\u2019il se d\u00e9veloppe en s\u2019\u00e9largissant. Le marcottage est un dynamisme de reproduction bien curieux : ce sont les branches basses qui, au contact du sol, se transforment en <a href=\"https:\/\/www.arboplus.ca\/blog\/developpement-durable\/les-racines.html\">racines<\/a>. Il faudra donc tailler l\u2019if canadien pour qu\u2019il ne d\u00e9borde pas de la plate-bande pour ainsi g\u00e2cher son esth\u00e9tique ou empi\u00e9ter sur les autres v\u00e9g\u00e9taux ou m\u00eame les structures.<\/p>\n<p>En revanche, un if du Japon pousse en hauteur. Il suffit alors de d\u00e9terminer si l\u2019on veut un arbuste au port naturel, ou si l\u2019on cherche la sym\u00e9trie parfaite, laquelle n\u00e9cessite le taillage annuel et m\u00eame bisannuel avec un taille-haie, et, bien souvent, pour atteindre le r\u00e9sultat escompt\u00e9, il faut faire affaire avec <a href=\"https:\/\/www.arboplus.ca\/blog\/arboriculture\/magasiner-un-arboriculteur.html\">un professionnel<\/a>. Notre suggestion : ne rien faire, car, une fois l\u2019aspect sym\u00e9trique atteint, on est presque condamn\u00e9 \u00e0 continuer le processus, et, de plus, on appelle le reste du jardin \u00e0 rev\u00eatir cette m\u00eame th\u00e9matique. En bon qu\u00e9b\u00e9cois : \u00e7a ne finit plus\u2009!<\/p>\n<div style=\"text-align: center;\"><a class=\"button green medium\" href=\"http:\/\/www.arboplus.ca\/fr\/estimation-gratuite.html\" target=\"_self\" rel=\"noopener\">Planifier un rendez-vous avec un arboriste-expert <i class=\"fa-chevron-circle-right\"><\/i><\/a><\/div>\n<h2>Maladies<\/h2>\n<p>Un autre des avantages de l\u2019if est qu\u2019il ne comporte que peu de risques de <a href=\"https:\/\/www.arboplus.ca\/blog\/arboriculture\/maladies-du-feuillage.html\">maladies<\/a> ; aucune n&rsquo;est digne de mention\u2009!<\/p>\n<h2><\/h2>\n<h2>Bibliographie<\/h2>\n<ul>\n<li>Despr\u00e9s, Catherine, et Ariane Desjardins, Ab\u00e9c\u00e9daire des arbres de A \u00e0 Z, \u00c9ditions Petite Fleur., 2019.<\/li>\n<li>Farrar, John Laird, Les arbres du Canada, Les Editions Fides, 1996.<\/li>\n<li>Leboeuf, Michel, Arbres et plantes foresti\u00e8res du Qu\u00e9bec et des Maritimes, 2016.<\/li>\n<li>Pellerin, Gervais, et Hydro-Qu\u00e9bec, R\u00e9pertoire des arbres et arbustes ornementaux: 1760 esp\u00e8ces et vari\u00e9t\u00e9s de v\u00e9g\u00e9taux du Qu\u00e9bec, Montr\u00e9al, Hydro-Qu\u00e9bec, 2010.<\/li>\n<\/ul>\n","protected":false},"excerpt":{"rendered":"<p>Si vous cherchez un arbuste pour ornementer votre plate-bande, l\u2019if est d\u00e9finitivement un arbuste \u00e0 recommander. En effet, il existe de nombreuses vari\u00e9t\u00e9s de cette essence, chacune avec sa forme, sa couleur et sa grandeur.<\/p>\n","protected":false},"author":2,"featured_media":5336,"comment_status":"open","ping_status":"open","sticky":false,"template":"","format":"standard","meta":{"footnotes":""},"categories":[12],"tags":[2828,2807,2833,1229,2823,2829,2827,837,1725,1518,2627,86,2822,2662,2654,2821,1380,1079,2474,2806,2803,2804,2805,2811,95,2800,2802,2801,205,196,2832,2819,2798,2830,2831,2365,2799,2813,2814,2333,68,2820,2815,2655,2817,2812,2816,132,2834,2810,371,2808,502,2824,2825,2826,2748,2818,214,2809],"class_list":["post-5316","post","type-post","status-publish","format-standard","has-post-thumbnail","hentry","category-essences-arbres","tag-abecedaire-des-arbres-de-a-a-z","tag-aiguilles-aplaties","tag-arbres-et-plantes-forestieres-du-quebec-et-des-maritimes","tag-arbuste","tag-arbuste-au-port-naturel","tag-ariane-desjardins","tag-aspect-symetrique","tag-automne","tag-bon-arbre-au-bon-endroit","tag-branches-basses","tag-catherine-despres","tag-cultivars","tag-dynamisme-de-reproduction","tag-editions-petite-fleur","tag-enracinement-superficiel","tag-entretien-de-lif","tag-especes-et-varietes-de-vegetaux-du-quebec","tag-essence","tag-esthetique","tag-feuilles-de-lif","tag-forme-conique","tag-forme-cylindrique","tag-forme-de-boule","tag-forme-ovoide","tag-hydro-quebec","tag-if-canadien","tag-if-du-japon","tag-if-du-japon-capitata","tag-jardin","tag-jardinage","tag-john-laird","tag-jute-a-lhiver","tag-lif","tag-les-arbres-du-canada","tag-les-editions-fides","tag-marcottage","tag-nombreuses-varietes","tag-non-comestibles","tag-petite-taille","tag-petits-fruits-rouges","tag-plantation","tag-plantation-pres-de-la-maison","tag-plante-pres-de-la-maison","tag-plate-bande","tag-plate-bande-collee-a-une-structure","tag-pousse-au-ras-du-sol","tag-predilection-pour-lombre","tag-racines","tag-repertoire-des-arbres-et-arbustes-ornementaux","tag-rougeatres","tag-rustique","tag-sapin-baumier","tag-sel-de-deglacage","tag-symetrie-parfaite","tag-taillage-annuel","tag-taillage-bisannuel","tag-taille-haie","tag-une-jute","tag-vegetaux","tag-vert-fonce"],"yoast_head":"<!-- This site is optimized with the Yoast SEO plugin v24.7 - https:\/\/yoast.com\/wordpress\/plugins\/seo\/ -->\n<title>L&#039;If du Canada et l&#039;if japonais Capitata - Arboplus<\/title>\n<meta name=\"description\" content=\"L&#039;if est d\u00e9finitivement un arbuste \u00e0 recommander pour ornementer votre plate-bande. Il en existe de nombreuses vari\u00e9t\u00e9s, formes, couleurs et grandeurs.\" \/>\n<meta name=\"robots\" content=\"index, follow, max-snippet:-1, max-image-preview:large, max-video-preview:-1\" \/>\n<link rel=\"canonical\" href=\"https:\/\/www.arboplus.ca\/blog\/essences-arbres\/if-du-canada-if-japonais-capitata.html\" \/>\n<meta property=\"og:locale\" content=\"fr_CA\" \/>\n<meta property=\"og:type\" content=\"article\" \/>\n<meta property=\"og:title\" content=\"L&#039;If du Canada et l&#039;if japonais Capitata - Arboplus\" \/>\n<meta property=\"og:description\" content=\"L&#039;if est d\u00e9finitivement un arbuste \u00e0 recommander pour ornementer votre plate-bande. Il en existe de nombreuses vari\u00e9t\u00e9s, formes, couleurs et grandeurs.\" \/>\n<meta property=\"og:url\" content=\"https:\/\/www.arboplus.ca\/blog\/essences-arbres\/if-du-canada-if-japonais-capitata.html\" \/>\n<meta property=\"og:site_name\" content=\"Arboplus\" \/>\n<meta property=\"article:published_time\" content=\"2021-09-14T17:00:55+00:00\" \/>\n<meta property=\"article:modified_time\" content=\"2022-04-02T17:56:32+00:00\" \/>\n<meta property=\"og:image\" content=\"https:\/\/www.arboplus.ca\/blog\/wp-content\/uploads\/2021\/09\/if-du-japon-mini-arbre-au-quebec.jpg\" \/>\n\t<meta property=\"og:image:width\" content=\"1920\" \/>\n\t<meta property=\"og:image:height\" content=\"1080\" \/>\n\t<meta property=\"og:image:type\" content=\"image\/jpeg\" \/>\n<meta name=\"author\" content=\"Dominic Perugino\" \/>\n<meta name=\"twitter:label1\" content=\"\u00c9crit par\" \/>\n\t<meta name=\"twitter:data1\" content=\"Dominic Perugino\" \/>\n\t<meta name=\"twitter:label2\" content=\"Estimation du temps de lecture\" \/>\n\t<meta name=\"twitter:data2\" content=\"4 minutes\" \/>\n<script type=\"application\/ld+json\" class=\"yoast-schema-graph\">{\"@context\":\"https:\/\/schema.org\",\"@graph\":[{\"@type\":\"WebPage\",\"@id\":\"https:\/\/www.arboplus.ca\/blog\/essences-arbres\/if-du-canada-if-japonais-capitata.html\",\"url\":\"https:\/\/www.arboplus.ca\/blog\/essences-arbres\/if-du-canada-if-japonais-capitata.html\",\"name\":\"L'If du Canada et l'if japonais Capitata - Arboplus\",\"isPartOf\":{\"@id\":\"https:\/\/www.arboplus.ca\/blog\/#website\"},\"primaryImageOfPage\":{\"@id\":\"https:\/\/www.arboplus.ca\/blog\/essences-arbres\/if-du-canada-if-japonais-capitata.html#primaryimage\"},\"image\":{\"@id\":\"https:\/\/www.arboplus.ca\/blog\/essences-arbres\/if-du-canada-if-japonais-capitata.html#primaryimage\"},\"thumbnailUrl\":\"https:\/\/www.arboplus.ca\/blog\/wp-content\/uploads\/2021\/09\/if-du-japon-mini-arbre-au-quebec.jpg\",\"datePublished\":\"2021-09-14T17:00:55+00:00\",\"dateModified\":\"2022-04-02T17:56:32+00:00\",\"author\":{\"@id\":\"https:\/\/www.arboplus.ca\/blog\/#\/schema\/person\/c4e4c82ad12349aafba47d44193f5540\"},\"description\":\"L'if est d\u00e9finitivement un arbuste \u00e0 recommander pour ornementer votre plate-bande. Il en existe de nombreuses vari\u00e9t\u00e9s, formes, couleurs et grandeurs.\",\"breadcrumb\":{\"@id\":\"https:\/\/www.arboplus.ca\/blog\/essences-arbres\/if-du-canada-if-japonais-capitata.html#breadcrumb\"},\"inLanguage\":\"fr-CA\",\"potentialAction\":[{\"@type\":\"ReadAction\",\"target\":[\"https:\/\/www.arboplus.ca\/blog\/essences-arbres\/if-du-canada-if-japonais-capitata.html\"]}]},{\"@type\":\"ImageObject\",\"inLanguage\":\"fr-CA\",\"@id\":\"https:\/\/www.arboplus.ca\/blog\/essences-arbres\/if-du-canada-if-japonais-capitata.html#primaryimage\",\"url\":\"https:\/\/www.arboplus.ca\/blog\/wp-content\/uploads\/2021\/09\/if-du-japon-mini-arbre-au-quebec.jpg\",\"contentUrl\":\"https:\/\/www.arboplus.ca\/blog\/wp-content\/uploads\/2021\/09\/if-du-japon-mini-arbre-au-quebec.jpg\",\"width\":1920,\"height\":1080,\"caption\":\"L'If du Japon - parfait petit arbre d\u00e9coratif pour le Qu\u00e9bec\"},{\"@type\":\"BreadcrumbList\",\"@id\":\"https:\/\/www.arboplus.ca\/blog\/essences-arbres\/if-du-canada-if-japonais-capitata.html#breadcrumb\",\"itemListElement\":[{\"@type\":\"ListItem\",\"position\":1,\"name\":\"Accueil\",\"item\":\"https:\/\/www.arboplus.ca\/blog\/\"},{\"@type\":\"ListItem\",\"position\":2,\"name\":\"L\u2019if du Canada\"}]},{\"@type\":\"WebSite\",\"@id\":\"https:\/\/www.arboplus.ca\/blog\/#website\",\"url\":\"https:\/\/www.arboplus.ca\/blog\/\",\"name\":\"Arboplus\",\"description\":\"Magazine arboricole\",\"potentialAction\":[{\"@type\":\"SearchAction\",\"target\":{\"@type\":\"EntryPoint\",\"urlTemplate\":\"https:\/\/www.arboplus.ca\/blog\/?s={search_term_string}\"},\"query-input\":{\"@type\":\"PropertyValueSpecification\",\"valueRequired\":true,\"valueName\":\"search_term_string\"}}],\"inLanguage\":\"fr-CA\"},{\"@type\":\"Person\",\"@id\":\"https:\/\/www.arboplus.ca\/blog\/#\/schema\/person\/c4e4c82ad12349aafba47d44193f5540\",\"name\":\"Dominic Perugino\",\"image\":{\"@type\":\"ImageObject\",\"inLanguage\":\"fr-CA\",\"@id\":\"https:\/\/www.arboplus.ca\/blog\/#\/schema\/person\/image\/\",\"url\":\"https:\/\/secure.gravatar.com\/avatar\/0027ec1e3f6852cb4655750d4303f090?s=96&d=mm&r=g\",\"contentUrl\":\"https:\/\/secure.gravatar.com\/avatar\/0027ec1e3f6852cb4655750d4303f090?s=96&d=mm&r=g\",\"caption\":\"Dominic Perugino\"},\"url\":\"https:\/\/www.arboplus.ca\/blog\/author\/dominic-perugino\"}]}<\/script>\n<!-- \/ Yoast SEO plugin. -->","yoast_head_json":{"title":"L'If du Canada et l'if japonais Capitata - Arboplus","description":"L'if est d\u00e9finitivement un arbuste \u00e0 recommander pour ornementer votre plate-bande. Il en existe de nombreuses vari\u00e9t\u00e9s, formes, couleurs et grandeurs.","robots":{"index":"index","follow":"follow","max-snippet":"max-snippet:-1","max-image-preview":"max-image-preview:large","max-video-preview":"max-video-preview:-1"},"canonical":"https:\/\/www.arboplus.ca\/blog\/essences-arbres\/if-du-canada-if-japonais-capitata.html","og_locale":"fr_CA","og_type":"article","og_title":"L'If du Canada et l'if japonais Capitata - Arboplus","og_description":"L'if est d\u00e9finitivement un arbuste \u00e0 recommander pour ornementer votre plate-bande. Il en existe de nombreuses vari\u00e9t\u00e9s, formes, couleurs et grandeurs.","og_url":"https:\/\/www.arboplus.ca\/blog\/essences-arbres\/if-du-canada-if-japonais-capitata.html","og_site_name":"Arboplus","article_published_time":"2021-09-14T17:00:55+00:00","article_modified_time":"2022-04-02T17:56:32+00:00","og_image":[{"width":1920,"height":1080,"url":"https:\/\/www.arboplus.ca\/blog\/wp-content\/uploads\/2021\/09\/if-du-japon-mini-arbre-au-quebec.jpg","type":"image\/jpeg"}],"author":"Dominic Perugino","twitter_misc":{"\u00c9crit par":"Dominic Perugino","Estimation du temps de lecture":"4 minutes"},"schema":{"@context":"https:\/\/schema.org","@graph":[{"@type":"WebPage","@id":"https:\/\/www.arboplus.ca\/blog\/essences-arbres\/if-du-canada-if-japonais-capitata.html","url":"https:\/\/www.arboplus.ca\/blog\/essences-arbres\/if-du-canada-if-japonais-capitata.html","name":"L'If du Canada et l'if japonais Capitata - Arboplus","isPartOf":{"@id":"https:\/\/www.arboplus.ca\/blog\/#website"},"primaryImageOfPage":{"@id":"https:\/\/www.arboplus.ca\/blog\/essences-arbres\/if-du-canada-if-japonais-capitata.html#primaryimage"},"image":{"@id":"https:\/\/www.arboplus.ca\/blog\/essences-arbres\/if-du-canada-if-japonais-capitata.html#primaryimage"},"thumbnailUrl":"https:\/\/www.arboplus.ca\/blog\/wp-content\/uploads\/2021\/09\/if-du-japon-mini-arbre-au-quebec.jpg","datePublished":"2021-09-14T17:00:55+00:00","dateModified":"2022-04-02T17:56:32+00:00","author":{"@id":"https:\/\/www.arboplus.ca\/blog\/#\/schema\/person\/c4e4c82ad12349aafba47d44193f5540"},"description":"L'if est d\u00e9finitivement un arbuste \u00e0 recommander pour ornementer votre plate-bande. Il en existe de nombreuses vari\u00e9t\u00e9s, formes, couleurs et grandeurs.","breadcrumb":{"@id":"https:\/\/www.arboplus.ca\/blog\/essences-arbres\/if-du-canada-if-japonais-capitata.html#breadcrumb"},"inLanguage":"fr-CA","potentialAction":[{"@type":"ReadAction","target":["https:\/\/www.arboplus.ca\/blog\/essences-arbres\/if-du-canada-if-japonais-capitata.html"]}]},{"@type":"ImageObject","inLanguage":"fr-CA","@id":"https:\/\/www.arboplus.ca\/blog\/essences-arbres\/if-du-canada-if-japonais-capitata.html#primaryimage","url":"https:\/\/www.arboplus.ca\/blog\/wp-content\/uploads\/2021\/09\/if-du-japon-mini-arbre-au-quebec.jpg","contentUrl":"https:\/\/www.arboplus.ca\/blog\/wp-content\/uploads\/2021\/09\/if-du-japon-mini-arbre-au-quebec.jpg","width":1920,"height":1080,"caption":"L'If du Japon - parfait petit arbre d\u00e9coratif pour le Qu\u00e9bec"},{"@type":"BreadcrumbList","@id":"https:\/\/www.arboplus.ca\/blog\/essences-arbres\/if-du-canada-if-japonais-capitata.html#breadcrumb","itemListElement":[{"@type":"ListItem","position":1,"name":"Accueil","item":"https:\/\/www.arboplus.ca\/blog\/"},{"@type":"ListItem","position":2,"name":"L\u2019if du Canada"}]},{"@type":"WebSite","@id":"https:\/\/www.arboplus.ca\/blog\/#website","url":"https:\/\/www.arboplus.ca\/blog\/","name":"Arboplus","description":"Magazine arboricole","potentialAction":[{"@type":"SearchAction","target":{"@type":"EntryPoint","urlTemplate":"https:\/\/www.arboplus.ca\/blog\/?s={search_term_string}"},"query-input":{"@type":"PropertyValueSpecification","valueRequired":true,"valueName":"search_term_string"}}],"inLanguage":"fr-CA"},{"@type":"Person","@id":"https:\/\/www.arboplus.ca\/blog\/#\/schema\/person\/c4e4c82ad12349aafba47d44193f5540","name":"Dominic Perugino","image":{"@type":"ImageObject","inLanguage":"fr-CA","@id":"https:\/\/www.arboplus.ca\/blog\/#\/schema\/person\/image\/","url":"https:\/\/secure.gravatar.com\/avatar\/0027ec1e3f6852cb4655750d4303f090?s=96&d=mm&r=g","contentUrl":"https:\/\/secure.gravatar.com\/avatar\/0027ec1e3f6852cb4655750d4303f090?s=96&d=mm&r=g","caption":"Dominic Perugino"},"url":"https:\/\/www.arboplus.ca\/blog\/author\/dominic-perugino"}]}},"_links":{"self":[{"href":"https:\/\/www.arboplus.ca\/blog\/wp-json\/wp\/v2\/posts\/5316","targetHints":{"allow":["GET"]}}],"collection":[{"href":"https:\/\/www.arboplus.ca\/blog\/wp-json\/wp\/v2\/posts"}],"about":[{"href":"https:\/\/www.arboplus.ca\/blog\/wp-json\/wp\/v2\/types\/post"}],"author":[{"embeddable":true,"href":"https:\/\/www.arboplus.ca\/blog\/wp-json\/wp\/v2\/users\/2"}],"replies":[{"embeddable":true,"href":"https:\/\/www.arboplus.ca\/blog\/wp-json\/wp\/v2\/comments?post=5316"}],"version-history":[{"count":7,"href":"https:\/\/www.arboplus.ca\/blog\/wp-json\/wp\/v2\/posts\/5316\/revisions"}],"predecessor-version":[{"id":5533,"href":"https:\/\/www.arboplus.ca\/blog\/wp-json\/wp\/v2\/posts\/5316\/revisions\/5533"}],"wp:featuredmedia":[{"embeddable":true,"href":"https:\/\/www.arboplus.ca\/blog\/wp-json\/wp\/v2\/media\/5336"}],"wp:attachment":[{"href":"https:\/\/www.arboplus.ca\/blog\/wp-json\/wp\/v2\/media?parent=5316"}],"wp:term":[{"taxonomy":"category","embeddable":true,"href":"https:\/\/www.arboplus.ca\/blog\/wp-json\/wp\/v2\/categories?post=5316"},{"taxonomy":"post_tag","embeddable":true,"href":"https:\/\/www.arboplus.ca\/blog\/wp-json\/wp\/v2\/tags?post=5316"}],"curies":[{"name":"wp","href":"https:\/\/api.w.org\/{rel}","templated":true}]}}