{"id":5289,"date":"2021-09-02T14:19:08","date_gmt":"2021-09-02T18:19:08","guid":{"rendered":"https:\/\/www.arboplus.ca\/blog\/?p=5289"},"modified":"2022-04-02T13:56:40","modified_gmt":"2022-04-02T17:56:40","slug":"le-cedre-du-canada-thuya-occidentalis","status":"publish","type":"post","link":"https:\/\/www.arboplus.ca\/blog\/essences-arbres\/le-cedre-du-canada-thuya-occidentalis.html","title":{"rendered":"Le c\u00e8dre du Canada"},"content":{"rendered":"<h2>Thuya occidentalis<\/h2>\n<p>Le <a href=\"https:\/\/www.arboplus.ca\/blog\/arboriculture\/comment-identifier-un-arbre-avec-ses-feuilles.html\">thuya<\/a>, que l\u2019on appelle commun\u00e9ment le c\u00e8dre, n\u2019appartient pas proprement \u00e0 la famille du c\u00e8dre. Celle-ci, en effet, est inexistante en Am\u00e9rique, et pourtant l\u2019appellation demeure. Une for\u00eat avec une forte dominance en thuyas s\u2019appelle toujours une c\u00e9dri\u00e8re, allez comprendre\u2026<\/p>\n<p>Hormis cette ambigu\u00eft\u00e9 concernant son nom (et nous l\u2019appellerons volontiers par le nom de c\u00e8dre), il s\u2019agit d\u2019une <a href=\"https:\/\/www.arboplus.ca\/blog\/essences-arbres\/arbres-indigenes.html\">esp\u00e8ce indig\u00e8ne du Qu\u00e9bec<\/a> tr\u00e8s r\u00e9pandue et souvent utilis\u00e9e comme <a href=\"https:\/\/www.arboplus.ca\/blog\/arboriculture\/comment-choisir-un-arbre-pour-mon-jardin.html\">arbre ornemental<\/a>. En g\u00e9n\u00e9ral, on l\u2019utilise pour la confection de haies de c\u00e8dres pour ses propri\u00e9t\u00e9s qui en font un <a href=\"https:\/\/www.arboplus.ca\/blog\/arboriculture\/comment-choisir-un-arbre-pour-mon-jardin.html\">arbre id\u00e9al pour cet usage<\/a>. Il reste vert toute l\u2019ann\u00e9e sans perdre ses feuilles, il r\u00e9siste \u00e0 la taille et se fournit rapidement. Or, il est aussi possible de profiter du c\u00e8dre comme arbre en part enti\u00e8re, sans jamais sortir son taille-haie\u2009!<\/p>\n<div style=\"text-align: center;\"><a class=\"button green medium\" href=\"http:\/\/www.arboplus.ca\/fr\/estimation-gratuite.html\" target=\"_self\" rel=\"noopener\">Demander l&rsquo;\u00e9valuation de mon c\u00e8dre par un arboriculteur <i class=\"fa-chevron-circle-right\"><\/i><\/a><\/div>\n<p>Pour celui qui cherche \u00e0 exploiter le c\u00e8dre blanc comme arbre, il sera int\u00e9ressant de noter qu\u2019il est une essence \u00e0 croissance rapide, il est donc de choix pour un reboisement et pour un jardin qui manque de maturit\u00e9. \u00c0 l\u2019\u00e2ge adulte, il peut atteindre de 15 \u00e0 20 m\u00e8tres de hauteur et quatre m\u00e8tres de largeur. Son tronc devrait atteindre un diam\u00e8tre de 30 centim\u00e8tres, en donnant une apparence unique de torsade et d\u2019irr\u00e9gularit\u00e9. Il n\u2019est pas rare de voir un c\u00e8dre, avec son port pyramidal et bien fourni, ayant un certain angle comme une tour de Pise et parfois m\u00eame avec une longue courbe \u00e0 partir de la base. Lorsque ses pousses annuelles ne sont pas taill\u00e9es, comme le veut la tradition, il sera plut\u00f4t clairsem\u00e9 et laissera entrevoir le tronc avec son \u00e9corce qui donne des couleurs qui vont du brun p\u00e2le au gris. L\u2019\u00e9corce du c\u00e8dre mature s\u2019effiloche en grandes lani\u00e8res.<\/p>\n<div id=\"attachment_5294\" style=\"width: 420px\" class=\"wp-caption alignnone\"><img fetchpriority=\"high\" decoding=\"async\" aria-describedby=\"caption-attachment-5294\" class=\"size-full wp-image-5294\" src=\"http:\/\/www.arboplus.ca\/blog\/wp-content\/uploads\/2021\/09\/cedres-sur-cretes-rocheuses-au-quebec.jpg\" alt=\"C\u00e8dres poussant sur une cr\u00e8te rocheuse\" width=\"410\" height=\"615\" \/><p id=\"caption-attachment-5294\" class=\"wp-caption-text\">C\u00e8dres poussant sur une cr\u00e8te rocheuse<\/p><\/div>\n<p><a href=\"https:\/\/www.arboplus.ca\/blog\/arboriculture\/comment-identifier-un-arbre-avec-ses-feuilles.html\">Les feuilles d\u2019un c\u00e8dre<\/a> se pr\u00e9sentent sous forme d\u2019\u00e9cailles, mais stimulent aussi l\u2019odorat par son odeur caract\u00e9ristique d\u2019huile essentielle. Il suffit de frotter les feuilles en les pressant entre les doigts pour profiter de son ar\u00f4me unique en son genre. Par ailleurs, plusieurs compagnies recyclent les r\u00e9sidus de taille de c\u00e8dres et offrent le ramassage gratuit pour la confection d\u2019huile. D\u2019un vert mat qui, en qualit\u00e9 de conif\u00e8re, perdurera tout l\u2019hiver, le c\u00e8dre est un choix parfait pour procurer de l\u2019intimit\u00e9.<\/p>\n<div id=\"attachment_5296\" style=\"width: 1090px\" class=\"wp-caption alignnone\"><img decoding=\"async\" aria-describedby=\"caption-attachment-5296\" class=\"size-full wp-image-5296\" src=\"http:\/\/www.arboplus.ca\/blog\/wp-content\/uploads\/2021\/09\/feuilles-et-fruits-cedre-du-canada.jpg\" alt=\"Feuilles et fruits du c\u00e8dre du Canada\" width=\"1080\" height=\"723\" \/><p id=\"caption-attachment-5296\" class=\"wp-caption-text\">Feuilles et fruits du c\u00e8dre du Canada<\/p><\/div>\n<p>Le bois du c\u00e8dre est, lui aussi, parfum\u00e9. On l\u2019utilisait jadis comme mat\u00e9riau de r\u00e9sistance \u00e0 l\u2019eau, notamment pour la construction de bateaux.<\/p>\n<h2>Les fruits et la faune<\/h2>\n<p>Les fruits, sans int\u00e9r\u00eat ornemental, sont de petits c\u00f4nes allong\u00e9s d\u2019environ huit millim\u00e8tres. L\u2019int\u00e9r\u00eat revient en revanche aux oiseaux qui s\u2019en nourrissent, alors que l\u2019arbre leur offre par le fait m\u00eame un excellent abri pour y installer un nid.<\/p>\n<h2>Conditions optimales<\/h2>\n<p>Le c\u00e8dre pr\u00e9f\u00e8re les lieux humides, on l&rsquo;aper\u00e7oit g\u00e9n\u00e9ralement <a href=\"https:\/\/www.arboplus.ca\/blog\/developpement-durable\/bande-riveraine.html\">pr\u00e8s des cours d\u2019eau<\/a> et des cr\u00eates rocheuses. Bien qu\u2019il tol\u00e8re l\u2019ombre, il n\u2019est pas rare d\u2019observer un trou par manque de d\u00e9veloppement dans une haie qui manque d\u2019ensoleillement. Avec sa plantation superficielle, il ne menacera pas les structures pr\u00e8s du jardin, et il sera \u00e9galement facile \u00e0 planter. Il faut toutefois veiller \u00e0 ne pas le planter \u00e0 un endroit qui l\u2019exposera \u00e0 du sel de d\u00e9gla\u00e7age.<\/p>\n<h2>\u00c9lagage et entretien du c\u00e8dre<\/h2>\n<p>\u00c9videmment, on pense ici en premier lieu \u00e0 la taille de haie. Pour une haie \u00e9l\u00e9gante, bien fournie et qui reste dans les param\u00e8tres acceptables pour son milieu (proximit\u00e9 avec les fils et autres structures), l\u2019id\u00e9al est de faire une taille des pousses annuelles une \u00e0 deux fois par ann\u00e9e. En revanche, une taille irr\u00e9guli\u00e8re ou une n\u00e9gligence sur plusieurs ann\u00e9es peut obliger \u00e0 dire adieu \u00e0 sa haie\u2009! En effet, une fois les in\u00e9galit\u00e9s install\u00e9es et l\u2019ampleur de la haie \u00e9tablie, il devient impossible au tailleur de haies de lui redonner une forme optimale, faute de pouvoir tailler les pousses annuelles. Car, s\u2019il devait tailler \u00e0 la profondeur n\u00e9cessaire pour redonner l\u2019aspect souhait\u00e9, il serait oblig\u00e9 de tailler plus loin que la verdure, ce qui provoquerait des br\u00fblures et, possiblement, le d\u00e9p\u00e9rissement de la haie puis sa mort.<\/p>\n<div style=\"text-align: center;\"><a class=\"button green medium\" href=\"http:\/\/www.arboplus.ca\/fr\/estimation-gratuite.html\" target=\"_self\" rel=\"noopener\">Planifier un rendez-vous pour une taille de haie de c\u00e8dres <i class=\"fa-chevron-circle-right\"><\/i><\/a><\/div>\n<p>Pour l\u2019entretien d\u2019un c\u00e8dre qui fait figure d\u2019arbre, il s\u2019agira d\u2019interventions minimes. Pour donner un aspect d\u2019arbre, c\u2019est-\u00e0-dire pour que votre c\u00e8dre n\u2019ait pas seulement l\u2019allure d\u2019une grosse boule verte, nous recommandons de tailler le bas de la couronne pour r\u00e9v\u00e9ler le tronc. Il faut ensuite se rappeler que l\u2019aspect d\u2019arbre ordinaire est ce qui est recherch\u00e9, il ne faut donc pas sortir le taille-haie\u2009! On laisse pousser l\u2019arbre \u00e0 sa guise et, au besoin, on surveille l\u2019int\u00e9grit\u00e9 des structures environnantes comme les fils et la toiture.<\/p>\n<h2>Maladies<\/h2>\n<p>Le c\u00e8dre est reconnu comme un arbre tr\u00e8s r\u00e9silient. La seule maladie notable est l\u2019acarien, mais celui-ci ne vient que lors de grandes s\u00e9cheresses. Il suffit donc d\u2019assurer un taux optimal d\u2019humidit\u00e9.<\/p>\n<h2>Bibliographie<\/h2>\n<ul>\n<li>Despr\u00e9s, Catherine, et Ariane Desjardins, Ab\u00e9c\u00e9daire des arbres de A \u00e0 Z, \u00c9ditions Petite Fleur., 2019.<\/li>\n<li>Dumont, Bertrand, Des arbres pour les jardins paysagers: s\u00e9lection, plantation et entretien faciles, 2015.<\/li>\n<li>Farrar, John Laird, Les arbres du Canada, Les Editions Fides, 1996.<\/li>\n<li>Hodgson, Larry., Arbres, Saint-Constant, Qc, Broquet, 2012.<\/li>\n<li>Innes, Louise et al., Principales maladies des arbres au Qu\u00e9bec, Qu\u00e9bec, Publications du Qu\u00e9bec, 2006.<\/li>\n<li>Leboeuf, Michel, Arbres et plantes foresti\u00e8res du Qu\u00e9bec et des Maritimes, 2016.<\/li>\n<li>Pellerin, Gervais, et Hydro-Qu\u00e9bec, R\u00e9pertoire des arbres et arbustes ornementaux: 1760 esp\u00e8ces et vari\u00e9t\u00e9s de v\u00e9g\u00e9taux du Qu\u00e9bec, Montr\u00e9al, Hydro-Qu\u00e9bec, 2010.<\/li>\n<li>Williams, Michael D, Guide d\u2019identification des arbres du Qu\u00e9bec et de l\u2019est de l\u2019Am\u00e9rique du Nord, Saint-Constant, Qu\u00e9bec, Broquet, 2008.<\/li>\n<\/ul>\n","protected":false},"excerpt":{"rendered":"<p>En g\u00e9n\u00e9ral, on l\u2019utilise pour la confection de haies de c\u00e8dres pour ses propri\u00e9t\u00e9s qui en font un arbre id\u00e9al pour cet usage. Il reste vert toute l\u2019ann\u00e9e sans perdre ses feuilles, il r\u00e9siste \u00e0 la taille et se fournit rapidement.<\/p>\n","protected":false},"author":2,"featured_media":5298,"comment_status":"open","ping_status":"open","sticky":false,"template":"","format":"standard","meta":{"footnotes":""},"categories":[12],"tags":[2769,632,1986,50,2747,2789,419,2793,2757,2785,2764,2782,898,2797,2742,2744,2762,2763,2767,2787,2772,2773,2783,305,2753,292,2777,2745,2749,2776,2743,2754,206,2755,2795,2786,2779,2746,2231,2784,205,2792,2791,2771,2794,2765,2770,2756,233,2768,2775,417,2752,2780,2750,2760,2761,2759,2766,2788,502,2790,2758,2778,2781,2748,2796,897,2741,2774,2751,2111],"class_list":["post-5289","post","type-post","status-publish","format-standard","has-post-thumbnail","hentry","category-essences-arbres","tag-abri","tag-acarien","tag-amerique","tag-arbre","tag-arbre-ideal","tag-arbre-ordinaire","tag-arbre-ornemental","tag-arbre-tres-resilient","tag-arome-unique","tag-aspect-darbre","tag-bois-du-cedre","tag-brulures","tag-cedre","tag-cedre-blanc","tag-cedre-du-canada","tag-cedriere","tag-confection-dhuile","tag-conifere","tag-construction-de-bateaux","tag-couronne","tag-cours-deau","tag-cretes-rocheuses","tag-deperissement","tag-ecorce","tag-ecorce-du-cedre","tag-elevation-de-la-couronne","tag-entretien-du-cedre","tag-espece-indigene-du-quebec","tag-essence-a-croissance-rapide","tag-facile-a-planter","tag-famille-du-cedre","tag-feuilles-du-cedre","tag-foret","tag-forme-decaille","tag-grandes-secheresses","tag-grosse-boule-verte","tag-haie-elegante","tag-haies-de-cedres","tag-huile-essentielle","tag-interventions-minimes","tag-jardin","tag-la-toiture","tag-les-fils","tag-lieux-humides","tag-maladie-notable","tag-materiau-resistant-a-leau","tag-nid","tag-odeur-caracteristique","tag-oiseaux","tag-petits-cones","tag-plantation-superficielle","tag-port-pyramidal","tag-pousses-annuelles","tag-proximite-avec-les-fils","tag-reboisement","tag-recyclage-cedre","tag-recycler-cedre","tag-residus-de-cedres","tag-resistance-a-leau","tag-reveler-le-tronc","tag-sel-de-deglacage","tag-structures-environnantes","tag-taille-de-cedres","tag-taille-de-haie","tag-taille-irreguliere","tag-taille-haie","tag-taux-optimal-dhumidite","tag-thuya","tag-thuya-occidentalis","tag-tolere-lombre","tag-tour-de-pise","tag-verdure"],"yoast_head":"<!-- This site is optimized with the Yoast SEO plugin v24.7 - https:\/\/yoast.com\/wordpress\/plugins\/seo\/ -->\n<title>Le c\u00e8dre du Canada - Thuya occidentalis - Arboplus<\/title>\n<meta name=\"description\" content=\"En g\u00e9n\u00e9ral, on l\u2019utilise pour la confection de haies de c\u00e8dres. Il reste vert toute l\u2019ann\u00e9e et r\u00e9siste bien \u00e0 la taille.\" \/>\n<meta name=\"robots\" content=\"index, follow, max-snippet:-1, max-image-preview:large, max-video-preview:-1\" \/>\n<link rel=\"canonical\" href=\"https:\/\/www.arboplus.ca\/blog\/essences-arbres\/le-cedre-du-canada-thuya-occidentalis.html\" \/>\n<meta property=\"og:locale\" content=\"fr_CA\" \/>\n<meta property=\"og:type\" content=\"article\" \/>\n<meta property=\"og:title\" content=\"Le c\u00e8dre du Canada - Thuya occidentalis - Arboplus\" \/>\n<meta property=\"og:description\" content=\"En g\u00e9n\u00e9ral, on l\u2019utilise pour la confection de haies de c\u00e8dres. Il reste vert toute l\u2019ann\u00e9e et r\u00e9siste bien \u00e0 la taille.\" \/>\n<meta property=\"og:url\" content=\"https:\/\/www.arboplus.ca\/blog\/essences-arbres\/le-cedre-du-canada-thuya-occidentalis.html\" \/>\n<meta property=\"og:site_name\" content=\"Arboplus\" \/>\n<meta property=\"article:published_time\" content=\"2021-09-02T18:19:08+00:00\" \/>\n<meta property=\"article:modified_time\" content=\"2022-04-02T17:56:40+00:00\" \/>\n<meta property=\"og:image\" content=\"https:\/\/www.arboplus.ca\/blog\/wp-content\/uploads\/2021\/09\/cedre-blanc-thuya-occidentis-amerique-du-nord.jpg\" \/>\n\t<meta property=\"og:image:width\" content=\"1920\" \/>\n\t<meta property=\"og:image:height\" content=\"1080\" \/>\n\t<meta property=\"og:image:type\" content=\"image\/jpeg\" \/>\n<meta name=\"author\" content=\"Dominic Perugino\" \/>\n<meta name=\"twitter:label1\" content=\"\u00c9crit par\" \/>\n\t<meta name=\"twitter:data1\" content=\"Dominic Perugino\" \/>\n\t<meta name=\"twitter:label2\" content=\"Estimation du temps de lecture\" \/>\n\t<meta name=\"twitter:data2\" content=\"5 minutes\" \/>\n<script type=\"application\/ld+json\" class=\"yoast-schema-graph\">{\"@context\":\"https:\/\/schema.org\",\"@graph\":[{\"@type\":\"WebPage\",\"@id\":\"https:\/\/www.arboplus.ca\/blog\/essences-arbres\/le-cedre-du-canada-thuya-occidentalis.html\",\"url\":\"https:\/\/www.arboplus.ca\/blog\/essences-arbres\/le-cedre-du-canada-thuya-occidentalis.html\",\"name\":\"Le c\u00e8dre du Canada - Thuya occidentalis - Arboplus\",\"isPartOf\":{\"@id\":\"https:\/\/www.arboplus.ca\/blog\/#website\"},\"primaryImageOfPage\":{\"@id\":\"https:\/\/www.arboplus.ca\/blog\/essences-arbres\/le-cedre-du-canada-thuya-occidentalis.html#primaryimage\"},\"image\":{\"@id\":\"https:\/\/www.arboplus.ca\/blog\/essences-arbres\/le-cedre-du-canada-thuya-occidentalis.html#primaryimage\"},\"thumbnailUrl\":\"https:\/\/www.arboplus.ca\/blog\/wp-content\/uploads\/2021\/09\/cedre-blanc-thuya-occidentis-amerique-du-nord.jpg\",\"datePublished\":\"2021-09-02T18:19:08+00:00\",\"dateModified\":\"2022-04-02T17:56:40+00:00\",\"author\":{\"@id\":\"https:\/\/www.arboplus.ca\/blog\/#\/schema\/person\/c4e4c82ad12349aafba47d44193f5540\"},\"description\":\"En g\u00e9n\u00e9ral, on l\u2019utilise pour la confection de haies de c\u00e8dres. Il reste vert toute l\u2019ann\u00e9e et r\u00e9siste bien \u00e0 la taille.\",\"breadcrumb\":{\"@id\":\"https:\/\/www.arboplus.ca\/blog\/essences-arbres\/le-cedre-du-canada-thuya-occidentalis.html#breadcrumb\"},\"inLanguage\":\"fr-CA\",\"potentialAction\":[{\"@type\":\"ReadAction\",\"target\":[\"https:\/\/www.arboplus.ca\/blog\/essences-arbres\/le-cedre-du-canada-thuya-occidentalis.html\"]}]},{\"@type\":\"ImageObject\",\"inLanguage\":\"fr-CA\",\"@id\":\"https:\/\/www.arboplus.ca\/blog\/essences-arbres\/le-cedre-du-canada-thuya-occidentalis.html#primaryimage\",\"url\":\"https:\/\/www.arboplus.ca\/blog\/wp-content\/uploads\/2021\/09\/cedre-blanc-thuya-occidentis-amerique-du-nord.jpg\",\"contentUrl\":\"https:\/\/www.arboplus.ca\/blog\/wp-content\/uploads\/2021\/09\/cedre-blanc-thuya-occidentis-amerique-du-nord.jpg\",\"width\":1920,\"height\":1080,\"caption\":\"C\u00e8dre blanc en Am\u00e9rique du nord\"},{\"@type\":\"BreadcrumbList\",\"@id\":\"https:\/\/www.arboplus.ca\/blog\/essences-arbres\/le-cedre-du-canada-thuya-occidentalis.html#breadcrumb\",\"itemListElement\":[{\"@type\":\"ListItem\",\"position\":1,\"name\":\"Accueil\",\"item\":\"https:\/\/www.arboplus.ca\/blog\/\"},{\"@type\":\"ListItem\",\"position\":2,\"name\":\"Le c\u00e8dre du Canada\"}]},{\"@type\":\"WebSite\",\"@id\":\"https:\/\/www.arboplus.ca\/blog\/#website\",\"url\":\"https:\/\/www.arboplus.ca\/blog\/\",\"name\":\"Arboplus\",\"description\":\"Magazine arboricole\",\"potentialAction\":[{\"@type\":\"SearchAction\",\"target\":{\"@type\":\"EntryPoint\",\"urlTemplate\":\"https:\/\/www.arboplus.ca\/blog\/?s={search_term_string}\"},\"query-input\":{\"@type\":\"PropertyValueSpecification\",\"valueRequired\":true,\"valueName\":\"search_term_string\"}}],\"inLanguage\":\"fr-CA\"},{\"@type\":\"Person\",\"@id\":\"https:\/\/www.arboplus.ca\/blog\/#\/schema\/person\/c4e4c82ad12349aafba47d44193f5540\",\"name\":\"Dominic Perugino\",\"image\":{\"@type\":\"ImageObject\",\"inLanguage\":\"fr-CA\",\"@id\":\"https:\/\/www.arboplus.ca\/blog\/#\/schema\/person\/image\/\",\"url\":\"https:\/\/secure.gravatar.com\/avatar\/0027ec1e3f6852cb4655750d4303f090?s=96&d=mm&r=g\",\"contentUrl\":\"https:\/\/secure.gravatar.com\/avatar\/0027ec1e3f6852cb4655750d4303f090?s=96&d=mm&r=g\",\"caption\":\"Dominic Perugino\"},\"url\":\"https:\/\/www.arboplus.ca\/blog\/author\/dominic-perugino\"}]}<\/script>\n<!-- \/ Yoast SEO plugin. -->","yoast_head_json":{"title":"Le c\u00e8dre du Canada - Thuya occidentalis - Arboplus","description":"En g\u00e9n\u00e9ral, on l\u2019utilise pour la confection de haies de c\u00e8dres. Il reste vert toute l\u2019ann\u00e9e et r\u00e9siste bien \u00e0 la taille.","robots":{"index":"index","follow":"follow","max-snippet":"max-snippet:-1","max-image-preview":"max-image-preview:large","max-video-preview":"max-video-preview:-1"},"canonical":"https:\/\/www.arboplus.ca\/blog\/essences-arbres\/le-cedre-du-canada-thuya-occidentalis.html","og_locale":"fr_CA","og_type":"article","og_title":"Le c\u00e8dre du Canada - Thuya occidentalis - Arboplus","og_description":"En g\u00e9n\u00e9ral, on l\u2019utilise pour la confection de haies de c\u00e8dres. Il reste vert toute l\u2019ann\u00e9e et r\u00e9siste bien \u00e0 la taille.","og_url":"https:\/\/www.arboplus.ca\/blog\/essences-arbres\/le-cedre-du-canada-thuya-occidentalis.html","og_site_name":"Arboplus","article_published_time":"2021-09-02T18:19:08+00:00","article_modified_time":"2022-04-02T17:56:40+00:00","og_image":[{"width":1920,"height":1080,"url":"https:\/\/www.arboplus.ca\/blog\/wp-content\/uploads\/2021\/09\/cedre-blanc-thuya-occidentis-amerique-du-nord.jpg","type":"image\/jpeg"}],"author":"Dominic Perugino","twitter_misc":{"\u00c9crit par":"Dominic Perugino","Estimation du temps de lecture":"5 minutes"},"schema":{"@context":"https:\/\/schema.org","@graph":[{"@type":"WebPage","@id":"https:\/\/www.arboplus.ca\/blog\/essences-arbres\/le-cedre-du-canada-thuya-occidentalis.html","url":"https:\/\/www.arboplus.ca\/blog\/essences-arbres\/le-cedre-du-canada-thuya-occidentalis.html","name":"Le c\u00e8dre du Canada - Thuya occidentalis - Arboplus","isPartOf":{"@id":"https:\/\/www.arboplus.ca\/blog\/#website"},"primaryImageOfPage":{"@id":"https:\/\/www.arboplus.ca\/blog\/essences-arbres\/le-cedre-du-canada-thuya-occidentalis.html#primaryimage"},"image":{"@id":"https:\/\/www.arboplus.ca\/blog\/essences-arbres\/le-cedre-du-canada-thuya-occidentalis.html#primaryimage"},"thumbnailUrl":"https:\/\/www.arboplus.ca\/blog\/wp-content\/uploads\/2021\/09\/cedre-blanc-thuya-occidentis-amerique-du-nord.jpg","datePublished":"2021-09-02T18:19:08+00:00","dateModified":"2022-04-02T17:56:40+00:00","author":{"@id":"https:\/\/www.arboplus.ca\/blog\/#\/schema\/person\/c4e4c82ad12349aafba47d44193f5540"},"description":"En g\u00e9n\u00e9ral, on l\u2019utilise pour la confection de haies de c\u00e8dres. Il reste vert toute l\u2019ann\u00e9e et r\u00e9siste bien \u00e0 la taille.","breadcrumb":{"@id":"https:\/\/www.arboplus.ca\/blog\/essences-arbres\/le-cedre-du-canada-thuya-occidentalis.html#breadcrumb"},"inLanguage":"fr-CA","potentialAction":[{"@type":"ReadAction","target":["https:\/\/www.arboplus.ca\/blog\/essences-arbres\/le-cedre-du-canada-thuya-occidentalis.html"]}]},{"@type":"ImageObject","inLanguage":"fr-CA","@id":"https:\/\/www.arboplus.ca\/blog\/essences-arbres\/le-cedre-du-canada-thuya-occidentalis.html#primaryimage","url":"https:\/\/www.arboplus.ca\/blog\/wp-content\/uploads\/2021\/09\/cedre-blanc-thuya-occidentis-amerique-du-nord.jpg","contentUrl":"https:\/\/www.arboplus.ca\/blog\/wp-content\/uploads\/2021\/09\/cedre-blanc-thuya-occidentis-amerique-du-nord.jpg","width":1920,"height":1080,"caption":"C\u00e8dre blanc en Am\u00e9rique du nord"},{"@type":"BreadcrumbList","@id":"https:\/\/www.arboplus.ca\/blog\/essences-arbres\/le-cedre-du-canada-thuya-occidentalis.html#breadcrumb","itemListElement":[{"@type":"ListItem","position":1,"name":"Accueil","item":"https:\/\/www.arboplus.ca\/blog\/"},{"@type":"ListItem","position":2,"name":"Le c\u00e8dre du Canada"}]},{"@type":"WebSite","@id":"https:\/\/www.arboplus.ca\/blog\/#website","url":"https:\/\/www.arboplus.ca\/blog\/","name":"Arboplus","description":"Magazine arboricole","potentialAction":[{"@type":"SearchAction","target":{"@type":"EntryPoint","urlTemplate":"https:\/\/www.arboplus.ca\/blog\/?s={search_term_string}"},"query-input":{"@type":"PropertyValueSpecification","valueRequired":true,"valueName":"search_term_string"}}],"inLanguage":"fr-CA"},{"@type":"Person","@id":"https:\/\/www.arboplus.ca\/blog\/#\/schema\/person\/c4e4c82ad12349aafba47d44193f5540","name":"Dominic Perugino","image":{"@type":"ImageObject","inLanguage":"fr-CA","@id":"https:\/\/www.arboplus.ca\/blog\/#\/schema\/person\/image\/","url":"https:\/\/secure.gravatar.com\/avatar\/0027ec1e3f6852cb4655750d4303f090?s=96&d=mm&r=g","contentUrl":"https:\/\/secure.gravatar.com\/avatar\/0027ec1e3f6852cb4655750d4303f090?s=96&d=mm&r=g","caption":"Dominic Perugino"},"url":"https:\/\/www.arboplus.ca\/blog\/author\/dominic-perugino"}]}},"_links":{"self":[{"href":"https:\/\/www.arboplus.ca\/blog\/wp-json\/wp\/v2\/posts\/5289","targetHints":{"allow":["GET"]}}],"collection":[{"href":"https:\/\/www.arboplus.ca\/blog\/wp-json\/wp\/v2\/posts"}],"about":[{"href":"https:\/\/www.arboplus.ca\/blog\/wp-json\/wp\/v2\/types\/post"}],"author":[{"embeddable":true,"href":"https:\/\/www.arboplus.ca\/blog\/wp-json\/wp\/v2\/users\/2"}],"replies":[{"embeddable":true,"href":"https:\/\/www.arboplus.ca\/blog\/wp-json\/wp\/v2\/comments?post=5289"}],"version-history":[{"count":7,"href":"https:\/\/www.arboplus.ca\/blog\/wp-json\/wp\/v2\/posts\/5289\/revisions"}],"predecessor-version":[{"id":5379,"href":"https:\/\/www.arboplus.ca\/blog\/wp-json\/wp\/v2\/posts\/5289\/revisions\/5379"}],"wp:featuredmedia":[{"embeddable":true,"href":"https:\/\/www.arboplus.ca\/blog\/wp-json\/wp\/v2\/media\/5298"}],"wp:attachment":[{"href":"https:\/\/www.arboplus.ca\/blog\/wp-json\/wp\/v2\/media?parent=5289"}],"wp:term":[{"taxonomy":"category","embeddable":true,"href":"https:\/\/www.arboplus.ca\/blog\/wp-json\/wp\/v2\/categories?post=5289"},{"taxonomy":"post_tag","embeddable":true,"href":"https:\/\/www.arboplus.ca\/blog\/wp-json\/wp\/v2\/tags?post=5289"}],"curies":[{"name":"wp","href":"https:\/\/api.w.org\/{rel}","templated":true}]}}