{"id":5259,"date":"2021-08-26T11:00:18","date_gmt":"2021-08-26T15:00:18","guid":{"rendered":"https:\/\/www.arboplus.ca\/blog\/?p=5259"},"modified":"2021-09-11T09:10:54","modified_gmt":"2021-09-11T13:10:54","slug":"le-travail-au-noir-et-larboriculture","status":"publish","type":"post","link":"https:\/\/www.arboplus.ca\/blog\/philosophie\/le-travail-au-noir-et-larboriculture.html","title":{"rendered":"Le travail au noir et l\u2019arboriculture"},"content":{"rendered":"<h2>Entreprises en arboriculture<\/h2>\n<p>Au moment de faire une estimation avec un entrepreneur, on vient souvent se poser la traditionnelle question : \u00ab si je te paye en argent comptant? \u00bb. Il arrive aussi que ce soit l\u2019entrepreneur qui l\u2019offre pour rendre sa soumission plus attirante. Esp\u00e9rant \u00e9conomiser ainsi quelques dollars, le client serre la main de son entrepreneur, scellant ainsi un contrat sans signatures ;c&rsquo;est ce que l\u2019on appelle pertinemment le travail \u00ab au noir \u00bb. Il est dans la noirceur parce qu\u2019il est invisible aux organismes fiscaux et d\u2019assurances tant publiques que priv\u00e9es. Avec les enjeux \u00e9thiques et les dangers de certains m\u00e9tiers, en particulier dans le domaine de l\u2019<a href=\"https:\/\/www.arboplus.ca\/blog\/arboriculture\/arboriculture-101.html\">arboriculture<\/a>, le travail au noir est une tr\u00e8s, tr\u00e8s mauvaise id\u00e9e. Voyons plus en profondeur les raisons de d\u00e9clarer les travaux que l\u2019on fait chez soi.<\/p>\n<div style=\"text-align: center;\"><a class=\"button green medium\" href=\"http:\/\/www.arboplus.ca\/fr\/estimation-gratuite.html\" target=\"_self\" rel=\"noopener\">Planifier un rendez-vous avec un arboriste-expert <i class=\"fa-chevron-circle-right\"><\/i><\/a><\/div>\n<h2>La redistribution<\/h2>\n<p>Permettez-moi un t\u00e9moignage personnel en guise d\u2019argument. Au centre de mes souvenirs de jeunesse se trouve le combat que j\u2019ai d\u00fb mener contre l\u2019asthme. Dans les ann\u00e9es 80, cette maladie n\u2019\u00e9tait pas encore tr\u00e8s r\u00e9pandue, j\u2019\u00e9tais donc le seul \u00e9l\u00e8ve de la classe qui devait tra\u00eener une curieuse petite pompe avec lui. Lors de crises d\u2019asthme les pompes n\u2019\u00e9taient pas suffisantes, il fallait donc aller \u00e0 l&rsquo;h\u00f4pital pour une hospitalisation de plusieurs jours avec des traitements plus agressifs. Les pompes \u00e9taient, pour une bonne partie, couvertes par l\u2019assurance maladie. Les visites \u00e0 l\u2019h\u00f4pital \u00e9taient gratuites. Vous voyez o\u00f9 je veux en venir\u2026<br \/>\nUne autre anecdote personnelle. Il y a quelques ann\u00e9es, mon grand-p\u00e8re avait \u00e9t\u00e9 diagnostiqu\u00e9 d\u2019un cancer de la peau bien particulier qui pouvait se traiter avec un nouveau m\u00e9dicament. Celui-ci co\u00fbtait environ huit milles dollars par mois, mais cela ne nous a rien co\u00fbt\u00e9, \u00e9videmment. Il ne faut pas oublier, pour lui aussi, les visites \u00e0 l\u2019h\u00f4pital, mais aussi les interventions \u00e0 domicile des infirmi\u00e8res du CLSC pour le suivi de son \u00e9tat de sant\u00e9 et pour l\u2019entretien quotidien de ses pansements. Pour faire le relais, une infirmi\u00e8re m\u2019avait donn\u00e9 une formation gratuite pour que je puisse moi-m\u00eame faire le pansement, et ainsi l\u2019infirmi\u00e8re pouvait se lib\u00e9rer pour s\u2019occuper d\u2019autres visites \u00e0 domicile de patients en attente.<\/p>\n<p>Que celui qui a des yeux voit ce qui ne va pas avec le travail au noir ; c\u2019est l\u2019enjeu principal sur lequel nous voulons insister. Certes, vous n\u2019avez peut-\u00eatre jamais b\u00e9n\u00e9fici\u00e9 de soins tels que ceux que nous avons mentionn\u00e9s, mais \u00e7a pourrait vous arriver, \u00e0 vous ou \u00e0 l&rsquo;un de vos proches. Et ceci n\u2019est qu\u2019un domaine, nous n\u2019avons rien dit de l\u2019\u00e9cole primaire et secondaire gratuites. Le but n\u2019est pas d\u2019entrer dans tous les d\u00e9tails. C\u2019est seulement de dire, et d\u2019insister sur ceci : les services dont nous b\u00e9n\u00e9ficions sont pay\u00e9s par les taxes. Si je choisis d\u2019engager quelqu\u2019un pour travailler au noir, ou si je choisis de moi-m\u00eame faire des travaux sans les d\u00e9clarer, c\u2019est comme si je disais que je ne souhaite pas payer pour un autre enfant asthmatique ou pour une personne prise d&rsquo;un cancer, mais que, moi, je m\u00e9rite d\u2019obtenir ces soins gratuitement.<\/p>\n<p>Cet enjeu est donc le principal : notre int\u00e9grit\u00e9 \u00e0 tout un chacun. Les petits slogans remontent parfois \u00e0 la conscience pour se donner une pseudo justification : \u00ab le gouvernement nous vole chaque jour \u00bb, par exemple. C\u2019est l\u00e0 bien une parole dite par quelqu\u2019un qui sait \u00eatre en train de faire le mal ; c\u2019est comme dire : \u00ab c\u2019est lui qui a commenc\u00e9 \u00bb. On aura beau se donner toutes les d\u00e9faites pour se d\u00e9gager de nos responsabilit\u00e9s, il n\u2019en demeure pas moins que ce sont les taxes qui payent pour nos services, si nous ne voulons pas les payer, nous sommes en train de dire que nous m\u00e9ritons d\u2019en b\u00e9n\u00e9ficier sans payer.<\/p>\n<h2>Les dangers et les risques du m\u00e9tier d&rsquo;\u00e9lagueur<\/h2>\n<p>L\u2019argument de l\u2019int\u00e9grit\u00e9 personnelle devrait \u00eatre suffisant pour que l\u2019on s\u2019arr\u00eate et que l\u2019on se demande si notre conscience ne vaut pas plus cher que quelques dollars sauv\u00e9s en taxes. Mais, il existe, pour le domaine de l\u2019arboriculture, d\u2019autres raisons bien s\u00e9rieuses pour ne jamais faire de travaux sans les d\u00e9clarer.<\/p>\n<p>D\u2019abord, une compagnie s\u00e9rieuse d\u2019\u00e9lagage et d\u2019<a href=\"https:\/\/www.arboplus.ca\/blog\/arboriculture\/comment-couper-un-arbre.html\">abattage d\u2019arbres<\/a> d\u00e9tient g\u00e9n\u00e9ralement une assurance variant d\u2019un \u00e0 deux millions de dollars. Faire les travaux au noir signifie que vous n\u2019avez aucune garantie que l\u2019entreprise compensera les dommages qui pourraient avoir lieu sur votre propri\u00e9t\u00e9.<\/p>\n<p>Par la suite, il y a l\u2019absence de facture. Plusieurs \u00e9l\u00e9ments des travaux arboricoles feront l\u2019objet d\u2019une satisfaction ou possible insatisfaction de votre part. Que ce soit l\u2019esth\u00e9tique des travaux d\u2019\u00e9lagage, le d\u00e9gagement et la protection des structures, le <a href=\"https:\/\/www.arboplus.ca\/blog\/arboriculture\/larboriculture-et-les-regles-de-lart.html\">respect des r\u00e8gles de l\u2019art<\/a>, le ramassage des branches et du bois ou encore la propret\u00e9 des lieux, vos travaux ne sont ni vus ni connus. La non-d\u00e9claration des travaux signifie donc aussi l\u2019absence de garantie de suivi.<\/p>\n<p>Le dernier point que nous voulons soulever est la s\u00e9curit\u00e9 pour les employ\u00e9s de chantier. L\u2019arboriculture est <a href=\"https:\/\/www.arboplus.ca\/blog\/arboriculture\/magasiner-un-arboriculteur.html\">un m\u00e9tier dangereux<\/a>. Un entrepreneur qui fait des travaux non d\u00e9clar\u00e9s fait peut-\u00eatre aussi travailler des employ\u00e9s sans les d\u00e9clarer. Ce n\u2019est pas pour rien que les entreprises arboricoles payent le plein prix envers la CNESST\u2026 Il faut le r\u00e9p\u00e9ter, c\u2019est un m\u00e9tier dans lequel m\u00eame les meilleurs v\u00e9t\u00e9rans se blessent. Ainsi, pour tout accident qui aurait potentiellement lieu sur votre propri\u00e9t\u00e9, si les travaux sont faits au noir, les employ\u00e9s pourraient ne b\u00e9n\u00e9ficier d\u2019aucune couverture.<\/p>\n<div id=\"attachment_5262\" style=\"width: 1010px\" class=\"wp-caption alignnone\"><img fetchpriority=\"high\" decoding=\"async\" aria-describedby=\"caption-attachment-5262\" class=\"size-full wp-image-5262\" src=\"http:\/\/www.arboplus.ca\/blog\/wp-content\/uploads\/2021\/07\/elagueur-metier-dangereux-cnesst.png\" alt=\"metier-dangereux-arboriste-elagueur\" width=\"1000\" height=\"714\" \/><p id=\"caption-attachment-5262\" class=\"wp-caption-text\">\u00c9lagueur &#8211; m\u00e9tier \u00e0 hauts risques selon la CNESST<\/p><\/div>\n<h2>Conclusion<\/h2>\n<p>En conclusion, il semble qu\u2019il ne vaille pas m\u00eame la peine de comparer les pours et les contres du travail au noir, l\u2019int\u00e9grit\u00e9 n\u2019ayant pas de prix. Mais il n\u2019en demeure pas moins que m\u00eame sur le plan purement pragmatique, le travail au noir arrive perdant. Le pour : on sauve un peu d\u2019argent. Le contre : on prend toutes sortes de risques inutiles. L\u2019entretien de la flore urbaine est une chose s\u00e9rieuse, il ne faut pas la confier \u00e0 n\u2019importe qui. Il faut plut\u00f4t faire affaire avec une compagnie de conscience qui prend ses responsabilit\u00e9s et qui respecte les r\u00e8gles de l\u2019art. Lorsqu\u2019un entrepreneur vous offre de sauver les taxes ou accepte de faire les travaux au noir, cela ne vous donne-t-il pas l\u2019impression qu\u2019il a quelque chose \u00e0 cacher ?<\/p>\n","protected":false},"excerpt":{"rendered":"<p>Avec les enjeux \u00e9thiques et les dangers de certains m\u00e9tiers, en particulier dans le domaine de l\u2019arboriculture, le travail au noir est une tr\u00e8s, tr\u00e8s mauvaise id\u00e9e.<\/p>\n","protected":false},"author":2,"featured_media":5261,"comment_status":"open","ping_status":"open","sticky":false,"template":"","format":"standard","meta":{"footnotes":""},"categories":[10,8],"tags":[108,2732,2737,2738,53,2702,2717,2709,2711,2710,2718,2719,2705,2720,2734,1840,2723,2706,690,2727,2704,58,2733,2712,2701,2735,2739,2700,2725,436,2724,2714,2715,2722,867,2708,2729,2730,2731,2713,815,2726,2707,2740,2736,2703,2721,2716,2699,981,808,2728],"class_list":["post-5259","post","type-post","status-publish","format-standard","has-post-thumbnail","hentry","category-arboriculture","category-philosophie","tag-abattage-darbre","tag-absence-de-garantie","tag-accident","tag-accident-de-travail","tag-arboriculture","tag-argent-comptant","tag-assurance-maladie","tag-assurances","tag-assurances-privees","tag-assurances-publiques","tag-asthme","tag-cancer","tag-client","tag-clsc","tag-cnesst","tag-compagnie-delagage","tag-conscience","tag-contrat","tag-dangers","tag-dommages","tag-economiser","tag-elagage","tag-employes-de-chantier","tag-enjeux-ethiques","tag-entrepreneur","tag-entreprises-arboricoles","tag-entretien-de-la-flore","tag-estimation","tag-faire-le-mal","tag-flore-urbaine","tag-gouvernement","tag-hopital","tag-hospitalisation","tag-integrite","tag-metier-dangereux","tag-organismes-fiscaux","tag-protection-des-structures","tag-ramassage-des-branches","tag-ramassage-du-bois","tag-redistribution","tag-regles-de-lart","tag-responsabilites","tag-sans-signatures","tag-sauver-les-taxes","tag-securite-des-employes","tag-soumission","tag-taxes","tag-traitements","tag-travail-au-noir","tag-travaux-arboricoles","tag-travaux-delagage","tag-votre-propriete"],"yoast_head":"<!-- This site is optimized with the Yoast SEO plugin v24.7 - https:\/\/yoast.com\/wordpress\/plugins\/seo\/ -->\n<title>Le travail au noir et l\u2019arboriculture - Arboplus<\/title>\n<meta name=\"description\" content=\"Avec les enjeux \u00e9thiques et les dangers dans le domaine de l\u2019arboriculture, le travail au noir est une tr\u00e8s, tr\u00e8s mauvaise id\u00e9e.\" \/>\n<meta name=\"robots\" content=\"index, follow, max-snippet:-1, max-image-preview:large, max-video-preview:-1\" \/>\n<link rel=\"canonical\" href=\"https:\/\/www.arboplus.ca\/blog\/philosophie\/le-travail-au-noir-et-larboriculture.html\" \/>\n<meta property=\"og:locale\" content=\"fr_CA\" \/>\n<meta property=\"og:type\" content=\"article\" \/>\n<meta property=\"og:title\" content=\"Le travail au noir et l\u2019arboriculture - Arboplus\" \/>\n<meta property=\"og:description\" content=\"Avec les enjeux \u00e9thiques et les dangers dans le domaine de l\u2019arboriculture, le travail au noir est une tr\u00e8s, tr\u00e8s mauvaise id\u00e9e.\" \/>\n<meta property=\"og:url\" content=\"https:\/\/www.arboplus.ca\/blog\/philosophie\/le-travail-au-noir-et-larboriculture.html\" \/>\n<meta property=\"og:site_name\" content=\"Arboplus\" \/>\n<meta property=\"article:published_time\" content=\"2021-08-26T15:00:18+00:00\" \/>\n<meta property=\"article:modified_time\" content=\"2021-09-11T13:10:54+00:00\" \/>\n<meta property=\"og:image\" content=\"https:\/\/www.arboplus.ca\/blog\/wp-content\/uploads\/2021\/07\/travail-au-noir-danger-en-arboriculture.jpg\" \/>\n\t<meta property=\"og:image:width\" content=\"1920\" \/>\n\t<meta property=\"og:image:height\" content=\"1080\" \/>\n\t<meta property=\"og:image:type\" content=\"image\/jpeg\" \/>\n<meta name=\"author\" content=\"Dominic Perugino\" \/>\n<meta name=\"twitter:label1\" content=\"\u00c9crit par\" \/>\n\t<meta name=\"twitter:data1\" content=\"Dominic Perugino\" \/>\n\t<meta name=\"twitter:label2\" content=\"Estimation du temps de lecture\" \/>\n\t<meta name=\"twitter:data2\" content=\"5 minutes\" \/>\n<script type=\"application\/ld+json\" class=\"yoast-schema-graph\">{\"@context\":\"https:\/\/schema.org\",\"@graph\":[{\"@type\":\"WebPage\",\"@id\":\"https:\/\/www.arboplus.ca\/blog\/philosophie\/le-travail-au-noir-et-larboriculture.html\",\"url\":\"https:\/\/www.arboplus.ca\/blog\/philosophie\/le-travail-au-noir-et-larboriculture.html\",\"name\":\"Le travail au noir et l\u2019arboriculture - Arboplus\",\"isPartOf\":{\"@id\":\"https:\/\/www.arboplus.ca\/blog\/#website\"},\"primaryImageOfPage\":{\"@id\":\"https:\/\/www.arboplus.ca\/blog\/philosophie\/le-travail-au-noir-et-larboriculture.html#primaryimage\"},\"image\":{\"@id\":\"https:\/\/www.arboplus.ca\/blog\/philosophie\/le-travail-au-noir-et-larboriculture.html#primaryimage\"},\"thumbnailUrl\":\"https:\/\/www.arboplus.ca\/blog\/wp-content\/uploads\/2021\/07\/travail-au-noir-danger-en-arboriculture.jpg\",\"datePublished\":\"2021-08-26T15:00:18+00:00\",\"dateModified\":\"2021-09-11T13:10:54+00:00\",\"author\":{\"@id\":\"https:\/\/www.arboplus.ca\/blog\/#\/schema\/person\/c4e4c82ad12349aafba47d44193f5540\"},\"description\":\"Avec les enjeux \u00e9thiques et les dangers dans le domaine de l\u2019arboriculture, le travail au noir est une tr\u00e8s, tr\u00e8s mauvaise id\u00e9e.\",\"breadcrumb\":{\"@id\":\"https:\/\/www.arboplus.ca\/blog\/philosophie\/le-travail-au-noir-et-larboriculture.html#breadcrumb\"},\"inLanguage\":\"fr-CA\",\"potentialAction\":[{\"@type\":\"ReadAction\",\"target\":[\"https:\/\/www.arboplus.ca\/blog\/philosophie\/le-travail-au-noir-et-larboriculture.html\"]}]},{\"@type\":\"ImageObject\",\"inLanguage\":\"fr-CA\",\"@id\":\"https:\/\/www.arboplus.ca\/blog\/philosophie\/le-travail-au-noir-et-larboriculture.html#primaryimage\",\"url\":\"https:\/\/www.arboplus.ca\/blog\/wp-content\/uploads\/2021\/07\/travail-au-noir-danger-en-arboriculture.jpg\",\"contentUrl\":\"https:\/\/www.arboplus.ca\/blog\/wp-content\/uploads\/2021\/07\/travail-au-noir-danger-en-arboriculture.jpg\",\"width\":1920,\"height\":1080,\"caption\":\"Le travail au noir et l\u2019arboriculture\"},{\"@type\":\"BreadcrumbList\",\"@id\":\"https:\/\/www.arboplus.ca\/blog\/philosophie\/le-travail-au-noir-et-larboriculture.html#breadcrumb\",\"itemListElement\":[{\"@type\":\"ListItem\",\"position\":1,\"name\":\"Accueil\",\"item\":\"https:\/\/www.arboplus.ca\/blog\/\"},{\"@type\":\"ListItem\",\"position\":2,\"name\":\"Le travail au noir et l\u2019arboriculture\"}]},{\"@type\":\"WebSite\",\"@id\":\"https:\/\/www.arboplus.ca\/blog\/#website\",\"url\":\"https:\/\/www.arboplus.ca\/blog\/\",\"name\":\"Arboplus\",\"description\":\"Magazine arboricole\",\"potentialAction\":[{\"@type\":\"SearchAction\",\"target\":{\"@type\":\"EntryPoint\",\"urlTemplate\":\"https:\/\/www.arboplus.ca\/blog\/?s={search_term_string}\"},\"query-input\":{\"@type\":\"PropertyValueSpecification\",\"valueRequired\":true,\"valueName\":\"search_term_string\"}}],\"inLanguage\":\"fr-CA\"},{\"@type\":\"Person\",\"@id\":\"https:\/\/www.arboplus.ca\/blog\/#\/schema\/person\/c4e4c82ad12349aafba47d44193f5540\",\"name\":\"Dominic Perugino\",\"image\":{\"@type\":\"ImageObject\",\"inLanguage\":\"fr-CA\",\"@id\":\"https:\/\/www.arboplus.ca\/blog\/#\/schema\/person\/image\/\",\"url\":\"https:\/\/secure.gravatar.com\/avatar\/0027ec1e3f6852cb4655750d4303f090?s=96&d=mm&r=g\",\"contentUrl\":\"https:\/\/secure.gravatar.com\/avatar\/0027ec1e3f6852cb4655750d4303f090?s=96&d=mm&r=g\",\"caption\":\"Dominic Perugino\"},\"url\":\"https:\/\/www.arboplus.ca\/blog\/author\/dominic-perugino\"}]}<\/script>\n<!-- \/ Yoast SEO plugin. -->","yoast_head_json":{"title":"Le travail au noir et l\u2019arboriculture - Arboplus","description":"Avec les enjeux \u00e9thiques et les dangers dans le domaine de l\u2019arboriculture, le travail au noir est une tr\u00e8s, tr\u00e8s mauvaise id\u00e9e.","robots":{"index":"index","follow":"follow","max-snippet":"max-snippet:-1","max-image-preview":"max-image-preview:large","max-video-preview":"max-video-preview:-1"},"canonical":"https:\/\/www.arboplus.ca\/blog\/philosophie\/le-travail-au-noir-et-larboriculture.html","og_locale":"fr_CA","og_type":"article","og_title":"Le travail au noir et l\u2019arboriculture - Arboplus","og_description":"Avec les enjeux \u00e9thiques et les dangers dans le domaine de l\u2019arboriculture, le travail au noir est une tr\u00e8s, tr\u00e8s mauvaise id\u00e9e.","og_url":"https:\/\/www.arboplus.ca\/blog\/philosophie\/le-travail-au-noir-et-larboriculture.html","og_site_name":"Arboplus","article_published_time":"2021-08-26T15:00:18+00:00","article_modified_time":"2021-09-11T13:10:54+00:00","og_image":[{"width":1920,"height":1080,"url":"https:\/\/www.arboplus.ca\/blog\/wp-content\/uploads\/2021\/07\/travail-au-noir-danger-en-arboriculture.jpg","type":"image\/jpeg"}],"author":"Dominic Perugino","twitter_misc":{"\u00c9crit par":"Dominic Perugino","Estimation du temps de lecture":"5 minutes"},"schema":{"@context":"https:\/\/schema.org","@graph":[{"@type":"WebPage","@id":"https:\/\/www.arboplus.ca\/blog\/philosophie\/le-travail-au-noir-et-larboriculture.html","url":"https:\/\/www.arboplus.ca\/blog\/philosophie\/le-travail-au-noir-et-larboriculture.html","name":"Le travail au noir et l\u2019arboriculture - Arboplus","isPartOf":{"@id":"https:\/\/www.arboplus.ca\/blog\/#website"},"primaryImageOfPage":{"@id":"https:\/\/www.arboplus.ca\/blog\/philosophie\/le-travail-au-noir-et-larboriculture.html#primaryimage"},"image":{"@id":"https:\/\/www.arboplus.ca\/blog\/philosophie\/le-travail-au-noir-et-larboriculture.html#primaryimage"},"thumbnailUrl":"https:\/\/www.arboplus.ca\/blog\/wp-content\/uploads\/2021\/07\/travail-au-noir-danger-en-arboriculture.jpg","datePublished":"2021-08-26T15:00:18+00:00","dateModified":"2021-09-11T13:10:54+00:00","author":{"@id":"https:\/\/www.arboplus.ca\/blog\/#\/schema\/person\/c4e4c82ad12349aafba47d44193f5540"},"description":"Avec les enjeux \u00e9thiques et les dangers dans le domaine de l\u2019arboriculture, le travail au noir est une tr\u00e8s, tr\u00e8s mauvaise id\u00e9e.","breadcrumb":{"@id":"https:\/\/www.arboplus.ca\/blog\/philosophie\/le-travail-au-noir-et-larboriculture.html#breadcrumb"},"inLanguage":"fr-CA","potentialAction":[{"@type":"ReadAction","target":["https:\/\/www.arboplus.ca\/blog\/philosophie\/le-travail-au-noir-et-larboriculture.html"]}]},{"@type":"ImageObject","inLanguage":"fr-CA","@id":"https:\/\/www.arboplus.ca\/blog\/philosophie\/le-travail-au-noir-et-larboriculture.html#primaryimage","url":"https:\/\/www.arboplus.ca\/blog\/wp-content\/uploads\/2021\/07\/travail-au-noir-danger-en-arboriculture.jpg","contentUrl":"https:\/\/www.arboplus.ca\/blog\/wp-content\/uploads\/2021\/07\/travail-au-noir-danger-en-arboriculture.jpg","width":1920,"height":1080,"caption":"Le travail au noir et l\u2019arboriculture"},{"@type":"BreadcrumbList","@id":"https:\/\/www.arboplus.ca\/blog\/philosophie\/le-travail-au-noir-et-larboriculture.html#breadcrumb","itemListElement":[{"@type":"ListItem","position":1,"name":"Accueil","item":"https:\/\/www.arboplus.ca\/blog\/"},{"@type":"ListItem","position":2,"name":"Le travail au noir et l\u2019arboriculture"}]},{"@type":"WebSite","@id":"https:\/\/www.arboplus.ca\/blog\/#website","url":"https:\/\/www.arboplus.ca\/blog\/","name":"Arboplus","description":"Magazine arboricole","potentialAction":[{"@type":"SearchAction","target":{"@type":"EntryPoint","urlTemplate":"https:\/\/www.arboplus.ca\/blog\/?s={search_term_string}"},"query-input":{"@type":"PropertyValueSpecification","valueRequired":true,"valueName":"search_term_string"}}],"inLanguage":"fr-CA"},{"@type":"Person","@id":"https:\/\/www.arboplus.ca\/blog\/#\/schema\/person\/c4e4c82ad12349aafba47d44193f5540","name":"Dominic Perugino","image":{"@type":"ImageObject","inLanguage":"fr-CA","@id":"https:\/\/www.arboplus.ca\/blog\/#\/schema\/person\/image\/","url":"https:\/\/secure.gravatar.com\/avatar\/0027ec1e3f6852cb4655750d4303f090?s=96&d=mm&r=g","contentUrl":"https:\/\/secure.gravatar.com\/avatar\/0027ec1e3f6852cb4655750d4303f090?s=96&d=mm&r=g","caption":"Dominic Perugino"},"url":"https:\/\/www.arboplus.ca\/blog\/author\/dominic-perugino"}]}},"_links":{"self":[{"href":"https:\/\/www.arboplus.ca\/blog\/wp-json\/wp\/v2\/posts\/5259","targetHints":{"allow":["GET"]}}],"collection":[{"href":"https:\/\/www.arboplus.ca\/blog\/wp-json\/wp\/v2\/posts"}],"about":[{"href":"https:\/\/www.arboplus.ca\/blog\/wp-json\/wp\/v2\/types\/post"}],"author":[{"embeddable":true,"href":"https:\/\/www.arboplus.ca\/blog\/wp-json\/wp\/v2\/users\/2"}],"replies":[{"embeddable":true,"href":"https:\/\/www.arboplus.ca\/blog\/wp-json\/wp\/v2\/comments?post=5259"}],"version-history":[{"count":8,"href":"https:\/\/www.arboplus.ca\/blog\/wp-json\/wp\/v2\/posts\/5259\/revisions"}],"predecessor-version":[{"id":5378,"href":"https:\/\/www.arboplus.ca\/blog\/wp-json\/wp\/v2\/posts\/5259\/revisions\/5378"}],"wp:featuredmedia":[{"embeddable":true,"href":"https:\/\/www.arboplus.ca\/blog\/wp-json\/wp\/v2\/media\/5261"}],"wp:attachment":[{"href":"https:\/\/www.arboplus.ca\/blog\/wp-json\/wp\/v2\/media?parent=5259"}],"wp:term":[{"taxonomy":"category","embeddable":true,"href":"https:\/\/www.arboplus.ca\/blog\/wp-json\/wp\/v2\/categories?post=5259"},{"taxonomy":"post_tag","embeddable":true,"href":"https:\/\/www.arboplus.ca\/blog\/wp-json\/wp\/v2\/tags?post=5259"}],"curies":[{"name":"wp","href":"https:\/\/api.w.org\/{rel}","templated":true}]}}