{"id":5220,"date":"2021-08-12T11:00:35","date_gmt":"2021-08-12T15:00:35","guid":{"rendered":"https:\/\/www.arboplus.ca\/blog\/?p=5220"},"modified":"2022-04-02T13:57:00","modified_gmt":"2022-04-02T17:57:00","slug":"amelanchier","status":"publish","type":"post","link":"https:\/\/www.arboplus.ca\/blog\/essences-arbres\/amelanchier.html","title":{"rendered":"L&rsquo;am\u00e9lanchier"},"content":{"rendered":"<blockquote><p>\u00ab Je suis magnifique ! Au printemps, je me couvre de jolies fleurs qui ressemblent \u00e0 des \u00e9toiles blanches \u00bb.<br \/>\nCatherine Despr\u00e9s<\/p><\/blockquote>\n<div id=\"attachment_5245\" style=\"width: 2009px\" class=\"wp-caption alignnone\"><img fetchpriority=\"high\" decoding=\"async\" aria-describedby=\"caption-attachment-5245\" class=\"size-full wp-image-5245\" src=\"http:\/\/www.arboplus.ca\/blog\/wp-content\/uploads\/2021\/07\/amelanchier-floraison-du-printemps-au-Quebec.jpg\" alt=\"amelanchier-floraison-du-printemps-au-Quebec\" width=\"1999\" height=\"1331\" \/><p id=\"caption-attachment-5245\" class=\"wp-caption-text\">Floraison de l&rsquo;am\u00e9lanchier<\/p><\/div>\n<h2>Amelanchier canadensis<\/h2>\n<p>L\u2019am\u00e9lanchier est un arbre arbustif qui agr\u00e9mente les plus beaux <a href=\"https:\/\/www.arboplus.ca\/blog\/arboriculture\/comment-choisir-un-arbre-pour-mon-jardin.html\">jardins du Qu\u00e9bec<\/a>. En effet, en plus de sa beaut\u00e9 sans pareille, il est un de nos arbres avec la meilleure rusticit\u00e9, \u00e9tant capable d\u2019endurer des temp\u00e9ratures aussi basses que -30 degr\u00e9s Celsius. <a href=\"https:\/\/www.arboplus.ca\/blog\/essences-arbres\/arbres-indigenes.html\">Indig\u00e8ne du Qu\u00e9bec<\/a>, floraison magnifique, bonne rusticit\u00e9 et petite taille sont des traits qui en font un arbuste, ou un petit arbre, de choix pour les plus beaux ornements.<\/p>\n<p>Il existe plusieurs vari\u00e9t\u00e9s dans la famille de l\u2019am\u00e9lanchier. Le plus commode pour les jardins, avec sa petite taille, est celui qu\u2019on appelle l\u2019am\u00e9lanchier glabre. Celui-ci atteint g\u00e9n\u00e9ralement une hauteur de deux \u00e0 huit m\u00e8tres avec une largeur de 5 m\u00e8tres \u00e0 maturit\u00e9. En revanche, un am\u00e9lanchier arborescent se pr\u00e9sente comme un arbre \u00e0 part enti\u00e8re, pouvant atteindre jusqu\u2019\u00e0 15 m\u00e8tres de hauteur.<\/p>\n<p>Le port \u00e9rig\u00e9 de cet arbre cr\u00e9e une vision de l\u2019int\u00e9rieur de sa charpente qui privil\u00e9gie l\u2019observation de ses fleurs. L\u2019aspect est ovo\u00efde et irr\u00e9gulier, avec des branches parfois tordues. Les fleurs blanches sont tr\u00e8s voyantes, spectaculaires, et se pr\u00e9sentent en grappes allong\u00e9es. Celles-ci, qui ne se montrent que peu de temps au printemps, laissent la place \u00e0 de jolies petites baies violettes comestibles. L\u2019am\u00e9lanchier demeure donc fabuleusement ornemental en \u00e9t\u00e9, autant qu\u2019au printemps.<\/p>\n<p>La vari\u00e9t\u00e9 glabre donne des feuilles alternes de cinq \u00e0 dix centim\u00e8tres de longueur et d\u2019environ cinq centim\u00e8tres de largeur. Le feuillage est dense, et pourtant, avec son irr\u00e9gularit\u00e9 et ses rameaux l\u00e9g\u00e8rement torsad\u00e9s et orient\u00e9s, il donne une impression de l\u00e9g\u00e8ret\u00e9. Les feuilles seront d&rsquo;un vert fonc\u00e9 en \u00e9t\u00e9, et orange \u00e0 l\u2019arriv\u00e9e de l\u2019automne, produisant un contraste exquis avec les baies violettes, et l\u2019\u00e9corce lisse et grise qui rappelle le jeune<a href=\"https:\/\/www.arboplus.ca\/blog\/essences-arbres\/erable-argente-acer-saccharinum.html\"> \u00e9rable argent\u00e9<\/a>.<\/p>\n<div style=\"text-align: center;\"><a class=\"button green medium\" href=\"http:\/\/www.arboplus.ca\/fr\/estimation-gratuite.html\" target=\"_self\" rel=\"noopener\">Demander l&rsquo;\u00e9valuation de mon am\u00e9lanchier par un arboriculteur <i class=\"fa-chevron-circle-right\"><\/i><\/a><\/div>\n<h2>Les fruits et la faune<\/h2>\n<p>L\u2019int\u00e9r\u00eat premier pour les fleurs et les fruits seront certainement pour l\u2019esth\u00e9tique, mais l\u2019am\u00e9lanchier, en tant qu\u2019arbre indig\u00e8ne du Qu\u00e9bec, comporte d\u2019autres attraits. Les petites baies sont recherch\u00e9es par les oiseaux et autres animaux. M\u00eame les \u00eatres humains les cultivent pour en faire, entre autres, de la confiture et des tartes.<\/p>\n<div id=\"attachment_5244\" style=\"width: 2009px\" class=\"wp-caption alignnone\"><img decoding=\"async\" aria-describedby=\"caption-attachment-5244\" class=\"size-full wp-image-5244\" src=\"http:\/\/www.arboplus.ca\/blog\/wp-content\/uploads\/2021\/07\/baies-comestibles-amelanchier.jpg\" alt=\"baies-comestibles-amelanchier\" width=\"1999\" height=\"1329\" \/><p id=\"caption-attachment-5244\" class=\"wp-caption-text\">\u00ab Serviceberry Tree\u00bb, par Natalie. Licence : CC-BY2.0. Consult\u00e9 le 12\/04\/2019.<\/p><\/div>\n<h2>Conditions optimales<\/h2>\n<p>L\u2019am\u00e9lanchier pr\u00e9f\u00e8re un sol bien humide ; l\u2019<a href=\"https:\/\/www.arboplus.ca\/blog\/developpement-durable\/le-paillis.html\">application de paillis<\/a> en forme de cuve autour de l\u2019arbre serait un moyen de le garantir. Avec un enracinement superficiel, il pourra se retrouver dans une plate-bande pr\u00e8s des structures sans les menacer. Il faut toutefois lui donner une certaine distance avec la rue si votre quartier g\u00e9n\u00e8re beaucoup de sel de d\u00e9gla\u00e7age pour \u00e9viter de nuire \u00e0 sa sant\u00e9.<\/p>\n<h2>\u00c9lagage et entretien de l&rsquo;am\u00e9lanchier<\/h2>\n<p>L\u2019am\u00e9lanchier glabre ne n\u00e9cessite que peu d\u2019entretien. Ses rameaux torsad\u00e9s pourraient provoquer des frictions et des interf\u00e9rences entre elles. L\u2019<a href=\"https:\/\/www.arboplus.ca\/blog\/arboriculture\/quand-elaguer-un-arbre.html\">enl\u00e8vement de certaines branches<\/a> serait alors pertinent. Il peut \u00eatre plant\u00e9 pr\u00e8s des r\u00e9seaux \u00e9lectriques et de t\u00e9l\u00e9communication en ne n\u00e9cessitant que quelques interventions minutieuses avec un s\u00e9cateur, sans plus. Du reste, l\u2019am\u00e9lanchier n\u2019est pas particuli\u00e8rement sensible \u00e0 la taille, ce qui ouvre la possibilit\u00e9 d\u2019une taille plus s\u00e9v\u00e8re typique des petits jardins.<\/p>\n<div style=\"text-align: center;\"><a class=\"button green medium\" href=\"http:\/\/www.arboplus.ca\/fr\/estimation-gratuite.html\" target=\"_self\" rel=\"noopener\">Planifier un rendez-vous avec un arboriste-expert <i class=\"fa-chevron-circle-right\"><\/i><\/a><\/div>\n<h2>Maladies<\/h2>\n<p>Ses maladies sont plut\u00f4t rares, il est sensible \u00e0 la rouille du gen\u00e9vrier.<\/p>\n<h2>Bibliographie<\/h2>\n<ul>\n<li>Catherine Despr\u00e9s et Ariane Desjardins, Ab\u00e9c\u00e9daire des arbres de A \u00e0 Z, \u00c9ditions Petite Fleur., 2019.<\/li>\n<li>Gervais Pellerin et Hydro-Qu\u00e9bec, R\u00e9pertoire des arbres et arbustes ornementaux: 1760 esp\u00e8ces et vari\u00e9t\u00e9s de v\u00e9g\u00e9taux du Qu\u00e9bec, Montr\u00e9al, Hydro-Qu\u00e9bec, 2010.<\/li>\n<li>Michael D Williams, Guide d\u2019identification des arbres du Qu\u00e9bec et de l\u2019est de l\u2019Am\u00e9rique du Nord, Saint-Constant, Qu\u00e9bec, Broquet, 2008.<\/li>\n<li>Michel Leboeuf, Arbres et plantes foresti\u00e8res du Qu\u00e9bec et des Maritimes, 2016.<\/li>\n<\/ul>\n","protected":false},"excerpt":{"rendered":"<p>L\u2019am\u00e9lanchier est un arbre arbustif qui agr\u00e9mente les plus beaux jardins du Qu\u00e9bec. En effet, en plus de sa beaut\u00e9 sans pareille, il est un de nos arbres avec la meilleure rusticit\u00e9, \u00e9tant capable d\u2019endurer des temp\u00e9ratures aussi basses que -30 degr\u00e9s Celsius.<\/p>\n","protected":false},"author":2,"featured_media":5242,"comment_status":"open","ping_status":"open","sticky":false,"template":"","format":"standard","meta":{"footnotes":""},"categories":[12],"tags":[2628,2635,2634,50,2629,2329,419,164,2663,1229,2646,2661,2645,2644,2638,2627,784,2652,2651,2650,2662,2654,2474,2633,1772,2649,895,647,2631,2639,496,2630,2626,233,2647,2584,2637,160,1922,2643,2642,2641,2640,2659,2656,2655,2636,835,106,2648,2658,2657,2660,1937,2653,2632],"class_list":["post-5220","post","type-post","status-publish","format-standard","has-post-thumbnail","hentry","category-essences-arbres","tag-amelanchier","tag-amelanchier-arborescent","tag-amelanchier-glabre","tag-arbre","tag-arbre-arbustif","tag-arbre-indigene-du-quebec","tag-arbre-ornemental","tag-arbres","tag-arbres-du-quebec","tag-arbuste","tag-baies-comestibles","tag-baies-pour-oiseaux","tag-baies-violettes","tag-baies-violettes-comestibles","tag-branches-tordues","tag-catherine-despres","tag-charpente","tag-confiture","tag-ecorce-grise","tag-ecorce-lisse","tag-editions-petite-fleur","tag-enracinement-superficiel","tag-esthetique","tag-famille-de-lamelanchier","tag-feuillage-dense","tag-feuilles-vert-fonce","tag-fleurs-blanches","tag-floraison","tag-floraison-magnifique","tag-grappes-allongees","tag-jardins","tag-jardins-du-quebec","tag-jolies-fleurs","tag-oiseaux","tag-ornemental","tag-ornements","tag-ovoide","tag-paillis","tag-petit-arbre","tag-petites-baies","tag-petites-baies-comestibles","tag-petites-baies-violettes","tag-petites-baies-violettes-comestibles","tag-petits-jardins","tag-peu-dentretien","tag-plate-bande","tag-port-erige","tag-printemps","tag-quebec","tag-rameaux-torsades","tag-reseau-de-telecommunication","tag-reseaux-electriques","tag-rouille-du-genevrier","tag-rusticite","tag-tartes","tag-varietes"],"yoast_head":"<!-- This site is optimized with the Yoast SEO plugin v24.7 - https:\/\/yoast.com\/wordpress\/plugins\/seo\/ -->\n<title>Am\u00e9lanchier du Canada - amelanchier canadensis - Arboplus<\/title>\n<meta name=\"description\" content=\"L\u2019am\u00e9lanchier est un arbre qui agr\u00e9mente les plus beaux jardins du Qu\u00e9bec. En plus de sa beaut\u00e9, il est un de nos arbres avec la meilleure rusticit\u00e9.\" \/>\n<meta name=\"robots\" content=\"index, follow, max-snippet:-1, max-image-preview:large, max-video-preview:-1\" \/>\n<link rel=\"canonical\" href=\"https:\/\/www.arboplus.ca\/blog\/essences-arbres\/amelanchier.html\" \/>\n<meta property=\"og:locale\" content=\"fr_CA\" \/>\n<meta property=\"og:type\" content=\"article\" \/>\n<meta property=\"og:title\" content=\"Am\u00e9lanchier du Canada - amelanchier canadensis - Arboplus\" \/>\n<meta property=\"og:description\" content=\"L\u2019am\u00e9lanchier est un arbre qui agr\u00e9mente les plus beaux jardins du Qu\u00e9bec. En plus de sa beaut\u00e9, il est un de nos arbres avec la meilleure rusticit\u00e9.\" \/>\n<meta property=\"og:url\" content=\"https:\/\/www.arboplus.ca\/blog\/essences-arbres\/amelanchier.html\" \/>\n<meta property=\"og:site_name\" content=\"Arboplus\" \/>\n<meta property=\"article:published_time\" content=\"2021-08-12T15:00:35+00:00\" \/>\n<meta property=\"article:modified_time\" content=\"2022-04-02T17:57:00+00:00\" \/>\n<meta property=\"og:image\" content=\"https:\/\/www.arboplus.ca\/blog\/wp-content\/uploads\/2021\/07\/amelanchier-du-canada-amelanchier-canadensis.jpg\" \/>\n\t<meta property=\"og:image:width\" content=\"1920\" \/>\n\t<meta property=\"og:image:height\" content=\"1080\" \/>\n\t<meta property=\"og:image:type\" content=\"image\/jpeg\" \/>\n<meta name=\"author\" content=\"Dominic Perugino\" \/>\n<meta name=\"twitter:label1\" content=\"\u00c9crit par\" \/>\n\t<meta name=\"twitter:data1\" content=\"Dominic Perugino\" \/>\n\t<meta name=\"twitter:label2\" content=\"Estimation du temps de lecture\" \/>\n\t<meta name=\"twitter:data2\" content=\"4 minutes\" \/>\n<script type=\"application\/ld+json\" class=\"yoast-schema-graph\">{\"@context\":\"https:\/\/schema.org\",\"@graph\":[{\"@type\":\"WebPage\",\"@id\":\"https:\/\/www.arboplus.ca\/blog\/essences-arbres\/amelanchier.html\",\"url\":\"https:\/\/www.arboplus.ca\/blog\/essences-arbres\/amelanchier.html\",\"name\":\"Am\u00e9lanchier du Canada - amelanchier canadensis - Arboplus\",\"isPartOf\":{\"@id\":\"https:\/\/www.arboplus.ca\/blog\/#website\"},\"primaryImageOfPage\":{\"@id\":\"https:\/\/www.arboplus.ca\/blog\/essences-arbres\/amelanchier.html#primaryimage\"},\"image\":{\"@id\":\"https:\/\/www.arboplus.ca\/blog\/essences-arbres\/amelanchier.html#primaryimage\"},\"thumbnailUrl\":\"https:\/\/www.arboplus.ca\/blog\/wp-content\/uploads\/2021\/07\/amelanchier-du-canada-amelanchier-canadensis.jpg\",\"datePublished\":\"2021-08-12T15:00:35+00:00\",\"dateModified\":\"2022-04-02T17:57:00+00:00\",\"author\":{\"@id\":\"https:\/\/www.arboplus.ca\/blog\/#\/schema\/person\/c4e4c82ad12349aafba47d44193f5540\"},\"description\":\"L\u2019am\u00e9lanchier est un arbre qui agr\u00e9mente les plus beaux jardins du Qu\u00e9bec. En plus de sa beaut\u00e9, il est un de nos arbres avec la meilleure rusticit\u00e9.\",\"breadcrumb\":{\"@id\":\"https:\/\/www.arboplus.ca\/blog\/essences-arbres\/amelanchier.html#breadcrumb\"},\"inLanguage\":\"fr-CA\",\"potentialAction\":[{\"@type\":\"ReadAction\",\"target\":[\"https:\/\/www.arboplus.ca\/blog\/essences-arbres\/amelanchier.html\"]}]},{\"@type\":\"ImageObject\",\"inLanguage\":\"fr-CA\",\"@id\":\"https:\/\/www.arboplus.ca\/blog\/essences-arbres\/amelanchier.html#primaryimage\",\"url\":\"https:\/\/www.arboplus.ca\/blog\/wp-content\/uploads\/2021\/07\/amelanchier-du-canada-amelanchier-canadensis.jpg\",\"contentUrl\":\"https:\/\/www.arboplus.ca\/blog\/wp-content\/uploads\/2021\/07\/amelanchier-du-canada-amelanchier-canadensis.jpg\",\"width\":1920,\"height\":1080,\"caption\":\"Am\u00e9lanchier\"},{\"@type\":\"BreadcrumbList\",\"@id\":\"https:\/\/www.arboplus.ca\/blog\/essences-arbres\/amelanchier.html#breadcrumb\",\"itemListElement\":[{\"@type\":\"ListItem\",\"position\":1,\"name\":\"Accueil\",\"item\":\"https:\/\/www.arboplus.ca\/blog\/\"},{\"@type\":\"ListItem\",\"position\":2,\"name\":\"L&rsquo;am\u00e9lanchier\"}]},{\"@type\":\"WebSite\",\"@id\":\"https:\/\/www.arboplus.ca\/blog\/#website\",\"url\":\"https:\/\/www.arboplus.ca\/blog\/\",\"name\":\"Arboplus\",\"description\":\"Magazine arboricole\",\"potentialAction\":[{\"@type\":\"SearchAction\",\"target\":{\"@type\":\"EntryPoint\",\"urlTemplate\":\"https:\/\/www.arboplus.ca\/blog\/?s={search_term_string}\"},\"query-input\":{\"@type\":\"PropertyValueSpecification\",\"valueRequired\":true,\"valueName\":\"search_term_string\"}}],\"inLanguage\":\"fr-CA\"},{\"@type\":\"Person\",\"@id\":\"https:\/\/www.arboplus.ca\/blog\/#\/schema\/person\/c4e4c82ad12349aafba47d44193f5540\",\"name\":\"Dominic Perugino\",\"image\":{\"@type\":\"ImageObject\",\"inLanguage\":\"fr-CA\",\"@id\":\"https:\/\/www.arboplus.ca\/blog\/#\/schema\/person\/image\/\",\"url\":\"https:\/\/secure.gravatar.com\/avatar\/0027ec1e3f6852cb4655750d4303f090?s=96&d=mm&r=g\",\"contentUrl\":\"https:\/\/secure.gravatar.com\/avatar\/0027ec1e3f6852cb4655750d4303f090?s=96&d=mm&r=g\",\"caption\":\"Dominic Perugino\"},\"url\":\"https:\/\/www.arboplus.ca\/blog\/author\/dominic-perugino\"}]}<\/script>\n<!-- \/ Yoast SEO plugin. -->","yoast_head_json":{"title":"Am\u00e9lanchier du Canada - amelanchier canadensis - Arboplus","description":"L\u2019am\u00e9lanchier est un arbre qui agr\u00e9mente les plus beaux jardins du Qu\u00e9bec. En plus de sa beaut\u00e9, il est un de nos arbres avec la meilleure rusticit\u00e9.","robots":{"index":"index","follow":"follow","max-snippet":"max-snippet:-1","max-image-preview":"max-image-preview:large","max-video-preview":"max-video-preview:-1"},"canonical":"https:\/\/www.arboplus.ca\/blog\/essences-arbres\/amelanchier.html","og_locale":"fr_CA","og_type":"article","og_title":"Am\u00e9lanchier du Canada - amelanchier canadensis - Arboplus","og_description":"L\u2019am\u00e9lanchier est un arbre qui agr\u00e9mente les plus beaux jardins du Qu\u00e9bec. En plus de sa beaut\u00e9, il est un de nos arbres avec la meilleure rusticit\u00e9.","og_url":"https:\/\/www.arboplus.ca\/blog\/essences-arbres\/amelanchier.html","og_site_name":"Arboplus","article_published_time":"2021-08-12T15:00:35+00:00","article_modified_time":"2022-04-02T17:57:00+00:00","og_image":[{"width":1920,"height":1080,"url":"https:\/\/www.arboplus.ca\/blog\/wp-content\/uploads\/2021\/07\/amelanchier-du-canada-amelanchier-canadensis.jpg","type":"image\/jpeg"}],"author":"Dominic Perugino","twitter_misc":{"\u00c9crit par":"Dominic Perugino","Estimation du temps de lecture":"4 minutes"},"schema":{"@context":"https:\/\/schema.org","@graph":[{"@type":"WebPage","@id":"https:\/\/www.arboplus.ca\/blog\/essences-arbres\/amelanchier.html","url":"https:\/\/www.arboplus.ca\/blog\/essences-arbres\/amelanchier.html","name":"Am\u00e9lanchier du Canada - amelanchier canadensis - Arboplus","isPartOf":{"@id":"https:\/\/www.arboplus.ca\/blog\/#website"},"primaryImageOfPage":{"@id":"https:\/\/www.arboplus.ca\/blog\/essences-arbres\/amelanchier.html#primaryimage"},"image":{"@id":"https:\/\/www.arboplus.ca\/blog\/essences-arbres\/amelanchier.html#primaryimage"},"thumbnailUrl":"https:\/\/www.arboplus.ca\/blog\/wp-content\/uploads\/2021\/07\/amelanchier-du-canada-amelanchier-canadensis.jpg","datePublished":"2021-08-12T15:00:35+00:00","dateModified":"2022-04-02T17:57:00+00:00","author":{"@id":"https:\/\/www.arboplus.ca\/blog\/#\/schema\/person\/c4e4c82ad12349aafba47d44193f5540"},"description":"L\u2019am\u00e9lanchier est un arbre qui agr\u00e9mente les plus beaux jardins du Qu\u00e9bec. En plus de sa beaut\u00e9, il est un de nos arbres avec la meilleure rusticit\u00e9.","breadcrumb":{"@id":"https:\/\/www.arboplus.ca\/blog\/essences-arbres\/amelanchier.html#breadcrumb"},"inLanguage":"fr-CA","potentialAction":[{"@type":"ReadAction","target":["https:\/\/www.arboplus.ca\/blog\/essences-arbres\/amelanchier.html"]}]},{"@type":"ImageObject","inLanguage":"fr-CA","@id":"https:\/\/www.arboplus.ca\/blog\/essences-arbres\/amelanchier.html#primaryimage","url":"https:\/\/www.arboplus.ca\/blog\/wp-content\/uploads\/2021\/07\/amelanchier-du-canada-amelanchier-canadensis.jpg","contentUrl":"https:\/\/www.arboplus.ca\/blog\/wp-content\/uploads\/2021\/07\/amelanchier-du-canada-amelanchier-canadensis.jpg","width":1920,"height":1080,"caption":"Am\u00e9lanchier"},{"@type":"BreadcrumbList","@id":"https:\/\/www.arboplus.ca\/blog\/essences-arbres\/amelanchier.html#breadcrumb","itemListElement":[{"@type":"ListItem","position":1,"name":"Accueil","item":"https:\/\/www.arboplus.ca\/blog\/"},{"@type":"ListItem","position":2,"name":"L&rsquo;am\u00e9lanchier"}]},{"@type":"WebSite","@id":"https:\/\/www.arboplus.ca\/blog\/#website","url":"https:\/\/www.arboplus.ca\/blog\/","name":"Arboplus","description":"Magazine arboricole","potentialAction":[{"@type":"SearchAction","target":{"@type":"EntryPoint","urlTemplate":"https:\/\/www.arboplus.ca\/blog\/?s={search_term_string}"},"query-input":{"@type":"PropertyValueSpecification","valueRequired":true,"valueName":"search_term_string"}}],"inLanguage":"fr-CA"},{"@type":"Person","@id":"https:\/\/www.arboplus.ca\/blog\/#\/schema\/person\/c4e4c82ad12349aafba47d44193f5540","name":"Dominic Perugino","image":{"@type":"ImageObject","inLanguage":"fr-CA","@id":"https:\/\/www.arboplus.ca\/blog\/#\/schema\/person\/image\/","url":"https:\/\/secure.gravatar.com\/avatar\/0027ec1e3f6852cb4655750d4303f090?s=96&d=mm&r=g","contentUrl":"https:\/\/secure.gravatar.com\/avatar\/0027ec1e3f6852cb4655750d4303f090?s=96&d=mm&r=g","caption":"Dominic Perugino"},"url":"https:\/\/www.arboplus.ca\/blog\/author\/dominic-perugino"}]}},"_links":{"self":[{"href":"https:\/\/www.arboplus.ca\/blog\/wp-json\/wp\/v2\/posts\/5220","targetHints":{"allow":["GET"]}}],"collection":[{"href":"https:\/\/www.arboplus.ca\/blog\/wp-json\/wp\/v2\/posts"}],"about":[{"href":"https:\/\/www.arboplus.ca\/blog\/wp-json\/wp\/v2\/types\/post"}],"author":[{"embeddable":true,"href":"https:\/\/www.arboplus.ca\/blog\/wp-json\/wp\/v2\/users\/2"}],"replies":[{"embeddable":true,"href":"https:\/\/www.arboplus.ca\/blog\/wp-json\/wp\/v2\/comments?post=5220"}],"version-history":[{"count":11,"href":"https:\/\/www.arboplus.ca\/blog\/wp-json\/wp\/v2\/posts\/5220\/revisions"}],"predecessor-version":[{"id":5540,"href":"https:\/\/www.arboplus.ca\/blog\/wp-json\/wp\/v2\/posts\/5220\/revisions\/5540"}],"wp:featuredmedia":[{"embeddable":true,"href":"https:\/\/www.arboplus.ca\/blog\/wp-json\/wp\/v2\/media\/5242"}],"wp:attachment":[{"href":"https:\/\/www.arboplus.ca\/blog\/wp-json\/wp\/v2\/media?parent=5220"}],"wp:term":[{"taxonomy":"category","embeddable":true,"href":"https:\/\/www.arboplus.ca\/blog\/wp-json\/wp\/v2\/categories?post=5220"},{"taxonomy":"post_tag","embeddable":true,"href":"https:\/\/www.arboplus.ca\/blog\/wp-json\/wp\/v2\/tags?post=5220"}],"curies":[{"name":"wp","href":"https:\/\/api.w.org\/{rel}","templated":true}]}}