{"id":5115,"date":"2020-05-14T08:00:00","date_gmt":"2020-05-14T12:00:00","guid":{"rendered":"http:\/\/www.arboplus.ca\/blog\/?p=5115"},"modified":"2020-05-14T10:43:02","modified_gmt":"2020-05-14T14:43:02","slug":"les-pandemies-et-la-polyarboriculture","status":"publish","type":"post","link":"https:\/\/www.arboplus.ca\/blog\/developpement-durable\/les-pandemies-et-la-polyarboriculture.html","title":{"rendered":"Les pand\u00e9mies et la polyarboriculture"},"content":{"rendered":"<h2>Sommaire<\/h2>\n<ul>\n<li>La monoarboriculture encourage la propagation d\u2019insectes nuisibles.<\/li>\n<li>Une polyarboriculture permettrait une certaine distanciation entre les esp\u00e8ces.<\/li>\n<li>Une monoarboriculture ne permet pas de r\u00e9silience en cas de ravage.<\/li>\n<li>Une polyarboriculture permet de ralentir la perte des arbres en cas de ravage.<\/li>\n<li>Une polyarboriculture peut encourager \u00e0 prendre le temps de bien agencer les arbres dans les am\u00e9nagements paysagers.<\/li>\n<\/ul>\n<p>Comme tout le monde, je suis chez moi en confinement, respectant les r\u00e8gles pour combattre la pand\u00e9mie. Je ne peux m\u2019emp\u00eacher de faire le parall\u00e8le entre la COVID-19 (le coronavirus) et les maladies ravageuses comme l\u2019agrile du fr\u00eane. Ce qui ressort, c\u2019est le principe de distanciation sociale, et ce principe s\u2019applique presque \u00e0 la lettre \u00e0 la <a href=\"http:\/\/www.arboplus.ca\/blog\/developpement-durable\/polyarboriculture.html\">polyarboriculture<\/a>, qui serait la meilleure solution pour pr\u00e9venir la propagation des prochaines maladies des arbres. On n\u2019a qu\u2019\u00e0 observer le principe de contagion. Une personne asymptomatique, mais contagieuse, vaque \u00e0 ses occupations normalement, et ce sont des dizaines et des dizaines de personnes qui peuvent \u00eatre contamin\u00e9es. Malheureusement, c\u2019est seulement lorsque la pand\u00e9mie est bien install\u00e9e que nous r\u00e9agissons, et apr\u00e8s il faut limiter les d\u00e9g\u00e2ts.<\/p>\n<h2>L&rsquo;arboriculture et les pand\u00e9mies<\/h2>\n<p>En arboriculture, il y a aussi des vagues de pand\u00e9mies bien s\u00e9v\u00e8res, et nous r\u00e9alisons apr\u00e8s coup que nos am\u00e9nagements paysagers \u00e9taient con\u00e7us de sorte que les maladies se r\u00e9pandent rapidement. Comme un virus, l\u2019agrile du fr\u00eane se r\u00e9pand depuis des ann\u00e9es en d\u00e9truisant tous nos fr\u00eanes. Si la r\u00e9gion de Montr\u00e9al contient encore quelques fr\u00eanes en sant\u00e9, c\u2019est gr\u00e2ce au traitement au TreeAzin ; mais pour combien de temps pourrons-nous soutenir ces traitements\u2009?<\/p>\n<p>Le fait est que, trop souvent, nous optons pour une seule essence dans une r\u00e9gion donn\u00e9e. Par exemple, on choisit une seule essence pour une rue compl\u00e8te et on plante tous les arbres en m\u00eame temps. Ainsi, avec une rue montr\u00e9alaise peupl\u00e9e de chaque c\u00f4t\u00e9 par des fr\u00eanes, on ne peut se surprendre de voir que l\u2019insecte y voyage en toute aisance. La monoculture arboricole est en effet d\u00e9savantageuse sur plus d\u2019un plan. D\u2019abord, c\u2019est la vitesse de propagation des maladies qui est augment\u00e9e, parce qu\u2019il n\u2019y a aucun tampon d\u2019autres essences entre les fr\u00eanes pour faire obstacle \u00e0 l\u2019insecte ; et ceci ne s\u2019applique pas seulement pour les fr\u00eanes. Par la suite, ce sont les pertes qui sont totales et instantan\u00e9es. Autrement dit, pour une rue ou un parc qui est am\u00e9nag\u00e9 avec une proportion de 100 % de fr\u00eanes, ce sont 100 % des arbres qui seront perdus d\u2019un seul coup. Cette approche n\u2019offre aucune r\u00e9silience. Le traitement au TreeAzin sert alors principalement \u00e0 ralentir la perte des arbres.<\/p>\n<div id=\"attachment_5122\" style=\"width: 1930px\" class=\"wp-caption aligncenter\"><img fetchpriority=\"high\" decoding=\"async\" aria-describedby=\"caption-attachment-5122\" class=\"size-full wp-image-5122\" src=\"http:\/\/www.arboplus.ca\/blog\/wp-content\/uploads\/2020\/05\/les-pandemies-et-la-polyarboriculture.jpg\" alt=\"Les pand\u00e9mies et la polyarboriculture \u00e0 Montr\u00e9al\" width=\"1920\" height=\"1080\" srcset=\"https:\/\/www.arboplus.ca\/blog\/wp-content\/uploads\/2020\/05\/les-pandemies-et-la-polyarboriculture.jpg 1920w, https:\/\/www.arboplus.ca\/blog\/wp-content\/uploads\/2020\/05\/les-pandemies-et-la-polyarboriculture-300x169.jpg 300w, https:\/\/www.arboplus.ca\/blog\/wp-content\/uploads\/2020\/05\/les-pandemies-et-la-polyarboriculture-768x432.jpg 768w, https:\/\/www.arboplus.ca\/blog\/wp-content\/uploads\/2020\/05\/les-pandemies-et-la-polyarboriculture-1024x576.jpg 1024w, https:\/\/www.arboplus.ca\/blog\/wp-content\/uploads\/2020\/05\/les-pandemies-et-la-polyarboriculture-720x406.jpg 720w\" sizes=\"(max-width: 1920px) 100vw, 1920px\" \/><p id=\"caption-attachment-5122\" class=\"wp-caption-text\">Les pand\u00e9mies et la polyarboriculture \u00e0 Montr\u00e9al<\/p><\/div>\n<h2>Distanciation \u00ab sociale \u00bb de nos arbres<\/h2>\n<p>Mais appliquons le principe de distanciation \u00ab sociale \u00bb \u00e0 nos arbres, et faisons-le en planifiant, comme si nous \u00e9tions certains que, t\u00f4t ou tard, une pand\u00e9mie allait s\u00e9vir sur au moins une esp\u00e8ce. Non pas d\u2019espacer les plantations d\u2019arbres, mais de distancer les arbres d&rsquo;essence identique, en variant les essences entre chaque plantation et en misant sur le plus grand nombre possible d\u2019essences, indig\u00e8nes de pr\u00e9f\u00e9rence (mais pas exclusivement). Par exemple, disons que nous avons la charge de planter une vingtaine d\u2019arbres dans un parc nouvellement d\u00e9cim\u00e9 par l\u2019<a href=\"http:\/\/www.arboplus.ca\/blog\/arboriculture\/lagrile-du-frene.html\">agrile du fr\u00eane<\/a>. Pour r\u00e9pondre \u00e0 une telle demande, il serait traditionnel de trouver un arbre \u00ab th\u00e9matique \u00bb en choisissant celui-ci pour ses propri\u00e9t\u00e9s de r\u00e9sistance \u00e0 la pollution et pour le c\u00f4t\u00e9 esth\u00e9tique. Mentionnons ici que l\u2019uniformit\u00e9 cr\u00e9\u00e9e par une essence unique dans un parc ou une rue peut effectivement apporter un c\u00f4t\u00e9 tr\u00e8s esth\u00e9tique, nous ne contestons pas cela. Mais en choisissant une seule essence, c\u2019est comme si nous avions la conviction qu\u2019aucune autre maladie ne pourrait \u00e9ventuellement s\u00e9vir, comme si nous n\u2019avions pas appris la le\u00e7on\u2026<\/p>\n<p>En revanche, pour une plantation d\u2019une vingtaine d\u2019arbres dans un parc, la t\u00e2che n\u2019est pas difficile pour trouver vingt arbres diff\u00e9rents \u00e0 planter\u2009! Quelques vari\u00e9t\u00e9s d\u2019\u00e9rables, quelques vari\u00e9t\u00e9s de ch\u00eanes, un <a href=\"http:\/\/www.arboplus.ca\/blog\/essences-arbres\/tilleul-damerique-tilia-americana.html\">tilleul<\/a>, un bouleau, un <a href=\"http:\/\/www.arboplus.ca\/blog\/essences-arbres\/le-hetre.html\">h\u00eatre<\/a>, un orme, un catalpa, un <a href=\"http:\/\/www.arboplus.ca\/blog\/essences-arbres\/le-micocoulier-occidental-celtis-occidentalis.html\">micocoulier<\/a>, alouette ! Maintenant, imaginez qu\u2019un nouvel insecte attaque principalement une vari\u00e9t\u00e9 d\u2019\u00e9rables et que toutes les rues et tous les parcs ont \u00e9t\u00e9 am\u00e9nag\u00e9s de fa\u00e7on \u00e0 ce que le plus grand nombre d&rsquo;essences diff\u00e9rentes possible soient plant\u00e9es entre deux arbres de la m\u00eame esp\u00e8ce (un concours entre villes pour le plus grand nombre d\u2019essences, tiens\u2009!). Qu\u2019arrive-t-il\u2009? Premi\u00e8rement, il est possible de regarder la situation avec calme, car nous savons que l\u2019insecte, ou peu importe la sorte de maladie, ne pourra pas se r\u00e9pandre bien vite puisqu\u2019il doit \u00ab chercher \u00bb sa nourriture. En effet, pendant qu\u2019il d\u00e9vore son arbre, l\u2019insecte ne d\u00e9tecte pas imm\u00e9diatement un arbre de m\u00eame essence \u00e0 proximit\u00e9 (parfois, sur une rue, ce sont les branches des fr\u00eanes qui se touchent ; une v\u00e9ritable autoroute \u00e0 agrile). Il y a donc l\u2019\u00e9l\u00e9ment du temps qui est de notre c\u00f4t\u00e9. On tend des pi\u00e8ges, on calcule la progression de l\u2019insecte, on fait des tests, et on sait que ce n\u2019est pas l\u2019an prochain que nous aurons perdu tous nos arbres donc, aucune panique. Par la suite, le pire sc\u00e9nario envisageable est que les parcs et les rues ne perdront qu\u2019une petite proportion de leurs arbres. Si un arbre sur 25 est une des vari\u00e9t\u00e9s d\u2019\u00e9rables vuln\u00e9rables, alors on perd 1 arbre sur 25. Et cette proportion peut \u00eatre diminu\u00e9e encore plus si nous arrivons \u00e0 utiliser toute la biodiversit\u00e9 qui nous est disponible.<\/p>\n<h2>La polyarboriculture est un investissement \u00e0 long-terme et favorise la cr\u00e9ativit\u00e9<\/h2>\n<p>La polyarboriculture est donc la voie \u00e0 prendre pour le futur, le pr\u00e9sent, dis-je, puisque des parcs et des rues enti\u00e8res sont pr\u00e9sentement en train de se faire abattre 100 % de leurs arbres, puisque ceux-ci \u00e9taient \u00e0 100 % des fr\u00eanes. Ces arbres auront \u00e0 \u00eatre remplac\u00e9s, mais seront-ils remplac\u00e9s avec une pens\u00e9e magique qui croit que l\u2019agrile du fr\u00eane est une petite anomalie qui ne se reproduira pas\u2009? Avons-nous d\u00e9j\u00e0 oubli\u00e9 la <a href=\"http:\/\/www.arboplus.ca\/blog\/arboriculture\/maladie-hollandaise-de-lorme.html\">maladie hollandaise de l\u2019orme<\/a>\u2009? Quel est l\u2019effort de plus \u00e0 d\u00e9ployer pour varier nos essences\u2009? Certes, l\u2019esth\u00e9tique des monocultures arboricoles est simple et bien faite, mais avec une polyarboriculture, il serait possible d\u2019agencer les formes, les grandeurs et les couleurs automnales. Tous les avantages y sont. En poussant encore plus loin, on peut \u00e9tudier les structures tropiques des diff\u00e9rentes r\u00e9gions et utiliser les arbres qui seront les plus b\u00e9n\u00e9fiques pour la faune. Un parc a besoin de 25 arbres, on peut en planter 24 <a href=\"http:\/\/www.arboplus.ca\/blog\/essences-arbres\/arbres-indigenes.html\">essences indig\u00e8nes<\/a> qui, par leur organisation, imitent les structures foresti\u00e8res locales, et une essence exotique, comme vedette du parc ; comme un ginkgo, par exemple. Il s\u2019agit d\u2019un mod\u00e8le qui favorise la cr\u00e9ativit\u00e9 et qui ne n\u00e9cessite pas forc\u00e9ment plus d\u2019investissement.<\/p>\n","protected":false},"excerpt":{"rendered":"<p>Comme tout le monde, je suis chez moi en confinement, respectant les r\u00e8gles pour combattre la pand\u00e9mie. Je ne peux m\u2019emp\u00eacher de faire le parall\u00e8le entre la COVID-19 (le coronavirus) et les maladies ravageuses comme l\u2019agrile du fr\u00eane. Ce qui ressort, c\u2019est le principe de distanciation sociale, et ce principe s\u2019applique presque \u00e0 la lettre \u00e0 la polyarboriculture, qui serait la meilleure solution pour pr\u00e9venir la propagation des prochaines maladies des arbres.<\/p>\n","protected":false},"author":2,"featured_media":5116,"comment_status":"open","ping_status":"open","sticky":false,"template":"","format":"standard","meta":{"footnotes":""},"categories":[6,12],"tags":[62,2456,164,2466,212,1619,2476,2263,973,2457,1486,2459,2484,2485,2460,2462,2461,2491,2452,2464,972,2453,1079,2489,2472,2487,2474,2482,218,250,2480,2490,2483,226,162,2451,2479,317,2465,2463,626,67,2469,393,2468,187,624,2458,2450,2481,68,2471,286,59,2477,2454,2455,2488,2486,2473,267,342,2475,2467,2470,2478],"class_list":["post-5115","post","type-post","status-publish","format-standard","has-post-thumbnail","hentry","category-developpement-durable","category-essences-arbres","tag-agrile-du-frene","tag-amenagements-paysagers","tag-arbres","tag-asymptomatique","tag-biodiversite","tag-bouleau","tag-calme","tag-catalpa","tag-chenes","tag-confinement","tag-contagion","tag-coronavirus","tag-couleurs","tag-couleurs-automnales","tag-covid","tag-covid-19","tag-covid19","tag-creativite","tag-distanciation","tag-distanciation-sociale","tag-erables","tag-especes","tag-essence","tag-essence-exotique","tag-essence-identique","tag-essences-indigenes","tag-esthetique","tag-formes","tag-frene","tag-frenes","tag-futur","tag-ginkgo","tag-grandeurs","tag-hetre","tag-insectes","tag-insectes-nuisibles","tag-investissement","tag-maladies","tag-maladies-des-arbres","tag-maladies-ravageuses","tag-micocoulier","tag-monoarboriculture","tag-monoculture-arboricole","tag-montreal","tag-montrealaise","tag-nourriture","tag-orme","tag-pandemie","tag-pandemies","tag-pensee-magique","tag-plantation","tag-plantations-darbres","tag-pollution","tag-polyarboriculture","tag-progression","tag-ravage","tag-resilience","tag-structures-forestieres-locales","tag-structures-tropiques","tag-thematique","tag-tilleul","tag-treeazin","tag-uniformite","tag-virus","tag-vitesse-de-propagation","tag-vulnerables"],"yoast_head":"<!-- This site is optimized with the Yoast SEO plugin v24.7 - https:\/\/yoast.com\/wordpress\/plugins\/seo\/ -->\n<title>Les pand\u00e9mies et la polyarboriculture - Arboplus<\/title>\n<meta name=\"description\" content=\"Je ne peux m\u2019emp\u00eacher de faire le parall\u00e8le entre la COVID-19 (le coronavirus) et les maladies ravageuses comme l\u2019agrile du fr\u00eane. Ce qui ressort, c\u2019est le principe de distanciation sociale, et ce principe s\u2019applique presque \u00e0 la lettre \u00e0 la polyarboriculture, qui serait la meilleure solution pour pr\u00e9venir la propagation des prochaines maladies des arbres.\" \/>\n<meta name=\"robots\" content=\"index, follow, max-snippet:-1, max-image-preview:large, max-video-preview:-1\" \/>\n<link rel=\"canonical\" href=\"https:\/\/www.arboplus.ca\/blog\/developpement-durable\/les-pandemies-et-la-polyarboriculture.html\" \/>\n<meta property=\"og:locale\" content=\"fr_CA\" \/>\n<meta property=\"og:type\" content=\"article\" \/>\n<meta property=\"og:title\" content=\"Les pand\u00e9mies et la polyarboriculture - Arboplus\" \/>\n<meta property=\"og:description\" content=\"Je ne peux m\u2019emp\u00eacher de faire le parall\u00e8le entre la COVID-19 (le coronavirus) et les maladies ravageuses comme l\u2019agrile du fr\u00eane. Ce qui ressort, c\u2019est le principe de distanciation sociale, et ce principe s\u2019applique presque \u00e0 la lettre \u00e0 la polyarboriculture, qui serait la meilleure solution pour pr\u00e9venir la propagation des prochaines maladies des arbres.\" \/>\n<meta property=\"og:url\" content=\"https:\/\/www.arboplus.ca\/blog\/developpement-durable\/les-pandemies-et-la-polyarboriculture.html\" \/>\n<meta property=\"og:site_name\" content=\"Arboplus\" \/>\n<meta property=\"article:published_time\" content=\"2020-05-14T12:00:00+00:00\" \/>\n<meta property=\"article:modified_time\" content=\"2020-05-14T14:43:02+00:00\" \/>\n<meta property=\"og:image\" content=\"https:\/\/www.arboplus.ca\/blog\/wp-content\/uploads\/2020\/05\/les-pandemies-et-la-polyarboriculture-montreal.jpg\" \/>\n\t<meta property=\"og:image:width\" content=\"1920\" \/>\n\t<meta property=\"og:image:height\" content=\"1080\" \/>\n\t<meta property=\"og:image:type\" content=\"image\/jpeg\" \/>\n<meta name=\"author\" content=\"Dominic Perugino\" \/>\n<meta name=\"twitter:label1\" content=\"\u00c9crit par\" \/>\n\t<meta name=\"twitter:data1\" content=\"Dominic Perugino\" \/>\n\t<meta name=\"twitter:label2\" content=\"Estimation du temps de lecture\" \/>\n\t<meta name=\"twitter:data2\" content=\"6 minutes\" \/>\n<script type=\"application\/ld+json\" class=\"yoast-schema-graph\">{\"@context\":\"https:\/\/schema.org\",\"@graph\":[{\"@type\":\"WebPage\",\"@id\":\"https:\/\/www.arboplus.ca\/blog\/developpement-durable\/les-pandemies-et-la-polyarboriculture.html\",\"url\":\"https:\/\/www.arboplus.ca\/blog\/developpement-durable\/les-pandemies-et-la-polyarboriculture.html\",\"name\":\"Les pand\u00e9mies et la polyarboriculture - Arboplus\",\"isPartOf\":{\"@id\":\"https:\/\/www.arboplus.ca\/blog\/#website\"},\"primaryImageOfPage\":{\"@id\":\"https:\/\/www.arboplus.ca\/blog\/developpement-durable\/les-pandemies-et-la-polyarboriculture.html#primaryimage\"},\"image\":{\"@id\":\"https:\/\/www.arboplus.ca\/blog\/developpement-durable\/les-pandemies-et-la-polyarboriculture.html#primaryimage\"},\"thumbnailUrl\":\"https:\/\/www.arboplus.ca\/blog\/wp-content\/uploads\/2020\/05\/les-pandemies-et-la-polyarboriculture-montreal.jpg\",\"datePublished\":\"2020-05-14T12:00:00+00:00\",\"dateModified\":\"2020-05-14T14:43:02+00:00\",\"author\":{\"@id\":\"https:\/\/www.arboplus.ca\/blog\/#\/schema\/person\/c4e4c82ad12349aafba47d44193f5540\"},\"description\":\"Je ne peux m\u2019emp\u00eacher de faire le parall\u00e8le entre la COVID-19 (le coronavirus) et les maladies ravageuses comme l\u2019agrile du fr\u00eane. Ce qui ressort, c\u2019est le principe de distanciation sociale, et ce principe s\u2019applique presque \u00e0 la lettre \u00e0 la polyarboriculture, qui serait la meilleure solution pour pr\u00e9venir la propagation des prochaines maladies des arbres.\",\"breadcrumb\":{\"@id\":\"https:\/\/www.arboplus.ca\/blog\/developpement-durable\/les-pandemies-et-la-polyarboriculture.html#breadcrumb\"},\"inLanguage\":\"fr-CA\",\"potentialAction\":[{\"@type\":\"ReadAction\",\"target\":[\"https:\/\/www.arboplus.ca\/blog\/developpement-durable\/les-pandemies-et-la-polyarboriculture.html\"]}]},{\"@type\":\"ImageObject\",\"inLanguage\":\"fr-CA\",\"@id\":\"https:\/\/www.arboplus.ca\/blog\/developpement-durable\/les-pandemies-et-la-polyarboriculture.html#primaryimage\",\"url\":\"https:\/\/www.arboplus.ca\/blog\/wp-content\/uploads\/2020\/05\/les-pandemies-et-la-polyarboriculture-montreal.jpg\",\"contentUrl\":\"https:\/\/www.arboplus.ca\/blog\/wp-content\/uploads\/2020\/05\/les-pandemies-et-la-polyarboriculture-montreal.jpg\",\"width\":1920,\"height\":1080,\"caption\":\"Les pand\u00e9mies et la polyarboriculture \u00e0 Montr\u00e9al\"},{\"@type\":\"BreadcrumbList\",\"@id\":\"https:\/\/www.arboplus.ca\/blog\/developpement-durable\/les-pandemies-et-la-polyarboriculture.html#breadcrumb\",\"itemListElement\":[{\"@type\":\"ListItem\",\"position\":1,\"name\":\"Accueil\",\"item\":\"https:\/\/www.arboplus.ca\/blog\/\"},{\"@type\":\"ListItem\",\"position\":2,\"name\":\"Les pand\u00e9mies et la polyarboriculture\"}]},{\"@type\":\"WebSite\",\"@id\":\"https:\/\/www.arboplus.ca\/blog\/#website\",\"url\":\"https:\/\/www.arboplus.ca\/blog\/\",\"name\":\"Arboplus\",\"description\":\"Magazine arboricole\",\"potentialAction\":[{\"@type\":\"SearchAction\",\"target\":{\"@type\":\"EntryPoint\",\"urlTemplate\":\"https:\/\/www.arboplus.ca\/blog\/?s={search_term_string}\"},\"query-input\":{\"@type\":\"PropertyValueSpecification\",\"valueRequired\":true,\"valueName\":\"search_term_string\"}}],\"inLanguage\":\"fr-CA\"},{\"@type\":\"Person\",\"@id\":\"https:\/\/www.arboplus.ca\/blog\/#\/schema\/person\/c4e4c82ad12349aafba47d44193f5540\",\"name\":\"Dominic Perugino\",\"image\":{\"@type\":\"ImageObject\",\"inLanguage\":\"fr-CA\",\"@id\":\"https:\/\/www.arboplus.ca\/blog\/#\/schema\/person\/image\/\",\"url\":\"https:\/\/secure.gravatar.com\/avatar\/0027ec1e3f6852cb4655750d4303f090?s=96&d=mm&r=g\",\"contentUrl\":\"https:\/\/secure.gravatar.com\/avatar\/0027ec1e3f6852cb4655750d4303f090?s=96&d=mm&r=g\",\"caption\":\"Dominic Perugino\"},\"url\":\"https:\/\/www.arboplus.ca\/blog\/author\/dominic-perugino\"}]}<\/script>\n<!-- \/ Yoast SEO plugin. -->","yoast_head_json":{"title":"Les pand\u00e9mies et la polyarboriculture - Arboplus","description":"Je ne peux m\u2019emp\u00eacher de faire le parall\u00e8le entre la COVID-19 (le coronavirus) et les maladies ravageuses comme l\u2019agrile du fr\u00eane. Ce qui ressort, c\u2019est le principe de distanciation sociale, et ce principe s\u2019applique presque \u00e0 la lettre \u00e0 la polyarboriculture, qui serait la meilleure solution pour pr\u00e9venir la propagation des prochaines maladies des arbres.","robots":{"index":"index","follow":"follow","max-snippet":"max-snippet:-1","max-image-preview":"max-image-preview:large","max-video-preview":"max-video-preview:-1"},"canonical":"https:\/\/www.arboplus.ca\/blog\/developpement-durable\/les-pandemies-et-la-polyarboriculture.html","og_locale":"fr_CA","og_type":"article","og_title":"Les pand\u00e9mies et la polyarboriculture - Arboplus","og_description":"Je ne peux m\u2019emp\u00eacher de faire le parall\u00e8le entre la COVID-19 (le coronavirus) et les maladies ravageuses comme l\u2019agrile du fr\u00eane. Ce qui ressort, c\u2019est le principe de distanciation sociale, et ce principe s\u2019applique presque \u00e0 la lettre \u00e0 la polyarboriculture, qui serait la meilleure solution pour pr\u00e9venir la propagation des prochaines maladies des arbres.","og_url":"https:\/\/www.arboplus.ca\/blog\/developpement-durable\/les-pandemies-et-la-polyarboriculture.html","og_site_name":"Arboplus","article_published_time":"2020-05-14T12:00:00+00:00","article_modified_time":"2020-05-14T14:43:02+00:00","og_image":[{"width":1920,"height":1080,"url":"https:\/\/www.arboplus.ca\/blog\/wp-content\/uploads\/2020\/05\/les-pandemies-et-la-polyarboriculture-montreal.jpg","type":"image\/jpeg"}],"author":"Dominic Perugino","twitter_misc":{"\u00c9crit par":"Dominic Perugino","Estimation du temps de lecture":"6 minutes"},"schema":{"@context":"https:\/\/schema.org","@graph":[{"@type":"WebPage","@id":"https:\/\/www.arboplus.ca\/blog\/developpement-durable\/les-pandemies-et-la-polyarboriculture.html","url":"https:\/\/www.arboplus.ca\/blog\/developpement-durable\/les-pandemies-et-la-polyarboriculture.html","name":"Les pand\u00e9mies et la polyarboriculture - Arboplus","isPartOf":{"@id":"https:\/\/www.arboplus.ca\/blog\/#website"},"primaryImageOfPage":{"@id":"https:\/\/www.arboplus.ca\/blog\/developpement-durable\/les-pandemies-et-la-polyarboriculture.html#primaryimage"},"image":{"@id":"https:\/\/www.arboplus.ca\/blog\/developpement-durable\/les-pandemies-et-la-polyarboriculture.html#primaryimage"},"thumbnailUrl":"https:\/\/www.arboplus.ca\/blog\/wp-content\/uploads\/2020\/05\/les-pandemies-et-la-polyarboriculture-montreal.jpg","datePublished":"2020-05-14T12:00:00+00:00","dateModified":"2020-05-14T14:43:02+00:00","author":{"@id":"https:\/\/www.arboplus.ca\/blog\/#\/schema\/person\/c4e4c82ad12349aafba47d44193f5540"},"description":"Je ne peux m\u2019emp\u00eacher de faire le parall\u00e8le entre la COVID-19 (le coronavirus) et les maladies ravageuses comme l\u2019agrile du fr\u00eane. Ce qui ressort, c\u2019est le principe de distanciation sociale, et ce principe s\u2019applique presque \u00e0 la lettre \u00e0 la polyarboriculture, qui serait la meilleure solution pour pr\u00e9venir la propagation des prochaines maladies des arbres.","breadcrumb":{"@id":"https:\/\/www.arboplus.ca\/blog\/developpement-durable\/les-pandemies-et-la-polyarboriculture.html#breadcrumb"},"inLanguage":"fr-CA","potentialAction":[{"@type":"ReadAction","target":["https:\/\/www.arboplus.ca\/blog\/developpement-durable\/les-pandemies-et-la-polyarboriculture.html"]}]},{"@type":"ImageObject","inLanguage":"fr-CA","@id":"https:\/\/www.arboplus.ca\/blog\/developpement-durable\/les-pandemies-et-la-polyarboriculture.html#primaryimage","url":"https:\/\/www.arboplus.ca\/blog\/wp-content\/uploads\/2020\/05\/les-pandemies-et-la-polyarboriculture-montreal.jpg","contentUrl":"https:\/\/www.arboplus.ca\/blog\/wp-content\/uploads\/2020\/05\/les-pandemies-et-la-polyarboriculture-montreal.jpg","width":1920,"height":1080,"caption":"Les pand\u00e9mies et la polyarboriculture \u00e0 Montr\u00e9al"},{"@type":"BreadcrumbList","@id":"https:\/\/www.arboplus.ca\/blog\/developpement-durable\/les-pandemies-et-la-polyarboriculture.html#breadcrumb","itemListElement":[{"@type":"ListItem","position":1,"name":"Accueil","item":"https:\/\/www.arboplus.ca\/blog\/"},{"@type":"ListItem","position":2,"name":"Les pand\u00e9mies et la polyarboriculture"}]},{"@type":"WebSite","@id":"https:\/\/www.arboplus.ca\/blog\/#website","url":"https:\/\/www.arboplus.ca\/blog\/","name":"Arboplus","description":"Magazine arboricole","potentialAction":[{"@type":"SearchAction","target":{"@type":"EntryPoint","urlTemplate":"https:\/\/www.arboplus.ca\/blog\/?s={search_term_string}"},"query-input":{"@type":"PropertyValueSpecification","valueRequired":true,"valueName":"search_term_string"}}],"inLanguage":"fr-CA"},{"@type":"Person","@id":"https:\/\/www.arboplus.ca\/blog\/#\/schema\/person\/c4e4c82ad12349aafba47d44193f5540","name":"Dominic Perugino","image":{"@type":"ImageObject","inLanguage":"fr-CA","@id":"https:\/\/www.arboplus.ca\/blog\/#\/schema\/person\/image\/","url":"https:\/\/secure.gravatar.com\/avatar\/0027ec1e3f6852cb4655750d4303f090?s=96&d=mm&r=g","contentUrl":"https:\/\/secure.gravatar.com\/avatar\/0027ec1e3f6852cb4655750d4303f090?s=96&d=mm&r=g","caption":"Dominic Perugino"},"url":"https:\/\/www.arboplus.ca\/blog\/author\/dominic-perugino"}]}},"_links":{"self":[{"href":"https:\/\/www.arboplus.ca\/blog\/wp-json\/wp\/v2\/posts\/5115","targetHints":{"allow":["GET"]}}],"collection":[{"href":"https:\/\/www.arboplus.ca\/blog\/wp-json\/wp\/v2\/posts"}],"about":[{"href":"https:\/\/www.arboplus.ca\/blog\/wp-json\/wp\/v2\/types\/post"}],"author":[{"embeddable":true,"href":"https:\/\/www.arboplus.ca\/blog\/wp-json\/wp\/v2\/users\/2"}],"replies":[{"embeddable":true,"href":"https:\/\/www.arboplus.ca\/blog\/wp-json\/wp\/v2\/comments?post=5115"}],"version-history":[{"count":6,"href":"https:\/\/www.arboplus.ca\/blog\/wp-json\/wp\/v2\/posts\/5115\/revisions"}],"predecessor-version":[{"id":5123,"href":"https:\/\/www.arboplus.ca\/blog\/wp-json\/wp\/v2\/posts\/5115\/revisions\/5123"}],"wp:featuredmedia":[{"embeddable":true,"href":"https:\/\/www.arboplus.ca\/blog\/wp-json\/wp\/v2\/media\/5116"}],"wp:attachment":[{"href":"https:\/\/www.arboplus.ca\/blog\/wp-json\/wp\/v2\/media?parent=5115"}],"wp:term":[{"taxonomy":"category","embeddable":true,"href":"https:\/\/www.arboplus.ca\/blog\/wp-json\/wp\/v2\/categories?post=5115"},{"taxonomy":"post_tag","embeddable":true,"href":"https:\/\/www.arboplus.ca\/blog\/wp-json\/wp\/v2\/tags?post=5115"}],"curies":[{"name":"wp","href":"https:\/\/api.w.org\/{rel}","templated":true}]}}