{"id":5058,"date":"2019-05-15T12:00:19","date_gmt":"2019-05-15T16:00:19","guid":{"rendered":"http:\/\/www.arboplus.ca\/blog\/?p=5058"},"modified":"2019-06-04T16:12:11","modified_gmt":"2019-06-04T20:12:11","slug":"arboplus-annonce-son-acquisition-de-novafor-arboriculture","status":"publish","type":"post","link":"https:\/\/www.arboplus.ca\/blog\/nouvelles-arboricoles\/arboplus-annonce-son-acquisition-de-novafor-arboriculture.html","title":{"rendered":"Arboplus annonce son acquisition de Novafor arboriculture"},"content":{"rendered":"<h2>Arboplus annonce une troisi\u00e8me acquisition en pr\u00e9sence de distingu\u00e9s invit\u00e9s<\/h2>\n<p><iframe width=\"940\" height=\"529\" src=\"https:\/\/www.youtube.com\/embed\/mZFn-NpKRVM?feature=oembed\" frameborder=\"0\" allow=\"accelerometer; autoplay; encrypted-media; gyroscope; picture-in-picture\" allowfullscreen><\/iframe><\/p>\n<p>Blainville, le 15 mai 2019 \\ Arboplus, l\u2019entreprise no1 en arboriculture r\u00e9sidentielle au Qu\u00e9bec, annon\u00e7ait ce matin, \u00e0 10 h 30, au 735, boulevard Industriel \u00e0 Blainville, qu\u2019elle proc\u00e9dait \u00e0 une troisi\u00e8me acquisition, soit celle de <a href=\"http:\/\/www.novafor.net\">Novafor arboriculture<\/a>. Nathalie Plante, commissaire au d\u00e9veloppement entrepreneurial de Laval D\u00e9veloppement \u00c9conomique, a pris la parole pour commenter cette acquisition et souligner une reconnaissance. C\u2019est devant des personnes de renom que cette nouvelle a \u00e9t\u00e9 divulgu\u00e9e. C\u2019est pourquoi Arboplus tient \u00e0 souligner la pr\u00e9sence de Danik Tondreau du Bureau de la ministre responsable de la r\u00e9gion des Laurentides, de Sylvie d\u2019Amours, France Beaulieu de monsieur Mario Laframboise, d\u00e9put\u00e9 de la circonscription de Blainville, de Johanne Tessier, coordonnatrice au d\u00e9veloppement entrepreneurial de Mirabel, de Steve Mitchell, conseiller au d\u00e9veloppement \u00e9conomique de la MRC Th\u00e9r\u00e8se-de-Blainville ainsi que de Vanessa Bellini, directrice principale \u00e0 la Banque de D\u00e9veloppement du Canada. Outres ces distingu\u00e9s invit\u00e9s, plusieurs autres partenaires, employ\u00e9s et collaborateurs de qualit\u00e9 \u00e9taient pr\u00e9sents. Par ailleurs, Arboplus proc\u00e9dait au lancement du premier outil p\u00e9dagogique qui vise \u00e0 sensibiliser les enfants \u00e0 l\u2019univers arboricole. Cet outil est une premi\u00e8re en la mati\u00e8re et met le sceau au souci qu\u2019Arboplus accorde \u00e0 l\u2019environnement. Un exemplaire gratuit a \u00e9t\u00e9 offert \u00e0 tous les invit\u00e9s et aux journalistes pr\u00e9sents.<\/p>\n<div class=\"magic-link\"><a href=\"http:\/\/www.arboplus.ca\/blog\/wp-content\/uploads\/2019\/05\/arboplus-dossier-de-presse-acquisition-novafor.pdf\">T\u00e9l\u00e9charger le dossier de presse<\/a><\/div>\n<hr class=\"vertical-space1\">\n<div class=\"flexslider\"><ul class=\"slides\"> <li><img decoding=\"async\" src=\"http:\/\/www.arboplus.ca\/blog\/wp-content\/uploads\/2019\/05\/arboplus-conference-de-presse-acquisition-novafor-deputee.jpg\" alt=\"Arboplus - Conf\u00e9rence de presse - Acquisition de Novafor arboriculture - D\u00e9put\u00e9\"><\/li> <li><img decoding=\"async\" src=\"http:\/\/www.arboplus.ca\/blog\/wp-content\/uploads\/2019\/05\/arboplus-conference-de-presse-acquisition-novafor-dominic-perugino.jpg\" alt=\"Arboplus - Conf\u00e9rence de presse - Acquisition de Novafor arboriculture - Dominic Perugino\"><\/li> <li><img decoding=\"async\" src=\"http:\/\/www.arboplus.ca\/blog\/wp-content\/uploads\/2019\/05\/arboplus-conference-de-presse-acquisition-novafor-eric-lanthier.jpg\" alt=\"Arboplus - Conf\u00e9rence de presse - Acquisition de Novafor arboriculture - \u00c9ric Lanthier\"><\/li><\/ul><\/div>\n\n\t\t<style type=\"text\/css\">\n\t\t\t#gallery-1 {\n\t\t\t\tmargin: auto;\n\t\t\t}\n\t\t\t#gallery-1 .gallery-item {\n\t\t\t\tfloat: left;\n\t\t\t\tmargin-top: 10px;\n\t\t\t\ttext-align: center;\n\t\t\t\twidth: 33%;\n\t\t\t}\n\t\t\t#gallery-1 img {\n\t\t\t\tborder: 2px solid #cfcfcf;\n\t\t\t}\n\t\t\t#gallery-1 .gallery-caption {\n\t\t\t\tmargin-left: 0;\n\t\t\t}\n\t\t\t\/* see gallery_shortcode() in wp-includes\/media.php *\/\n\t\t<\/style>\n\t\t<div id='gallery-1' class='gallery galleryid-5058 gallery-columns-3 gallery-size-large'><dl class='gallery-item'>\n\t\t\t<dt class='gallery-icon landscape'>\n\t\t\t\t<img fetchpriority=\"high\" decoding=\"async\" width=\"940\" height=\"529\" src=\"https:\/\/www.arboplus.ca\/blog\/wp-content\/uploads\/2019\/05\/arboplus-conference-de-presse-acquisition-novafor-deputee-1024x576.jpg\" class=\"attachment-large size-large\" alt=\"Arboplus - Conf\u00e9rence de presse - Acquisition de Novafor arboriculture - D\u00e9put\u00e9\" srcset=\"https:\/\/www.arboplus.ca\/blog\/wp-content\/uploads\/2019\/05\/arboplus-conference-de-presse-acquisition-novafor-deputee-1024x576.jpg 1024w, https:\/\/www.arboplus.ca\/blog\/wp-content\/uploads\/2019\/05\/arboplus-conference-de-presse-acquisition-novafor-deputee-300x169.jpg 300w, https:\/\/www.arboplus.ca\/blog\/wp-content\/uploads\/2019\/05\/arboplus-conference-de-presse-acquisition-novafor-deputee-768x432.jpg 768w, https:\/\/www.arboplus.ca\/blog\/wp-content\/uploads\/2019\/05\/arboplus-conference-de-presse-acquisition-novafor-deputee-720x406.jpg 720w, https:\/\/www.arboplus.ca\/blog\/wp-content\/uploads\/2019\/05\/arboplus-conference-de-presse-acquisition-novafor-deputee.jpg 1280w\" sizes=\"(max-width: 940px) 100vw, 940px\" \/>\n\t\t\t<\/dt><\/dl><dl class='gallery-item'>\n\t\t\t<dt class='gallery-icon landscape'>\n\t\t\t\t<img decoding=\"async\" width=\"940\" height=\"529\" src=\"https:\/\/www.arboplus.ca\/blog\/wp-content\/uploads\/2019\/05\/arboplus-conference-de-presse-acquisition-novafor-dominic-perugino-1024x576.jpg\" class=\"attachment-large size-large\" alt=\"Arboplus - Conf\u00e9rence de presse - Acquisition de Novafor arboriculture - Dominic Perugino\" srcset=\"https:\/\/www.arboplus.ca\/blog\/wp-content\/uploads\/2019\/05\/arboplus-conference-de-presse-acquisition-novafor-dominic-perugino-1024x576.jpg 1024w, https:\/\/www.arboplus.ca\/blog\/wp-content\/uploads\/2019\/05\/arboplus-conference-de-presse-acquisition-novafor-dominic-perugino-300x169.jpg 300w, https:\/\/www.arboplus.ca\/blog\/wp-content\/uploads\/2019\/05\/arboplus-conference-de-presse-acquisition-novafor-dominic-perugino-768x432.jpg 768w, https:\/\/www.arboplus.ca\/blog\/wp-content\/uploads\/2019\/05\/arboplus-conference-de-presse-acquisition-novafor-dominic-perugino-720x406.jpg 720w, https:\/\/www.arboplus.ca\/blog\/wp-content\/uploads\/2019\/05\/arboplus-conference-de-presse-acquisition-novafor-dominic-perugino.jpg 1280w\" sizes=\"(max-width: 940px) 100vw, 940px\" \/>\n\t\t\t<\/dt><\/dl><dl class='gallery-item'>\n\t\t\t<dt class='gallery-icon landscape'>\n\t\t\t\t<img decoding=\"async\" width=\"940\" height=\"529\" src=\"https:\/\/www.arboplus.ca\/blog\/wp-content\/uploads\/2019\/05\/arboplus-conference-de-presse-acquisition-novafor-eric-lanthier-1024x576.jpg\" class=\"attachment-large size-large\" alt=\"Arboplus - Conf\u00e9rence de presse - Acquisition de Novafor arboriculture - \u00c9ric Lanthier\" srcset=\"https:\/\/www.arboplus.ca\/blog\/wp-content\/uploads\/2019\/05\/arboplus-conference-de-presse-acquisition-novafor-eric-lanthier-1024x576.jpg 1024w, https:\/\/www.arboplus.ca\/blog\/wp-content\/uploads\/2019\/05\/arboplus-conference-de-presse-acquisition-novafor-eric-lanthier-300x169.jpg 300w, https:\/\/www.arboplus.ca\/blog\/wp-content\/uploads\/2019\/05\/arboplus-conference-de-presse-acquisition-novafor-eric-lanthier-768x432.jpg 768w, https:\/\/www.arboplus.ca\/blog\/wp-content\/uploads\/2019\/05\/arboplus-conference-de-presse-acquisition-novafor-eric-lanthier-720x406.jpg 720w, https:\/\/www.arboplus.ca\/blog\/wp-content\/uploads\/2019\/05\/arboplus-conference-de-presse-acquisition-novafor-eric-lanthier.jpg 1280w\" sizes=\"(max-width: 940px) 100vw, 940px\" \/>\n\t\t\t<\/dt><\/dl><br style=\"clear: both\" \/>\n\t\t<\/div>\n\n<h3>Nicolas Kolodenchuck, vice-pr\u00e9sident sur les ondes de CPAM 1410 &#8211; Retour sans d\u00e9tour<\/h3>\n<!--[if lt IE 9]><script>document.createElement('audio');<\/script><![endif]-->\n<audio class=\"wp-audio-shortcode\" id=\"audio-5058-1\" preload=\"none\" style=\"width: 100%;\" controls=\"controls\"><source type=\"audio\/mpeg\" src=\"http:\/\/www.arboplus.ca\/blog\/wp-content\/uploads\/2019\/05\/arboplus-retour-sans-detour-cpam1410.mp3?_=1\" \/><a href=\"http:\/\/www.arboplus.ca\/blog\/wp-content\/uploads\/2019\/05\/arboplus-retour-sans-detour-cpam1410.mp3\">http:\/\/www.arboplus.ca\/blog\/wp-content\/uploads\/2019\/05\/arboplus-retour-sans-detour-cpam1410.mp3<\/a><\/audio>\n","protected":false},"excerpt":{"rendered":"<p>Arboplus, l\u2019entreprise no1 en arboriculture r\u00e9sidentielle au Qu\u00e9bec, annon\u00e7ait ce matin, \u00e0 10 h 30, au 735, boulevard Industriel \u00e0 Blainville, qu\u2019elle proc\u00e9dait \u00e0 une troisi\u00e8me acquisition, soit celle de Novafor arboriculture. Par ailleurs, Arboplus proc\u00e9dait au lancement du premier outil p\u00e9dagogique qui vise \u00e0 sensibiliser les enfants \u00e0 l\u2019univers arboricole.<\/p>\n","protected":false},"author":1,"featured_media":5059,"comment_status":"open","ping_status":"open","sticky":false,"template":"","format":"standard","meta":{"footnotes":""},"categories":[9],"tags":[],"class_list":["post-5058","post","type-post","status-publish","format-standard","has-post-thumbnail","hentry","category-nouvelles-arboricoles"],"yoast_head":"<!-- This site is optimized with the Yoast SEO plugin v24.7 - https:\/\/yoast.com\/wordpress\/plugins\/seo\/ -->\n<title>Arboplus annonce son acquisition de Novafor arboriculture - Arboplus<\/title>\n<meta name=\"robots\" content=\"index, follow, max-snippet:-1, max-image-preview:large, max-video-preview:-1\" \/>\n<link rel=\"canonical\" href=\"https:\/\/www.arboplus.ca\/blog\/nouvelles-arboricoles\/arboplus-annonce-son-acquisition-de-novafor-arboriculture.html\" \/>\n<meta property=\"og:locale\" content=\"fr_CA\" \/>\n<meta property=\"og:type\" content=\"article\" \/>\n<meta property=\"og:title\" content=\"Arboplus annonce son acquisition de Novafor arboriculture - Arboplus\" \/>\n<meta property=\"og:description\" content=\"Arboplus, l\u2019entreprise no1 en arboriculture r\u00e9sidentielle au Qu\u00e9bec, annon\u00e7ait ce matin, \u00e0 10 h 30, au 735, boulevard Industriel \u00e0 Blainville, qu\u2019elle proc\u00e9dait \u00e0 une troisi\u00e8me acquisition, soit celle de Novafor arboriculture. Par ailleurs, Arboplus proc\u00e9dait au lancement du premier outil p\u00e9dagogique qui vise \u00e0 sensibiliser les enfants \u00e0 l\u2019univers arboricole.\" \/>\n<meta property=\"og:url\" content=\"https:\/\/www.arboplus.ca\/blog\/nouvelles-arboricoles\/arboplus-annonce-son-acquisition-de-novafor-arboriculture.html\" \/>\n<meta property=\"og:site_name\" content=\"Arboplus\" \/>\n<meta property=\"article:published_time\" content=\"2019-05-15T16:00:19+00:00\" \/>\n<meta property=\"article:modified_time\" content=\"2019-06-04T20:12:11+00:00\" \/>\n<meta property=\"og:image\" content=\"https:\/\/www.arboplus.ca\/blog\/wp-content\/uploads\/2019\/05\/arboplus-annonce-acquisition-novafor-arboriculture.jpg\" \/>\n\t<meta property=\"og:image:width\" content=\"1920\" \/>\n\t<meta property=\"og:image:height\" content=\"1080\" \/>\n\t<meta property=\"og:image:type\" content=\"image\/jpeg\" \/>\n<meta name=\"author\" content=\"Nicolas Kolodenchuck\" \/>\n<meta name=\"twitter:label1\" content=\"\u00c9crit par\" \/>\n\t<meta name=\"twitter:data1\" content=\"Nicolas Kolodenchuck\" \/>\n\t<meta name=\"twitter:label2\" content=\"Estimation du temps de lecture\" \/>\n\t<meta name=\"twitter:data2\" content=\"2 minutes\" \/>\n<script type=\"application\/ld+json\" class=\"yoast-schema-graph\">{\"@context\":\"https:\/\/schema.org\",\"@graph\":[{\"@type\":\"WebPage\",\"@id\":\"https:\/\/www.arboplus.ca\/blog\/nouvelles-arboricoles\/arboplus-annonce-son-acquisition-de-novafor-arboriculture.html\",\"url\":\"https:\/\/www.arboplus.ca\/blog\/nouvelles-arboricoles\/arboplus-annonce-son-acquisition-de-novafor-arboriculture.html\",\"name\":\"Arboplus annonce son acquisition de Novafor arboriculture - Arboplus\",\"isPartOf\":{\"@id\":\"https:\/\/www.arboplus.ca\/blog\/#website\"},\"primaryImageOfPage\":{\"@id\":\"https:\/\/www.arboplus.ca\/blog\/nouvelles-arboricoles\/arboplus-annonce-son-acquisition-de-novafor-arboriculture.html#primaryimage\"},\"image\":{\"@id\":\"https:\/\/www.arboplus.ca\/blog\/nouvelles-arboricoles\/arboplus-annonce-son-acquisition-de-novafor-arboriculture.html#primaryimage\"},\"thumbnailUrl\":\"https:\/\/www.arboplus.ca\/blog\/wp-content\/uploads\/2019\/05\/arboplus-annonce-acquisition-novafor-arboriculture.jpg\",\"datePublished\":\"2019-05-15T16:00:19+00:00\",\"dateModified\":\"2019-06-04T20:12:11+00:00\",\"author\":{\"@id\":\"https:\/\/www.arboplus.ca\/blog\/#\/schema\/person\/ad07d6638370b9da76b4ba25de797858\"},\"breadcrumb\":{\"@id\":\"https:\/\/www.arboplus.ca\/blog\/nouvelles-arboricoles\/arboplus-annonce-son-acquisition-de-novafor-arboriculture.html#breadcrumb\"},\"inLanguage\":\"fr-CA\",\"potentialAction\":[{\"@type\":\"ReadAction\",\"target\":[\"https:\/\/www.arboplus.ca\/blog\/nouvelles-arboricoles\/arboplus-annonce-son-acquisition-de-novafor-arboriculture.html\"]}]},{\"@type\":\"ImageObject\",\"inLanguage\":\"fr-CA\",\"@id\":\"https:\/\/www.arboplus.ca\/blog\/nouvelles-arboricoles\/arboplus-annonce-son-acquisition-de-novafor-arboriculture.html#primaryimage\",\"url\":\"https:\/\/www.arboplus.ca\/blog\/wp-content\/uploads\/2019\/05\/arboplus-annonce-acquisition-novafor-arboriculture.jpg\",\"contentUrl\":\"https:\/\/www.arboplus.ca\/blog\/wp-content\/uploads\/2019\/05\/arboplus-annonce-acquisition-novafor-arboriculture.jpg\",\"width\":1920,\"height\":1080,\"caption\":\"Arboplus annonce son acquisition de Novafor arboriculture\"},{\"@type\":\"BreadcrumbList\",\"@id\":\"https:\/\/www.arboplus.ca\/blog\/nouvelles-arboricoles\/arboplus-annonce-son-acquisition-de-novafor-arboriculture.html#breadcrumb\",\"itemListElement\":[{\"@type\":\"ListItem\",\"position\":1,\"name\":\"Accueil\",\"item\":\"https:\/\/www.arboplus.ca\/blog\/\"},{\"@type\":\"ListItem\",\"position\":2,\"name\":\"Arboplus annonce son acquisition de Novafor arboriculture\"}]},{\"@type\":\"WebSite\",\"@id\":\"https:\/\/www.arboplus.ca\/blog\/#website\",\"url\":\"https:\/\/www.arboplus.ca\/blog\/\",\"name\":\"Arboplus\",\"description\":\"Magazine arboricole\",\"potentialAction\":[{\"@type\":\"SearchAction\",\"target\":{\"@type\":\"EntryPoint\",\"urlTemplate\":\"https:\/\/www.arboplus.ca\/blog\/?s={search_term_string}\"},\"query-input\":{\"@type\":\"PropertyValueSpecification\",\"valueRequired\":true,\"valueName\":\"search_term_string\"}}],\"inLanguage\":\"fr-CA\"},{\"@type\":\"Person\",\"@id\":\"https:\/\/www.arboplus.ca\/blog\/#\/schema\/person\/ad07d6638370b9da76b4ba25de797858\",\"name\":\"Nicolas Kolodenchuck\",\"image\":{\"@type\":\"ImageObject\",\"inLanguage\":\"fr-CA\",\"@id\":\"https:\/\/www.arboplus.ca\/blog\/#\/schema\/person\/image\/\",\"url\":\"https:\/\/secure.gravatar.com\/avatar\/a9a6b9f1e900ea851e5c3a6029168e36?s=96&d=mm&r=g\",\"contentUrl\":\"https:\/\/secure.gravatar.com\/avatar\/a9a6b9f1e900ea851e5c3a6029168e36?s=96&d=mm&r=g\",\"caption\":\"Nicolas Kolodenchuck\"},\"url\":\"https:\/\/www.arboplus.ca\/blog\/author\/nicolas-kolodenchuck\"}]}<\/script>\n<!-- \/ Yoast SEO plugin. -->","yoast_head_json":{"title":"Arboplus annonce son acquisition de Novafor arboriculture - Arboplus","robots":{"index":"index","follow":"follow","max-snippet":"max-snippet:-1","max-image-preview":"max-image-preview:large","max-video-preview":"max-video-preview:-1"},"canonical":"https:\/\/www.arboplus.ca\/blog\/nouvelles-arboricoles\/arboplus-annonce-son-acquisition-de-novafor-arboriculture.html","og_locale":"fr_CA","og_type":"article","og_title":"Arboplus annonce son acquisition de Novafor arboriculture - Arboplus","og_description":"Arboplus, l\u2019entreprise no1 en arboriculture r\u00e9sidentielle au Qu\u00e9bec, annon\u00e7ait ce matin, \u00e0 10 h 30, au 735, boulevard Industriel \u00e0 Blainville, qu\u2019elle proc\u00e9dait \u00e0 une troisi\u00e8me acquisition, soit celle de Novafor arboriculture. Par ailleurs, Arboplus proc\u00e9dait au lancement du premier outil p\u00e9dagogique qui vise \u00e0 sensibiliser les enfants \u00e0 l\u2019univers arboricole.","og_url":"https:\/\/www.arboplus.ca\/blog\/nouvelles-arboricoles\/arboplus-annonce-son-acquisition-de-novafor-arboriculture.html","og_site_name":"Arboplus","article_published_time":"2019-05-15T16:00:19+00:00","article_modified_time":"2019-06-04T20:12:11+00:00","og_image":[{"width":1920,"height":1080,"url":"https:\/\/www.arboplus.ca\/blog\/wp-content\/uploads\/2019\/05\/arboplus-annonce-acquisition-novafor-arboriculture.jpg","type":"image\/jpeg"}],"author":"Nicolas Kolodenchuck","twitter_misc":{"\u00c9crit par":"Nicolas Kolodenchuck","Estimation du temps de lecture":"2 minutes"},"schema":{"@context":"https:\/\/schema.org","@graph":[{"@type":"WebPage","@id":"https:\/\/www.arboplus.ca\/blog\/nouvelles-arboricoles\/arboplus-annonce-son-acquisition-de-novafor-arboriculture.html","url":"https:\/\/www.arboplus.ca\/blog\/nouvelles-arboricoles\/arboplus-annonce-son-acquisition-de-novafor-arboriculture.html","name":"Arboplus annonce son acquisition de Novafor arboriculture - Arboplus","isPartOf":{"@id":"https:\/\/www.arboplus.ca\/blog\/#website"},"primaryImageOfPage":{"@id":"https:\/\/www.arboplus.ca\/blog\/nouvelles-arboricoles\/arboplus-annonce-son-acquisition-de-novafor-arboriculture.html#primaryimage"},"image":{"@id":"https:\/\/www.arboplus.ca\/blog\/nouvelles-arboricoles\/arboplus-annonce-son-acquisition-de-novafor-arboriculture.html#primaryimage"},"thumbnailUrl":"https:\/\/www.arboplus.ca\/blog\/wp-content\/uploads\/2019\/05\/arboplus-annonce-acquisition-novafor-arboriculture.jpg","datePublished":"2019-05-15T16:00:19+00:00","dateModified":"2019-06-04T20:12:11+00:00","author":{"@id":"https:\/\/www.arboplus.ca\/blog\/#\/schema\/person\/ad07d6638370b9da76b4ba25de797858"},"breadcrumb":{"@id":"https:\/\/www.arboplus.ca\/blog\/nouvelles-arboricoles\/arboplus-annonce-son-acquisition-de-novafor-arboriculture.html#breadcrumb"},"inLanguage":"fr-CA","potentialAction":[{"@type":"ReadAction","target":["https:\/\/www.arboplus.ca\/blog\/nouvelles-arboricoles\/arboplus-annonce-son-acquisition-de-novafor-arboriculture.html"]}]},{"@type":"ImageObject","inLanguage":"fr-CA","@id":"https:\/\/www.arboplus.ca\/blog\/nouvelles-arboricoles\/arboplus-annonce-son-acquisition-de-novafor-arboriculture.html#primaryimage","url":"https:\/\/www.arboplus.ca\/blog\/wp-content\/uploads\/2019\/05\/arboplus-annonce-acquisition-novafor-arboriculture.jpg","contentUrl":"https:\/\/www.arboplus.ca\/blog\/wp-content\/uploads\/2019\/05\/arboplus-annonce-acquisition-novafor-arboriculture.jpg","width":1920,"height":1080,"caption":"Arboplus annonce son acquisition de Novafor arboriculture"},{"@type":"BreadcrumbList","@id":"https:\/\/www.arboplus.ca\/blog\/nouvelles-arboricoles\/arboplus-annonce-son-acquisition-de-novafor-arboriculture.html#breadcrumb","itemListElement":[{"@type":"ListItem","position":1,"name":"Accueil","item":"https:\/\/www.arboplus.ca\/blog\/"},{"@type":"ListItem","position":2,"name":"Arboplus annonce son acquisition de Novafor arboriculture"}]},{"@type":"WebSite","@id":"https:\/\/www.arboplus.ca\/blog\/#website","url":"https:\/\/www.arboplus.ca\/blog\/","name":"Arboplus","description":"Magazine arboricole","potentialAction":[{"@type":"SearchAction","target":{"@type":"EntryPoint","urlTemplate":"https:\/\/www.arboplus.ca\/blog\/?s={search_term_string}"},"query-input":{"@type":"PropertyValueSpecification","valueRequired":true,"valueName":"search_term_string"}}],"inLanguage":"fr-CA"},{"@type":"Person","@id":"https:\/\/www.arboplus.ca\/blog\/#\/schema\/person\/ad07d6638370b9da76b4ba25de797858","name":"Nicolas Kolodenchuck","image":{"@type":"ImageObject","inLanguage":"fr-CA","@id":"https:\/\/www.arboplus.ca\/blog\/#\/schema\/person\/image\/","url":"https:\/\/secure.gravatar.com\/avatar\/a9a6b9f1e900ea851e5c3a6029168e36?s=96&d=mm&r=g","contentUrl":"https:\/\/secure.gravatar.com\/avatar\/a9a6b9f1e900ea851e5c3a6029168e36?s=96&d=mm&r=g","caption":"Nicolas Kolodenchuck"},"url":"https:\/\/www.arboplus.ca\/blog\/author\/nicolas-kolodenchuck"}]}},"_links":{"self":[{"href":"https:\/\/www.arboplus.ca\/blog\/wp-json\/wp\/v2\/posts\/5058","targetHints":{"allow":["GET"]}}],"collection":[{"href":"https:\/\/www.arboplus.ca\/blog\/wp-json\/wp\/v2\/posts"}],"about":[{"href":"https:\/\/www.arboplus.ca\/blog\/wp-json\/wp\/v2\/types\/post"}],"author":[{"embeddable":true,"href":"https:\/\/www.arboplus.ca\/blog\/wp-json\/wp\/v2\/users\/1"}],"replies":[{"embeddable":true,"href":"https:\/\/www.arboplus.ca\/blog\/wp-json\/wp\/v2\/comments?post=5058"}],"version-history":[{"count":13,"href":"https:\/\/www.arboplus.ca\/blog\/wp-json\/wp\/v2\/posts\/5058\/revisions"}],"predecessor-version":[{"id":5077,"href":"https:\/\/www.arboplus.ca\/blog\/wp-json\/wp\/v2\/posts\/5058\/revisions\/5077"}],"wp:featuredmedia":[{"embeddable":true,"href":"https:\/\/www.arboplus.ca\/blog\/wp-json\/wp\/v2\/media\/5059"}],"wp:attachment":[{"href":"https:\/\/www.arboplus.ca\/blog\/wp-json\/wp\/v2\/media?parent=5058"}],"wp:term":[{"taxonomy":"category","embeddable":true,"href":"https:\/\/www.arboplus.ca\/blog\/wp-json\/wp\/v2\/categories?post=5058"},{"taxonomy":"post_tag","embeddable":true,"href":"https:\/\/www.arboplus.ca\/blog\/wp-json\/wp\/v2\/tags?post=5058"}],"curies":[{"name":"wp","href":"https:\/\/api.w.org\/{rel}","templated":true}]}}