{"id":4946,"date":"2021-09-09T08:00:39","date_gmt":"2021-09-09T12:00:39","guid":{"rendered":"http:\/\/www.arboplus.ca\/blog\/?p=4946"},"modified":"2021-09-10T13:43:31","modified_gmt":"2021-09-10T17:43:31","slug":"quel-arbre-planter-pres-de-la-maison","status":"publish","type":"post","link":"https:\/\/www.arboplus.ca\/blog\/arboriculture\/quel-arbre-planter-pres-de-la-maison.html","title":{"rendered":"Quel arbre planter pr\u00e8s de la maison ?"},"content":{"rendered":"<h2>Introduction<\/h2>\n<p>G\u00e9n\u00e9ralement, lorsqu&rsquo;on fait l&rsquo;<a href=\"http:\/\/www.arboplus.ca\/fr\/amenagement-paysager-espace-vert-laval-paysagiste-laval.html\">am\u00e9nagement paysager<\/a> de notre maison, les v\u00e9g\u00e9taux qui seront le plus pr\u00e8s de la maison seront des arbustes. Cela est bien normal puisque ce qui est recherch\u00e9 est l&rsquo;ornement. Il se trouve aussi que les racines des petits arbustes ne menacent pas beaucoup les fondations. Les arbres \u00e0 moyen ou grand d\u00e9ploiement seront r\u00e9serv\u00e9s pour une plantation \u00e0 plusieurs m\u00e8tres de la maison. Pourtant, certains arbres, sans pouvoir se qualifier d&rsquo;arbustes, pourraient s&rsquo;agencer pr\u00e8s de la maison, en apportant un trait esth\u00e9tique diff\u00e9rent, tout en \u00e9tant s\u00e9curitaires pour la fondation. Apr\u00e8s avoir explor\u00e9 les raisons pour <a href=\"https:\/\/www.arboplus.ca\/blog\/arboriculture\/comment-planter-un-arbre.html\">planter un arbre<\/a> pr\u00e8s de la maison, nous allons donner quelques suggestions d&rsquo;arbres qui sauront embellir la fa\u00e7ade, tout en respectant l&rsquo;int\u00e9grit\u00e9 de la fondation.<\/p>\n<h2>Pourquoi planter pr\u00e8s de la maison?<\/h2>\n<p>Les fa\u00e7ades de maisons sont le plus souvent orn\u00e9es de fleurs et d&rsquo;arbustes. Cela donne un aspect soign\u00e9 et chaleureux. L&rsquo;arbre proprement dit, celui qui atteint des hauteurs de 15 \u00e0 20 m\u00e8tres, est r\u00e9serv\u00e9 pour le milieu du terrain. En effet, avec une telle grandeur, les branches finiraient par ab\u00eemer la toiture, sans compter que le tronc de l&rsquo;arbre pourrait s&rsquo;\u00e9largir au point de toucher la maison. Qui plus est, bien que les racines ne provoquent pas de <a href=\"https:\/\/www.arboplus.ca\/blog\/developpement-durable\/problemes-lies-aux-racines-dun-arbre.html\">dommages aux fondations<\/a> dans des conditions normales, si une distance minimale de trois m\u00e8tres n&rsquo;est pas respect\u00e9e, il est possible pour un tel arbre de catalyser certains dommages.<\/p>\n<p>Il semble manquer ici d&rsquo;un juste milieu : soit un arbre gigantesque au milieu du terrain, soit des fleurs et des minuscules arbustes coll\u00e9s contre la maison. Il serait possible, avec une bonne s\u00e9lection, d&rsquo;avoir une gradation avec un spectre plus complet, il s&rsquo;agit d&rsquo;arbres petits \u00e0 grands, entre un et six m\u00e8tres de hauteur, et avec une largeur restreinte. Mais le crit\u00e8re sera celui de l&rsquo;int\u00e9grit\u00e9 de la maison, c&rsquo;est le premier crit\u00e8re que nous avons consid\u00e9r\u00e9 pour les suggestions qui suivent.<\/p>\n<p>Ainsi, une maison pourrait se trouver avec fleurs et arbustes conventionnels, mais on pourrait aussi ajouter un arbre de moyenne taille \u00e0 environ un m\u00e8tre de la maison, et donner une touche esth\u00e9tique impossible \u00e0 obtenir autrement. Ces arbres pourront donner de l&rsquo;intimit\u00e9 et emp\u00eacher que tout le voisinage puisse nous voir dans la cuisine par exemple. On peut aussi souhaiter avoir de l&rsquo;ombre, ce qui ne se donne pas de mani\u00e8re \u00e9quilibr\u00e9e avec un arbuste de type <a href=\"https:\/\/www.arboplus.ca\/blog\/arboriculture\/le-cedre-du-canada-thuya-occidentalis.html\">thuya<\/a> (l&rsquo;\u00e9cran est trop dense). Plusieurs arbres donnent des fleurs magnifiques, ce qui en fait un hybride entre la fleur et l&rsquo;arbuste.<\/p>\n<h2>Arbres \u00e0 faible coefficient de dangerosit\u00e9<\/h2>\n<p>Selon une \u00e9tude (Cutler et Richardson, 1989), certains arbres sont plus susceptibles que d&rsquo;autres \u00e0 provoquer des dommages aux immeubles avec leurs <a href=\"https:\/\/www.arboplus.ca\/blog\/developpement-durable\/les-racines.html\">racines<\/a>. En nous fiant \u00e0 cette \u00e9tude, nous avons s\u00e9lectionn\u00e9 les arbres ayant d\u00e9montr\u00e9 le plus faible taux de dommages report\u00e9s.<\/p>\n<h2>Le sorbier<\/h2>\n<p>Cet arbre est identifi\u00e9 comme posant le plus faible risque aux immeubles li\u00e9s aux racines. Cela tombe juste \u00e0 point, car le sorbier offre des vari\u00e9t\u00e9s qui le placent justement \u00e0 mi-chemin entre l&rsquo;arbuste et l&rsquo;arbre. De fait, il existe des vari\u00e9t\u00e9s arbustives, comme le Sorbaria d&rsquo;Aitchison. Cette vari\u00e9t\u00e9 ne poussera pas plus haut que deux m\u00e8tres et produisent de belles grappes de fleurs blanches.<\/p>\n<div id=\"attachment_5310\" style=\"width: 650px\" class=\"wp-caption alignnone\"><img fetchpriority=\"high\" decoding=\"async\" aria-describedby=\"caption-attachment-5310\" class=\"size-full wp-image-5310\" src=\"http:\/\/www.arboplus.ca\/blog\/wp-content\/uploads\/2018\/07\/sorbier-sorbaria-aitchison-en-floraison.jpg\" alt=\"Sorbier Sorbaria d'Aitchison en floraison\" width=\"640\" height=\"481\" \/><p id=\"caption-attachment-5310\" class=\"wp-caption-text\">Sorbier Sorbaria d&rsquo;Aitchison en floraison<\/p><\/div>\n<p>Notre propos \u00e9tant de sugg\u00e9rer des arbres dignes de ce nom, nous voulons mentionner ici le sorbier White Swan.<\/p>\n<div id=\"attachment_5332\" style=\"width: 650px\" class=\"wp-caption alignnone\"><img decoding=\"async\" aria-describedby=\"caption-attachment-5332\" class=\"size-full wp-image-5332\" src=\"http:\/\/www.arboplus.ca\/blog\/wp-content\/uploads\/2021\/09\/fleurs-blanches-sorbier-white-swan.jpg\" alt=\"Fleurs blanches du Sorbier White Swan\" width=\"640\" height=\"427\" \/><p id=\"caption-attachment-5332\" class=\"wp-caption-text\">Fleurs blanches du Sorbier White Swan<\/p><\/div>\n<p>Celui-ci atteindra une hauteur de quatre m\u00e8tres et une largeur de trois m\u00e8tres. Il donne des fleurs blanches en mai, mais les petites grappes de baies blanches continuent de lui donner son aspect color\u00e9. S&rsquo;agissant d&rsquo;un <a href=\"https:\/\/www.arboplus.ca\/blog\/essences-arbres\/arbres-indigenes.html\">arbre rustique du Qu\u00e9bec<\/a>, il s&rsquo;accommode \u00e0 nos climats et saura contribuer \u00e0 la faune urbaine. Les oiseaux appr\u00e9cient ses fruits.<\/p>\n<h2>Le bouleau<\/h2>\n<p>Pour ce qui est de cet arbre rustique du Qu\u00e9bec, il ne semble pas y avoir de juste milieu en ce qui concerne la grandeur. Il existe le bouleau nain bor\u00e9al, mais sa taille peut aller de 0,4 \u00e0 4 m\u00e8tres de haut, alors que c&rsquo;est la plus haute mesure que nous visons pour ne pas rester dans le registre des arbustes.<\/p>\n<div id=\"attachment_5313\" style=\"width: 650px\" class=\"wp-caption alignnone\"><img decoding=\"async\" aria-describedby=\"caption-attachment-5313\" class=\"size-full wp-image-5313\" src=\"http:\/\/www.arboplus.ca\/blog\/wp-content\/uploads\/2021\/09\/bouleau-nain-boreal-pour-plate-bande.jpg\" alt=\"Bouleau nain bor\u00e9al - id\u00e9al pour les plates-bandes\" width=\"640\" height=\"413\" \/><p id=\"caption-attachment-5313\" class=\"wp-caption-text\">Bouleau nain bor\u00e9al &#8211; id\u00e9al pour les plates-bandes<\/p><\/div>\n<p>Le bouleau est aussi reconnu comme un arbre posant des risques minimes aux immeubles. Nous pouvons recommander le bouleau pleureur de Young qui pousse jusqu&rsquo;\u00e0 atteindre six m\u00e8tres. Autrement, les bouleaux peuvent se planter assez pr\u00e8s de la maison, peu importe leur taille; le probl\u00e8me, c&rsquo;est qu&rsquo;ils ont tendance \u00e0 plier sous le poids de la neige et de la glace, pouvant ainsi atteindre la toiture ou un mur de la maison, tout d\u00e9pendant de leur proximit\u00e9.<\/p>\n<div id=\"attachment_5314\" style=\"width: 650px\" class=\"wp-caption alignnone\"><img loading=\"lazy\" decoding=\"async\" aria-describedby=\"caption-attachment-5314\" class=\"size-full wp-image-5314\" src=\"http:\/\/www.arboplus.ca\/blog\/wp-content\/uploads\/2021\/09\/bouleau-pleureur-de-young-arbuste-ornemental.jpg\" alt=\"Bouleau pleureur de Young - arbuste ornemental\" width=\"640\" height=\"597\" \/><p id=\"caption-attachment-5314\" class=\"wp-caption-text\">Bouleau pleureur de Young &#8211; arbuste ornemental<\/p><\/div>\n<h2>Le prunier<\/h2>\n<p>Nous le mentionnons ici seulement pour dire que ses racines sont amicales en milieu urbain. Il s&rsquo;agit d&rsquo;un arbre appr\u00e9ciable sous bien des aspects : fruits comestibles, fleurs magnifiques, etc. Le vrai probl\u00e8me est la maladie qui les d\u00e9cime tous : le <a href=\"https:\/\/www.arboplus.ca\/blog\/arboriculture\/detecter-un-probleme-dans-mon-arbre.html\">nodule noir<\/a>. Pour cette raison, nous ne pouvons recommander son usage, \u00e0 moins d&rsquo;\u00eatre loin d&rsquo;une population contamin\u00e9e.<\/p>\n<h2>L&rsquo;\u00e9rable<\/h2>\n<p>Cela peut surprendre, mais l&rsquo;<a href=\"https:\/\/www.arboplus.ca\/blog\/arboriculture\/erable-a-giguere.html\">\u00e9rable<\/a> figure parmi les arbres \u00e0 faible risque. Il s&rsquo;agit d&rsquo;un arbre dont la majorit\u00e9 des esp\u00e8ces peuvent devenir gigantesques, comme l&rsquo;<a href=\"https:\/\/www.arboplus.ca\/blog\/essences-arbres\/erable-argente-acer-saccharinum.html\">\u00e9rable argent\u00e9<\/a>, dont nous ne recommanderions jamais une plantation trop pr\u00e8s de la maison. Pourtant, il existe des esp\u00e8ces bien adapt\u00e9es pour l&rsquo;ornement d&rsquo;une fa\u00e7ade de maison.<\/p>\n<p>Un arbre bien \u00e0 la mode est l&rsquo;\u00e9rable de l&rsquo;Amur (parfois prononc\u00e9 : de l&rsquo;Amour). Celui-ci, et les autres que nous voulons sugg\u00e9rer, ne sont pas indig\u00e8nes du continent am\u00e9ricain, mais proviennent plut\u00f4t de l&rsquo;Asie. Il atteint une hauteur de six m\u00e8tres. Tr\u00e8s r\u00e9silient, il supporte les conditions urbaines et r\u00e9agit bien \u00e0 la taille. Sa coloration automnale est d&rsquo;un rouge vif comme l&rsquo;<a href=\"https:\/\/www.arboplus.ca\/blog\/essences-arbres\/erable-rouge-acer-rubrum.html\">\u00e9rable rouge<\/a> et l&rsquo;\u00e9rable \u00e0 sucre. Un arbre similaire, avec une hauteur de sept m\u00e8tres, est l&rsquo;\u00e9rable de Siebold.<\/p>\n<div id=\"attachment_5331\" style=\"width: 650px\" class=\"wp-caption alignnone\"><img loading=\"lazy\" decoding=\"async\" aria-describedby=\"caption-attachment-5331\" class=\"size-full wp-image-5331\" src=\"http:\/\/www.arboplus.ca\/blog\/wp-content\/uploads\/2021\/09\/erable-de-lamur-acer-ginnala.jpg\" alt=\"\u00c9rable de l'Amur - Acer Ginnala\" width=\"640\" height=\"480\" \/><p id=\"caption-attachment-5331\" class=\"wp-caption-text\">\u00c9rable de l&rsquo;Amur &#8211; Acer Ginnala<\/p><\/div>\n<p>L&rsquo;\u00e9rable du Japon m\u00e9riterait peut-\u00eatre d&rsquo;\u00eatre class\u00e9 comme un arbuste, mais nous choisissons de l&rsquo;inclure tout de m\u00eame. D&rsquo;une hauteur et d&rsquo;une largeur de trois m\u00e8tres, il arrivera parfaitement au niveau des fen\u00eatres du salon ou de la cuisine. Ses feuilles d\u00e9licates sont rouges toute l&rsquo;ann\u00e9e. On peut aussi opter pour un \u00e9rable de Cor\u00e9e pour les m\u00eames caract\u00e9ristiques, mais avec un feuillage vert.<\/p>\n<div id=\"attachment_5321\" style=\"width: 650px\" class=\"wp-caption alignnone\"><img loading=\"lazy\" decoding=\"async\" aria-describedby=\"caption-attachment-5321\" class=\"size-full wp-image-5321\" src=\"http:\/\/www.arboplus.ca\/blog\/wp-content\/uploads\/2021\/09\/erable-du-japon-acer-palmatum.jpg\" alt=\"L'\u00e9rable du Japon reste rouge toute l'ann\u00e9e\" width=\"640\" height=\"426\" \/><p id=\"caption-attachment-5321\" class=\"wp-caption-text\">L&rsquo;\u00e9rable du Japon reste rouge toute l&rsquo;ann\u00e9e<\/p><\/div>\n<h2>Pommiers, pommetiers et poiriers<\/h2>\n<p>Les <a href=\"https:\/\/www.arboplus.ca\/blog\/developpement-durable\/brulure-bacterienne-pommier.html\">pommiers<\/a> et poiriers font de bons arbres pour le jardin de fa\u00e7ade. Leur d\u00e9savantage est que l&rsquo;<a href=\"https:\/\/www.arboplus.ca\/blog\/arboriculture\/quand-elaguer-un-arbre.html\">\u00e9lagage<\/a> doit \u00eatre strict si l&rsquo;on ne veut pas avoir de chutes de fruits sur la toiture et dans les goutti\u00e8res. Hormis ce petit d\u00e9sagr\u00e9ment, ces <a href=\"https:\/\/www.arboplus.ca\/blog\/arboriculture\/la-taille-des-arbres-fruitiers.html\">arbres fruitiers<\/a> donnent une floraison printani\u00e8re exceptionnelle. Faisant partie de l&rsquo;am\u00e9nagement paysager comestible, il offre cet avantage de produire de la nourriture en m\u00eame temps qu&rsquo;il embellit son lieu. Le pommetier donne des pommettes au go\u00fbt suret, mais il est possible de les utiliser en compotes ou en confitures.<\/p>\n<p>Par exemple, le pommetier Th\u00e9, d&rsquo;une hauteur \u00e0 maturit\u00e9 de cinq m\u00e8tres, donne une floraison blanche \u00e9poustouflante au printemps. Il serait trop long de vouloir mentionner toutes les esp\u00e8ces pertinentes ici, il en existe beaucoup. L&rsquo;important est de choisir l&rsquo;arbre en fonction de la fleur et du fruit, mais sans oublier de d\u00e9terminer la hauteur maximale.<\/p>\n<div id=\"attachment_5322\" style=\"width: 650px\" class=\"wp-caption alignnone\"><img loading=\"lazy\" decoding=\"async\" aria-describedby=\"caption-attachment-5322\" class=\"size-full wp-image-5322\" src=\"http:\/\/www.arboplus.ca\/blog\/wp-content\/uploads\/2021\/09\/pommier-en-floraison-dans-les-laurentides.jpg\" alt=\"Beau pommier en floraison dans les Laurentides\" width=\"640\" height=\"500\" \/><p id=\"caption-attachment-5322\" class=\"wp-caption-text\">Beau pommier en floraison dans les Laurentides<\/p><\/div>\n<h2>L&rsquo;aub\u00e9pine<\/h2>\n<p>Il s&rsquo;agit d&rsquo;un arbre indig\u00e8ne du Qu\u00e9bec. Toutes les esp\u00e8ces d&rsquo;aub\u00e9pine trouveront leur place dans votre plate-bande. L&rsquo;aub\u00e9pine canadienne serait un choix id\u00e9al pour s&rsquo;agencer entre fleurs et arbustes.<\/p>\n<div id=\"attachment_5323\" style=\"width: 650px\" class=\"wp-caption alignnone\"><img loading=\"lazy\" decoding=\"async\" aria-describedby=\"caption-attachment-5323\" class=\"size-full wp-image-5323\" src=\"http:\/\/www.arboplus.ca\/blog\/wp-content\/uploads\/2021\/09\/aubepine-du-canada-arbre-a-fleurs.jpg\" alt=\"Aub\u00e9pine du canada - Arbre \u00e0 fleurs blanches\" width=\"640\" height=\"640\" \/><p id=\"caption-attachment-5323\" class=\"wp-caption-text\">Aub\u00e9pine du canada &#8211; Arbre \u00e0 fleurs blanches<\/p><\/div>\n<p>Sa hauteur peut atteindre entre quatre et sept m\u00e8tres. Sa largeur devra \u00eatre contr\u00f4l\u00e9e par de l&rsquo;\u00e9lagage puisqu&rsquo;il pousse surtout en ce sens : jusqu&rsquo;\u00e0 neuf m\u00e8tres de largeur. L&rsquo;aub\u00e9pine canadienne donne de belles fleurs blanches et des petits fruits rouges qui attireront les oiseaux. L&rsquo;\u00e9pine ergot de coq poss\u00e8de des caract\u00e9ristiques similaires, pour un port plus ajust\u00e9 : six m\u00e8tres de largeur et de hauteur. Pour des fleurs rouges, on optera pour l&rsquo;aub\u00e9pine Crimson Cloud.<\/p>\n<div id=\"attachment_5324\" style=\"width: 650px\" class=\"wp-caption alignnone\"><img loading=\"lazy\" decoding=\"async\" aria-describedby=\"caption-attachment-5324\" class=\"size-full wp-image-5324\" src=\"http:\/\/www.arboplus.ca\/blog\/wp-content\/uploads\/2021\/09\/aubepine-crimson-cloud-arbre-fleurs-rouges.jpg\" alt=\"Aub\u00e9pine Crimson Cloud - Arbre \u00e0 fleurs rouges\" width=\"640\" height=\"881\" \/><p id=\"caption-attachment-5324\" class=\"wp-caption-text\">Aub\u00e9pine Crimson Cloud &#8211; Arbre \u00e0 fleurs rouges<\/p><\/div>\n<h2>Bibliographie :<\/h2>\n<p>Cutler, David Frederick, et I. B. K. Richardson, Tree Roots and Buildings, Longman Scientific &amp; Technical, 1989.<\/p>\n<p>Dr\u00e9nou, Christophe, Les racines: face cach\u00e9e des arbres, For\u00eat priv\u00e9e fran\u00e7aise, 2006.<\/p>\n<p>(forester.), Michael D. Williams, Guide D&rsquo;identification des Arbres du Qu\u00e9bec et de L&rsquo;est de L&rsquo;Am\u00e9rique du Nord, Broquet, Incorporated, 2008.<\/p>\n<p>Pellerin, Gervais, et Hydro-Qu\u00e9bec, R\u00e9pertoire des Arbres et Arbustes Ornementaux: 1760 Esp\u00e8ces et Vari\u00e9t\u00e9s de V\u00e9g\u00e9taux du Qu\u00e9bec, Gouvernement du Quebec, publications vendues, 2010.<\/p>\n","protected":false},"excerpt":{"rendered":"<p>Selon une \u00e9tude (Cutler et Richardson, 1989), certains arbres sont plus susceptibles que d&rsquo;autres \u00e0 provoquer des dommages aux immeubles avec leurs racines. En nous fiant \u00e0 cette \u00e9tude, nous avons s\u00e9lectionn\u00e9 les arbres ayant d\u00e9montr\u00e9 le plus faible taux de dommages report\u00e9s.<\/p>\n","protected":false},"author":2,"featured_media":5327,"comment_status":"open","ping_status":"open","sticky":false,"template":"","format":"standard","meta":{"footnotes":""},"categories":[10,6,12],"tags":[81,272,2296,2328,2294,2329,2305,164,2299,2291,451,2297,1707,1454,2331,2336,2332,2302,2306,2287,2308,456,2314,2325,1867,58,2309,2334,376,586,69,2319,2311,2288,2316,2317,582,2330,52,2320,2318,229,895,2295,1974,2335,2327,2323,231,2310,2304,2298,2312,2321,701,2289,2333,68,642,2326,2324,639,804,2286,132,2290,2292,2307,2301,335,2303,2293,705,2315,2300,214,680],"class_list":["post-4946","post","type-post","status-publish","format-standard","has-post-thumbnail","hentry","category-arboriculture","category-developpement-durable","category-essences-arbres","tag-amenagement-paysager","tag-amenagement-paysager-comestible","tag-arbre-de-moyenne-taille","tag-arbre-en-fonction-de-la-fleur-et-du-fruit","tag-arbre-gigantesque","tag-arbre-indigene-du-quebec","tag-arbre-rustique-du-quebec","tag-arbres","tag-arbres-a-faible-coefficient-de-dangerosite","tag-arbres-a-moyen-ou-grand-deploiement","tag-arbres-fruitiers","tag-arbuste-de-type-thuya","tag-arbustes","tag-aubepine","tag-aubepine-canadienne","tag-aubepine-crimson-cloud","tag-belles-fleurs-blanches","tag-belles-grappes-de-fleurs-blanches","tag-bouleau-nain-boreal","tag-bouleau-pleureur","tag-bouleau-pleureur-de-young","tag-branches","tag-coloration-automnale","tag-compotes","tag-confitures","tag-elagage","tag-en-milieu-urbain","tag-epine-ergot-de-coq","tag-erable","tag-erable-a-sucre","tag-erable-argente","tag-erable-de-coree","tag-erable-de-lamour","tag-erable-de-lamur-du-japon-et-de-coree-pommetiers","tag-erable-de-siebold","tag-erable-du-japon","tag-erable-rouge","tag-especes-daubepine","tag-faune-urbaine","tag-feuillage-vert","tag-feuilles-delicates","tag-fleurs","tag-fleurs-blanches","tag-fleurs-et-arbustes-conventionnels","tag-fleurs-magnifiques","tag-fleurs-rouges","tag-floraison-blanche","tag-floraison-printaniere","tag-fruits","tag-fruits-comestibles","tag-grappes-de-baies-blanches","tag-hybride-entre-la-fleur-et-larbuste","tag-indigenes-du-continent-americain","tag-jardin-de-facade","tag-nodule-noir","tag-ornement","tag-petits-fruits-rouges","tag-plantation","tag-poiriers","tag-pommetier-the","tag-pommettes-au-gout-suret","tag-pommiers","tag-prunier","tag-quel-arbre-planter-pres-de-la-maison","tag-racines","tag-racines-des-petits-arbustes","tag-raisons-pour-planter-un-arbre-pres-de-la-maison","tag-registre-des-arbustes","tag-sorbaria-daitchison","tag-sorbier","tag-sorbier-white-swan","tag-suggestions-darbres","tag-tronc-de-larbre","tag-un-rouge-vif","tag-varietes-arbustives","tag-vegetaux","tag-verglas"],"yoast_head":"<!-- This site is optimized with the Yoast SEO plugin v24.7 - https:\/\/yoast.com\/wordpress\/plugins\/seo\/ -->\n<title>Quel arbre planter pr\u00e8s de la maison ? - Arboplus<\/title>\n<meta name=\"description\" content=\"Selon une \u00e9tude, certains arbres sont plus susceptibles que d&#039;autres \u00e0 provoquer des dommages aux immeubles avec leurs racines. Nous avons s\u00e9lectionn\u00e9 les arbres ayant d\u00e9montr\u00e9 le plus faible taux de dommages report\u00e9s.\" \/>\n<meta name=\"robots\" content=\"index, follow, max-snippet:-1, max-image-preview:large, max-video-preview:-1\" \/>\n<link rel=\"canonical\" href=\"https:\/\/www.arboplus.ca\/blog\/arboriculture\/quel-arbre-planter-pres-de-la-maison.html\" \/>\n<meta property=\"og:locale\" content=\"fr_CA\" \/>\n<meta property=\"og:type\" content=\"article\" \/>\n<meta property=\"og:title\" content=\"Quel arbre planter pr\u00e8s de la maison ? - Arboplus\" \/>\n<meta property=\"og:description\" content=\"Selon une \u00e9tude, certains arbres sont plus susceptibles que d&#039;autres \u00e0 provoquer des dommages aux immeubles avec leurs racines. Nous avons s\u00e9lectionn\u00e9 les arbres ayant d\u00e9montr\u00e9 le plus faible taux de dommages report\u00e9s.\" \/>\n<meta property=\"og:url\" content=\"https:\/\/www.arboplus.ca\/blog\/arboriculture\/quel-arbre-planter-pres-de-la-maison.html\" \/>\n<meta property=\"og:site_name\" content=\"Arboplus\" \/>\n<meta property=\"article:published_time\" content=\"2021-09-09T12:00:39+00:00\" \/>\n<meta property=\"article:modified_time\" content=\"2021-09-10T17:43:31+00:00\" \/>\n<meta property=\"og:image\" content=\"https:\/\/www.arboplus.ca\/blog\/wp-content\/uploads\/2021\/09\/erable-en-facade-plate-bande-de-maison-montreal.jpg\" \/>\n\t<meta property=\"og:image:width\" content=\"1920\" \/>\n\t<meta property=\"og:image:height\" content=\"1080\" \/>\n\t<meta property=\"og:image:type\" content=\"image\/jpeg\" \/>\n<meta name=\"author\" content=\"Dominic Perugino\" \/>\n<meta name=\"twitter:label1\" content=\"\u00c9crit par\" \/>\n\t<meta name=\"twitter:data1\" content=\"Dominic Perugino\" \/>\n\t<meta name=\"twitter:label2\" content=\"Estimation du temps de lecture\" \/>\n\t<meta name=\"twitter:data2\" content=\"9 minutes\" \/>\n<script type=\"application\/ld+json\" class=\"yoast-schema-graph\">{\"@context\":\"https:\/\/schema.org\",\"@graph\":[{\"@type\":\"WebPage\",\"@id\":\"https:\/\/www.arboplus.ca\/blog\/arboriculture\/quel-arbre-planter-pres-de-la-maison.html\",\"url\":\"https:\/\/www.arboplus.ca\/blog\/arboriculture\/quel-arbre-planter-pres-de-la-maison.html\",\"name\":\"Quel arbre planter pr\u00e8s de la maison ? - Arboplus\",\"isPartOf\":{\"@id\":\"https:\/\/www.arboplus.ca\/blog\/#website\"},\"primaryImageOfPage\":{\"@id\":\"https:\/\/www.arboplus.ca\/blog\/arboriculture\/quel-arbre-planter-pres-de-la-maison.html#primaryimage\"},\"image\":{\"@id\":\"https:\/\/www.arboplus.ca\/blog\/arboriculture\/quel-arbre-planter-pres-de-la-maison.html#primaryimage\"},\"thumbnailUrl\":\"https:\/\/www.arboplus.ca\/blog\/wp-content\/uploads\/2021\/09\/erable-en-facade-plate-bande-de-maison-montreal.jpg\",\"datePublished\":\"2021-09-09T12:00:39+00:00\",\"dateModified\":\"2021-09-10T17:43:31+00:00\",\"author\":{\"@id\":\"https:\/\/www.arboplus.ca\/blog\/#\/schema\/person\/c4e4c82ad12349aafba47d44193f5540\"},\"description\":\"Selon une \u00e9tude, certains arbres sont plus susceptibles que d'autres \u00e0 provoquer des dommages aux immeubles avec leurs racines. Nous avons s\u00e9lectionn\u00e9 les arbres ayant d\u00e9montr\u00e9 le plus faible taux de dommages report\u00e9s.\",\"breadcrumb\":{\"@id\":\"https:\/\/www.arboplus.ca\/blog\/arboriculture\/quel-arbre-planter-pres-de-la-maison.html#breadcrumb\"},\"inLanguage\":\"fr-CA\",\"potentialAction\":[{\"@type\":\"ReadAction\",\"target\":[\"https:\/\/www.arboplus.ca\/blog\/arboriculture\/quel-arbre-planter-pres-de-la-maison.html\"]}]},{\"@type\":\"ImageObject\",\"inLanguage\":\"fr-CA\",\"@id\":\"https:\/\/www.arboplus.ca\/blog\/arboriculture\/quel-arbre-planter-pres-de-la-maison.html#primaryimage\",\"url\":\"https:\/\/www.arboplus.ca\/blog\/wp-content\/uploads\/2021\/09\/erable-en-facade-plate-bande-de-maison-montreal.jpg\",\"contentUrl\":\"https:\/\/www.arboplus.ca\/blog\/wp-content\/uploads\/2021\/09\/erable-en-facade-plate-bande-de-maison-montreal.jpg\",\"width\":1920,\"height\":1080,\"caption\":\"\u00c9rable en fa\u00e7ade d'une maison \u00e0 Montr\u00e9al\"},{\"@type\":\"BreadcrumbList\",\"@id\":\"https:\/\/www.arboplus.ca\/blog\/arboriculture\/quel-arbre-planter-pres-de-la-maison.html#breadcrumb\",\"itemListElement\":[{\"@type\":\"ListItem\",\"position\":1,\"name\":\"Accueil\",\"item\":\"https:\/\/www.arboplus.ca\/blog\/\"},{\"@type\":\"ListItem\",\"position\":2,\"name\":\"Quel arbre planter pr\u00e8s de la maison ?\"}]},{\"@type\":\"WebSite\",\"@id\":\"https:\/\/www.arboplus.ca\/blog\/#website\",\"url\":\"https:\/\/www.arboplus.ca\/blog\/\",\"name\":\"Arboplus\",\"description\":\"Magazine arboricole\",\"potentialAction\":[{\"@type\":\"SearchAction\",\"target\":{\"@type\":\"EntryPoint\",\"urlTemplate\":\"https:\/\/www.arboplus.ca\/blog\/?s={search_term_string}\"},\"query-input\":{\"@type\":\"PropertyValueSpecification\",\"valueRequired\":true,\"valueName\":\"search_term_string\"}}],\"inLanguage\":\"fr-CA\"},{\"@type\":\"Person\",\"@id\":\"https:\/\/www.arboplus.ca\/blog\/#\/schema\/person\/c4e4c82ad12349aafba47d44193f5540\",\"name\":\"Dominic Perugino\",\"image\":{\"@type\":\"ImageObject\",\"inLanguage\":\"fr-CA\",\"@id\":\"https:\/\/www.arboplus.ca\/blog\/#\/schema\/person\/image\/\",\"url\":\"https:\/\/secure.gravatar.com\/avatar\/0027ec1e3f6852cb4655750d4303f090?s=96&d=mm&r=g\",\"contentUrl\":\"https:\/\/secure.gravatar.com\/avatar\/0027ec1e3f6852cb4655750d4303f090?s=96&d=mm&r=g\",\"caption\":\"Dominic Perugino\"},\"url\":\"https:\/\/www.arboplus.ca\/blog\/author\/dominic-perugino\"}]}<\/script>\n<!-- \/ Yoast SEO plugin. -->","yoast_head_json":{"title":"Quel arbre planter pr\u00e8s de la maison ? - Arboplus","description":"Selon une \u00e9tude, certains arbres sont plus susceptibles que d'autres \u00e0 provoquer des dommages aux immeubles avec leurs racines. Nous avons s\u00e9lectionn\u00e9 les arbres ayant d\u00e9montr\u00e9 le plus faible taux de dommages report\u00e9s.","robots":{"index":"index","follow":"follow","max-snippet":"max-snippet:-1","max-image-preview":"max-image-preview:large","max-video-preview":"max-video-preview:-1"},"canonical":"https:\/\/www.arboplus.ca\/blog\/arboriculture\/quel-arbre-planter-pres-de-la-maison.html","og_locale":"fr_CA","og_type":"article","og_title":"Quel arbre planter pr\u00e8s de la maison ? - Arboplus","og_description":"Selon une \u00e9tude, certains arbres sont plus susceptibles que d'autres \u00e0 provoquer des dommages aux immeubles avec leurs racines. Nous avons s\u00e9lectionn\u00e9 les arbres ayant d\u00e9montr\u00e9 le plus faible taux de dommages report\u00e9s.","og_url":"https:\/\/www.arboplus.ca\/blog\/arboriculture\/quel-arbre-planter-pres-de-la-maison.html","og_site_name":"Arboplus","article_published_time":"2021-09-09T12:00:39+00:00","article_modified_time":"2021-09-10T17:43:31+00:00","og_image":[{"width":1920,"height":1080,"url":"https:\/\/www.arboplus.ca\/blog\/wp-content\/uploads\/2021\/09\/erable-en-facade-plate-bande-de-maison-montreal.jpg","type":"image\/jpeg"}],"author":"Dominic Perugino","twitter_misc":{"\u00c9crit par":"Dominic Perugino","Estimation du temps de lecture":"9 minutes"},"schema":{"@context":"https:\/\/schema.org","@graph":[{"@type":"WebPage","@id":"https:\/\/www.arboplus.ca\/blog\/arboriculture\/quel-arbre-planter-pres-de-la-maison.html","url":"https:\/\/www.arboplus.ca\/blog\/arboriculture\/quel-arbre-planter-pres-de-la-maison.html","name":"Quel arbre planter pr\u00e8s de la maison ? - Arboplus","isPartOf":{"@id":"https:\/\/www.arboplus.ca\/blog\/#website"},"primaryImageOfPage":{"@id":"https:\/\/www.arboplus.ca\/blog\/arboriculture\/quel-arbre-planter-pres-de-la-maison.html#primaryimage"},"image":{"@id":"https:\/\/www.arboplus.ca\/blog\/arboriculture\/quel-arbre-planter-pres-de-la-maison.html#primaryimage"},"thumbnailUrl":"https:\/\/www.arboplus.ca\/blog\/wp-content\/uploads\/2021\/09\/erable-en-facade-plate-bande-de-maison-montreal.jpg","datePublished":"2021-09-09T12:00:39+00:00","dateModified":"2021-09-10T17:43:31+00:00","author":{"@id":"https:\/\/www.arboplus.ca\/blog\/#\/schema\/person\/c4e4c82ad12349aafba47d44193f5540"},"description":"Selon une \u00e9tude, certains arbres sont plus susceptibles que d'autres \u00e0 provoquer des dommages aux immeubles avec leurs racines. Nous avons s\u00e9lectionn\u00e9 les arbres ayant d\u00e9montr\u00e9 le plus faible taux de dommages report\u00e9s.","breadcrumb":{"@id":"https:\/\/www.arboplus.ca\/blog\/arboriculture\/quel-arbre-planter-pres-de-la-maison.html#breadcrumb"},"inLanguage":"fr-CA","potentialAction":[{"@type":"ReadAction","target":["https:\/\/www.arboplus.ca\/blog\/arboriculture\/quel-arbre-planter-pres-de-la-maison.html"]}]},{"@type":"ImageObject","inLanguage":"fr-CA","@id":"https:\/\/www.arboplus.ca\/blog\/arboriculture\/quel-arbre-planter-pres-de-la-maison.html#primaryimage","url":"https:\/\/www.arboplus.ca\/blog\/wp-content\/uploads\/2021\/09\/erable-en-facade-plate-bande-de-maison-montreal.jpg","contentUrl":"https:\/\/www.arboplus.ca\/blog\/wp-content\/uploads\/2021\/09\/erable-en-facade-plate-bande-de-maison-montreal.jpg","width":1920,"height":1080,"caption":"\u00c9rable en fa\u00e7ade d'une maison \u00e0 Montr\u00e9al"},{"@type":"BreadcrumbList","@id":"https:\/\/www.arboplus.ca\/blog\/arboriculture\/quel-arbre-planter-pres-de-la-maison.html#breadcrumb","itemListElement":[{"@type":"ListItem","position":1,"name":"Accueil","item":"https:\/\/www.arboplus.ca\/blog\/"},{"@type":"ListItem","position":2,"name":"Quel arbre planter pr\u00e8s de la maison ?"}]},{"@type":"WebSite","@id":"https:\/\/www.arboplus.ca\/blog\/#website","url":"https:\/\/www.arboplus.ca\/blog\/","name":"Arboplus","description":"Magazine arboricole","potentialAction":[{"@type":"SearchAction","target":{"@type":"EntryPoint","urlTemplate":"https:\/\/www.arboplus.ca\/blog\/?s={search_term_string}"},"query-input":{"@type":"PropertyValueSpecification","valueRequired":true,"valueName":"search_term_string"}}],"inLanguage":"fr-CA"},{"@type":"Person","@id":"https:\/\/www.arboplus.ca\/blog\/#\/schema\/person\/c4e4c82ad12349aafba47d44193f5540","name":"Dominic Perugino","image":{"@type":"ImageObject","inLanguage":"fr-CA","@id":"https:\/\/www.arboplus.ca\/blog\/#\/schema\/person\/image\/","url":"https:\/\/secure.gravatar.com\/avatar\/0027ec1e3f6852cb4655750d4303f090?s=96&d=mm&r=g","contentUrl":"https:\/\/secure.gravatar.com\/avatar\/0027ec1e3f6852cb4655750d4303f090?s=96&d=mm&r=g","caption":"Dominic Perugino"},"url":"https:\/\/www.arboplus.ca\/blog\/author\/dominic-perugino"}]}},"_links":{"self":[{"href":"https:\/\/www.arboplus.ca\/blog\/wp-json\/wp\/v2\/posts\/4946","targetHints":{"allow":["GET"]}}],"collection":[{"href":"https:\/\/www.arboplus.ca\/blog\/wp-json\/wp\/v2\/posts"}],"about":[{"href":"https:\/\/www.arboplus.ca\/blog\/wp-json\/wp\/v2\/types\/post"}],"author":[{"embeddable":true,"href":"https:\/\/www.arboplus.ca\/blog\/wp-json\/wp\/v2\/users\/2"}],"replies":[{"embeddable":true,"href":"https:\/\/www.arboplus.ca\/blog\/wp-json\/wp\/v2\/comments?post=4946"}],"version-history":[{"count":13,"href":"https:\/\/www.arboplus.ca\/blog\/wp-json\/wp\/v2\/posts\/4946\/revisions"}],"predecessor-version":[{"id":5318,"href":"https:\/\/www.arboplus.ca\/blog\/wp-json\/wp\/v2\/posts\/4946\/revisions\/5318"}],"wp:featuredmedia":[{"embeddable":true,"href":"https:\/\/www.arboplus.ca\/blog\/wp-json\/wp\/v2\/media\/5327"}],"wp:attachment":[{"href":"https:\/\/www.arboplus.ca\/blog\/wp-json\/wp\/v2\/media?parent=4946"}],"wp:term":[{"taxonomy":"category","embeddable":true,"href":"https:\/\/www.arboplus.ca\/blog\/wp-json\/wp\/v2\/categories?post=4946"},{"taxonomy":"post_tag","embeddable":true,"href":"https:\/\/www.arboplus.ca\/blog\/wp-json\/wp\/v2\/tags?post=4946"}],"curies":[{"name":"wp","href":"https:\/\/api.w.org\/{rel}","templated":true}]}}