{"id":4918,"date":"2020-04-30T08:00:57","date_gmt":"2020-04-30T12:00:57","guid":{"rendered":"http:\/\/www.arboplus.ca\/blog\/?p=4918"},"modified":"2020-04-29T12:42:36","modified_gmt":"2020-04-29T16:42:36","slug":"mauvaises-pratiques-arboricoles","status":"publish","type":"post","link":"https:\/\/www.arboplus.ca\/blog\/arboriculture\/mauvaises-pratiques-arboricoles.html","title":{"rendered":"Les mauvaises pratiques arboricoles"},"content":{"rendered":"<h2>Introduction<\/h2>\n<p>Malgr\u00e9 leur bonne volont\u00e9, bien des gens ignorent les tors que causent certaines pratiques d&rsquo;<a href=\"http:\/\/novafor.net\/services-arboricoles\/elagage-darbre-au-quebec\/\">\u00e9lagage<\/a> nocives. T\u00f4t ou tard dans sa carri\u00e8re, l&rsquo;<a href=\"http:\/\/www.arboplus.ca\/\">arboriculteur<\/a> aura \u00e0 faire face \u00e0 ces demandes et c&rsquo;est \u00e0 ce moment qu&rsquo;il devra faire le choix de se ranger soit du c\u00f4t\u00e9 obscur ou marcher selon les r\u00e8gles de l&rsquo;art. Dans tous les cas, mieux vaut se prot\u00e9ger et conna\u00eetre les r\u00e9percussions que peuvent avoir certains types de travaux.<\/p>\n<div style=\"text-align: center;\"><a class=\"button green medium\" href=\"http:\/\/www.arboplus.ca\/fr\/estimation-gratuite.html\" target=\"_self\">Planifier un rendez-vous avec un arboriste-expert <i class=\"fa-chevron-circle-right\"><\/i><\/a><\/div>\n<h2>L&rsquo;\u00e9t\u00eatage<\/h2>\n<p>Pour certains, l&rsquo;\u00e9t\u00eatage d&rsquo;un arbre est per\u00e7u comme b\u00e9n\u00e9fique pour celui-ci ou est utilis\u00e9 comme mesure de s\u00e9curit\u00e9. En r\u00e9alit\u00e9, cette pratique endommage, d\u00e9forme, et acc\u00e9l\u00e8re le vieillissement de l&rsquo;arbre. L&rsquo;\u00e9t\u00eatage ou encore l&rsquo;\u00e9cimage provoque la pousse de nouvelles branches compensatoires, et celles-ci, \u00e9tant plus jeunes et denses, donnent l&rsquo;illusion d&rsquo;un rajeunissement alors que l&rsquo;arbre puise dans ses r\u00e9serves d&rsquo;\u00e9nergie pour les faire \u00e9merger. En fait, il n&rsquo;existe pas de m\u00e9thode pour redonner l&rsquo;apparence de jeunesse \u00e0 un arbre.<\/p>\n<p>De plus, bien qu&rsquo;en ayant r\u00e9duit la hauteur de l&rsquo;arbre celui-ci puisse sembler s\u00e9curitaire, les nouvelles pousses suite \u00e0 l&rsquo;\u00e9t\u00eatage se forment dans la partie superficielle de l&rsquo;arbre et ne sont pas int\u00e9gr\u00e9es au bois de c\u0153ur. Elles sont alors beaucoup plus susceptibles de bris. La meilleure fa\u00e7on de s&rsquo;assurer qu&rsquo;un arbre est s\u00e9curitaire malgr\u00e9 sa grosseur est de faire appel \u00e0 un arboriste-expert pour en faire l&rsquo;inspection. Si certaines sections sont moins s\u00e9curitaires, votre expert vous recommandera de les couper ou les haubaner.<\/p>\n<h2>La taille esth\u00e9tique\/boule<\/h2>\n<p>L&rsquo;\u00e9lagage d&rsquo;un arbre devrait servir uniquement dans le but d&rsquo;harmoniser celui-ci avec son environnement et de le rendre s\u00e9curitaire (en \u00e9liminant le bois mort et les branches ou sections faibles). Il ne devrait jamais \u00eatre \u00e9lagu\u00e9 pour lui donner une forme. Chaque essence a ses propres caract\u00e9ristiques qui donnent un aspect unique \u00e0 l&rsquo;arbre. S&rsquo;ent\u00eater \u00e0 donner une forme diff\u00e9rente que celle naturelle aura des cons\u00e9quences semblables \u00e0 l&rsquo;\u00e9t\u00eatage. Bien souvent, le stress engendr\u00e9 par la perte de masse foliaire provoquera la pousse de nouvelles branches, ce qui affaiblira la structure de l&rsquo;arbre et le rendra plus vuln\u00e9rable aux insectes et maladies. Pour avoir des arbres en sant\u00e9, il vaut mieux \u00e9viter de les tailler inutilement.<\/p>\n<h2>Produit pour les blessures<\/h2>\n<p>Bien qu&rsquo;il existe une gamme de produits, appel\u00e9s mastics, pour recouvrir les blessures d&rsquo;un arbre, il est recommand\u00e9 de ne rien appliquer suite \u00e0 une coupe ou une blessure. Des \u00e9tudes d\u00e9montrent que l&rsquo;arbre a tout le n\u00e9cessaire afin de g\u00e9rer ses blessures et emp\u00eacher les pathog\u00e8nes de l&rsquo;atteindre. Il semblerait que les produits n&rsquo;ont aucun effet sur l&rsquo;arbre et peuvent m\u00eame aller jusqu&rsquo;\u00e0 nuire en introduisant des toxines dans l&rsquo;arbre.<\/p>\n<h2>\u00c9lagage excessif<\/h2>\n<p>Les travaux d&rsquo;\u00e9lagages sont un mal n\u00e9cessaire pour s&rsquo;assurer de la s\u00e9curit\u00e9 des lieux et pour d\u00e9gager les structures urbaines, mais il faut respecter les r\u00e8gles de l&rsquo;art. Les coupes de branches inutiles et excessives sont donc \u00e0 \u00e9viter afin de pr\u00e9server la sant\u00e9 de l&rsquo;arbre. Par exemple, il est inutile d&rsquo;\u00e9liminer compl\u00e8tement les branches en surplomb d&rsquo;une structure si celle-ci est bien d\u00e9gag\u00e9e m\u00eame si les travaux ne semblent pas esth\u00e9tiques. Il faut se rappeler que chaque coupe est justifi\u00e9e et que la sant\u00e9 de l&rsquo;arbre prime l&rsquo;esth\u00e9tique.<\/p>\n<h2>\u00c9quilibrer l&rsquo;arbre<\/h2>\n<p>Une autre croyance populaire veut qu&rsquo;un arbre ait besoin d&rsquo;\u00eatre \u00e9quilibr\u00e9 au niveau de sa cime. En fait, il est tout \u00e0 fait normal qu&rsquo;un arbre ne soit pas totalement sym\u00e9trique. Celui-ci cherche \u00e0 satisfaire ses besoins en lumi\u00e8re et il favorisera parfois la croissance de branches dans une certaine direction o\u00f9 le soleil est plus abondant, ce qui donnera l&rsquo;impression que l&rsquo;arbre est d\u00e9s\u00e9quilibr\u00e9. Le syst\u00e8me racinaire, quant \u00e0 lui, est ind\u00e9pendant au reste de l&rsquo;arbre et s&rsquo;\u00e9quilibra de par lui-m\u00eame s&rsquo;il en d\u00e9tecte le besoin. Nul besoin de s&rsquo;inqui\u00e9ter si l&rsquo;on remarque une section d\u00e9balanc\u00e9e au reste de l&rsquo;arbre, il n&rsquo;en sera pas moins solide ou s\u00e9curitaire.<\/p>\n<h2>Conclusion<\/h2>\n<p>En \u00e9tant averti des risques li\u00e9s au c\u00f4t\u00e9 obscur de l&rsquo;arboriculture, il ne reste qu&rsquo;\u00e0 la bonne foi des citoyens de s&rsquo;assurer que les travaux sont faits selon les r\u00e8gles de l&rsquo;art afin d&rsquo;avoir une for\u00eat urbaine en bonne sant\u00e9.<\/p>\n","protected":false},"excerpt":{"rendered":"<p>Malgr\u00e9 leur bonne volont\u00e9, bien des gens ignorent les tors que causent certaines pratiques d&rsquo;\u00e9lagage nocives. T\u00f4t ou tard dans sa carri\u00e8re, l&rsquo;arboriculteur aura \u00e0 faire face \u00e0 ces demandes et c&rsquo;est \u00e0 ce moment qu&rsquo;il devra faire le choix de se ranger soit du c\u00f4t\u00e9 obscur ou marcher selon les r\u00e8gles de l&rsquo;art. Dans tous les cas, mieux vaut se prot\u00e9ger et conna\u00eetre les r\u00e9percussions que peuvent avoir certains types de travaux.<\/p>\n","protected":false},"author":2,"featured_media":5083,"comment_status":"open","ping_status":"open","sticky":false,"template":"","format":"standard","meta":{"footnotes":""},"categories":[10,6],"tags":[74,53,1804,1724,1802,1798,294,1496,1793,674,820,1803,782,1792,295,1786,1801,297,985,1671,926,1797,1785,1788,1789,1790,1794,1795,91,827,1805,1791,1799,1800,1787,1796],"class_list":["post-4918","post","type-post","status-publish","format-standard","has-post-thumbnail","hentry","category-arboriculture","category-developpement-durable","tag-arboriculteur","tag-arboriculture","tag-arbre-est-desequilibre","tag-arbres-en-sante","tag-besoins-en-lumiere","tag-blessures-dun-arbre","tag-bois-mort","tag-boule","tag-branches-ou-sections-faibles","tag-cime","tag-coupes-de-branches","tag-croissance-de-branches","tag-ecimage","tag-elagage-dun-arbre","tag-elagage-excessif","tag-emondage-nocives","tag-equilibrer-larbre","tag-etetage","tag-etetage-dun-arbre","tag-foret-urbaine-en-bonne-sante","tag-hauteur-de-larbre","tag-mastics","tag-mauvaises-pratiques-arboricoles","tag-nouvelles-branches-compensatoires","tag-nouvelles-pousses","tag-partie-superficielle-de-larbre","tag-perte-de-masse-foliaire","tag-pousse-de-nouvelles-branches","tag-sante-de-larbre","tag-structure-de-larbre","tag-systeme-racinaire-de-larbre","tag-taille-esthetique","tag-toxines-dans-larbre","tag-travaux-delagages","tag-vieillissement-de-larbre","tag-vulnerable-aux-insectes-et-maladies"],"yoast_head":"<!-- This site is optimized with the Yoast SEO plugin v24.7 - https:\/\/yoast.com\/wordpress\/plugins\/seo\/ -->\n<title>Les mauvaises pratiques arboricoles - Arboplus<\/title>\n<meta name=\"description\" content=\"Malgr\u00e9 leur bonne volont\u00e9, bien des gens ignorent les tors que causent certaines pratiques d&#039;\u00e9lagage nocives. Mieux vaut se prot\u00e9ger et conna\u00eetre les r\u00e9percussions que peuvent avoir certains types de travaux.\" \/>\n<meta name=\"robots\" content=\"index, follow, max-snippet:-1, max-image-preview:large, max-video-preview:-1\" \/>\n<link rel=\"canonical\" href=\"https:\/\/www.arboplus.ca\/blog\/arboriculture\/mauvaises-pratiques-arboricoles.html\" \/>\n<meta property=\"og:locale\" content=\"fr_CA\" \/>\n<meta property=\"og:type\" content=\"article\" \/>\n<meta property=\"og:title\" content=\"Les mauvaises pratiques arboricoles - Arboplus\" \/>\n<meta property=\"og:description\" content=\"Malgr\u00e9 leur bonne volont\u00e9, bien des gens ignorent les tors que causent certaines pratiques d&#039;\u00e9lagage nocives. Mieux vaut se prot\u00e9ger et conna\u00eetre les r\u00e9percussions que peuvent avoir certains types de travaux.\" \/>\n<meta property=\"og:url\" content=\"https:\/\/www.arboplus.ca\/blog\/arboriculture\/mauvaises-pratiques-arboricoles.html\" \/>\n<meta property=\"og:site_name\" content=\"Arboplus\" \/>\n<meta property=\"article:published_time\" content=\"2020-04-30T12:00:57+00:00\" \/>\n<meta property=\"og:image\" content=\"https:\/\/www.arboplus.ca\/blog\/wp-content\/uploads\/2018\/01\/mauvaises-pratiques-arboricoles-etetage.jpg\" \/>\n\t<meta property=\"og:image:width\" content=\"1920\" \/>\n\t<meta property=\"og:image:height\" content=\"1080\" \/>\n\t<meta property=\"og:image:type\" content=\"image\/jpeg\" \/>\n<meta name=\"author\" content=\"Dominic Perugino\" \/>\n<meta name=\"twitter:label1\" content=\"\u00c9crit par\" \/>\n\t<meta name=\"twitter:data1\" content=\"Dominic Perugino\" \/>\n\t<meta name=\"twitter:label2\" content=\"Estimation du temps de lecture\" \/>\n\t<meta name=\"twitter:data2\" content=\"4 minutes\" \/>\n<script type=\"application\/ld+json\" class=\"yoast-schema-graph\">{\"@context\":\"https:\/\/schema.org\",\"@graph\":[{\"@type\":\"WebPage\",\"@id\":\"https:\/\/www.arboplus.ca\/blog\/arboriculture\/mauvaises-pratiques-arboricoles.html\",\"url\":\"https:\/\/www.arboplus.ca\/blog\/arboriculture\/mauvaises-pratiques-arboricoles.html\",\"name\":\"Les mauvaises pratiques arboricoles - Arboplus\",\"isPartOf\":{\"@id\":\"https:\/\/www.arboplus.ca\/blog\/#website\"},\"primaryImageOfPage\":{\"@id\":\"https:\/\/www.arboplus.ca\/blog\/arboriculture\/mauvaises-pratiques-arboricoles.html#primaryimage\"},\"image\":{\"@id\":\"https:\/\/www.arboplus.ca\/blog\/arboriculture\/mauvaises-pratiques-arboricoles.html#primaryimage\"},\"thumbnailUrl\":\"https:\/\/www.arboplus.ca\/blog\/wp-content\/uploads\/2018\/01\/mauvaises-pratiques-arboricoles-etetage.jpg\",\"datePublished\":\"2020-04-30T12:00:57+00:00\",\"author\":{\"@id\":\"https:\/\/www.arboplus.ca\/blog\/#\/schema\/person\/c4e4c82ad12349aafba47d44193f5540\"},\"description\":\"Malgr\u00e9 leur bonne volont\u00e9, bien des gens ignorent les tors que causent certaines pratiques d'\u00e9lagage nocives. Mieux vaut se prot\u00e9ger et conna\u00eetre les r\u00e9percussions que peuvent avoir certains types de travaux.\",\"breadcrumb\":{\"@id\":\"https:\/\/www.arboplus.ca\/blog\/arboriculture\/mauvaises-pratiques-arboricoles.html#breadcrumb\"},\"inLanguage\":\"fr-CA\",\"potentialAction\":[{\"@type\":\"ReadAction\",\"target\":[\"https:\/\/www.arboplus.ca\/blog\/arboriculture\/mauvaises-pratiques-arboricoles.html\"]}]},{\"@type\":\"ImageObject\",\"inLanguage\":\"fr-CA\",\"@id\":\"https:\/\/www.arboplus.ca\/blog\/arboriculture\/mauvaises-pratiques-arboricoles.html#primaryimage\",\"url\":\"https:\/\/www.arboplus.ca\/blog\/wp-content\/uploads\/2018\/01\/mauvaises-pratiques-arboricoles-etetage.jpg\",\"contentUrl\":\"https:\/\/www.arboplus.ca\/blog\/wp-content\/uploads\/2018\/01\/mauvaises-pratiques-arboricoles-etetage.jpg\",\"width\":1920,\"height\":1080,\"caption\":\"Mauvaises pratiques arboricoles - \u00c9t\u00eatage\"},{\"@type\":\"BreadcrumbList\",\"@id\":\"https:\/\/www.arboplus.ca\/blog\/arboriculture\/mauvaises-pratiques-arboricoles.html#breadcrumb\",\"itemListElement\":[{\"@type\":\"ListItem\",\"position\":1,\"name\":\"Accueil\",\"item\":\"https:\/\/www.arboplus.ca\/blog\/\"},{\"@type\":\"ListItem\",\"position\":2,\"name\":\"Les mauvaises pratiques arboricoles\"}]},{\"@type\":\"WebSite\",\"@id\":\"https:\/\/www.arboplus.ca\/blog\/#website\",\"url\":\"https:\/\/www.arboplus.ca\/blog\/\",\"name\":\"Arboplus\",\"description\":\"Magazine arboricole\",\"potentialAction\":[{\"@type\":\"SearchAction\",\"target\":{\"@type\":\"EntryPoint\",\"urlTemplate\":\"https:\/\/www.arboplus.ca\/blog\/?s={search_term_string}\"},\"query-input\":{\"@type\":\"PropertyValueSpecification\",\"valueRequired\":true,\"valueName\":\"search_term_string\"}}],\"inLanguage\":\"fr-CA\"},{\"@type\":\"Person\",\"@id\":\"https:\/\/www.arboplus.ca\/blog\/#\/schema\/person\/c4e4c82ad12349aafba47d44193f5540\",\"name\":\"Dominic Perugino\",\"image\":{\"@type\":\"ImageObject\",\"inLanguage\":\"fr-CA\",\"@id\":\"https:\/\/www.arboplus.ca\/blog\/#\/schema\/person\/image\/\",\"url\":\"https:\/\/secure.gravatar.com\/avatar\/0027ec1e3f6852cb4655750d4303f090?s=96&d=mm&r=g\",\"contentUrl\":\"https:\/\/secure.gravatar.com\/avatar\/0027ec1e3f6852cb4655750d4303f090?s=96&d=mm&r=g\",\"caption\":\"Dominic Perugino\"},\"url\":\"https:\/\/www.arboplus.ca\/blog\/author\/dominic-perugino\"}]}<\/script>\n<!-- \/ Yoast SEO plugin. -->","yoast_head_json":{"title":"Les mauvaises pratiques arboricoles - Arboplus","description":"Malgr\u00e9 leur bonne volont\u00e9, bien des gens ignorent les tors que causent certaines pratiques d'\u00e9lagage nocives. Mieux vaut se prot\u00e9ger et conna\u00eetre les r\u00e9percussions que peuvent avoir certains types de travaux.","robots":{"index":"index","follow":"follow","max-snippet":"max-snippet:-1","max-image-preview":"max-image-preview:large","max-video-preview":"max-video-preview:-1"},"canonical":"https:\/\/www.arboplus.ca\/blog\/arboriculture\/mauvaises-pratiques-arboricoles.html","og_locale":"fr_CA","og_type":"article","og_title":"Les mauvaises pratiques arboricoles - Arboplus","og_description":"Malgr\u00e9 leur bonne volont\u00e9, bien des gens ignorent les tors que causent certaines pratiques d'\u00e9lagage nocives. Mieux vaut se prot\u00e9ger et conna\u00eetre les r\u00e9percussions que peuvent avoir certains types de travaux.","og_url":"https:\/\/www.arboplus.ca\/blog\/arboriculture\/mauvaises-pratiques-arboricoles.html","og_site_name":"Arboplus","article_published_time":"2020-04-30T12:00:57+00:00","og_image":[{"width":1920,"height":1080,"url":"https:\/\/www.arboplus.ca\/blog\/wp-content\/uploads\/2018\/01\/mauvaises-pratiques-arboricoles-etetage.jpg","type":"image\/jpeg"}],"author":"Dominic Perugino","twitter_misc":{"\u00c9crit par":"Dominic Perugino","Estimation du temps de lecture":"4 minutes"},"schema":{"@context":"https:\/\/schema.org","@graph":[{"@type":"WebPage","@id":"https:\/\/www.arboplus.ca\/blog\/arboriculture\/mauvaises-pratiques-arboricoles.html","url":"https:\/\/www.arboplus.ca\/blog\/arboriculture\/mauvaises-pratiques-arboricoles.html","name":"Les mauvaises pratiques arboricoles - Arboplus","isPartOf":{"@id":"https:\/\/www.arboplus.ca\/blog\/#website"},"primaryImageOfPage":{"@id":"https:\/\/www.arboplus.ca\/blog\/arboriculture\/mauvaises-pratiques-arboricoles.html#primaryimage"},"image":{"@id":"https:\/\/www.arboplus.ca\/blog\/arboriculture\/mauvaises-pratiques-arboricoles.html#primaryimage"},"thumbnailUrl":"https:\/\/www.arboplus.ca\/blog\/wp-content\/uploads\/2018\/01\/mauvaises-pratiques-arboricoles-etetage.jpg","datePublished":"2020-04-30T12:00:57+00:00","author":{"@id":"https:\/\/www.arboplus.ca\/blog\/#\/schema\/person\/c4e4c82ad12349aafba47d44193f5540"},"description":"Malgr\u00e9 leur bonne volont\u00e9, bien des gens ignorent les tors que causent certaines pratiques d'\u00e9lagage nocives. Mieux vaut se prot\u00e9ger et conna\u00eetre les r\u00e9percussions que peuvent avoir certains types de travaux.","breadcrumb":{"@id":"https:\/\/www.arboplus.ca\/blog\/arboriculture\/mauvaises-pratiques-arboricoles.html#breadcrumb"},"inLanguage":"fr-CA","potentialAction":[{"@type":"ReadAction","target":["https:\/\/www.arboplus.ca\/blog\/arboriculture\/mauvaises-pratiques-arboricoles.html"]}]},{"@type":"ImageObject","inLanguage":"fr-CA","@id":"https:\/\/www.arboplus.ca\/blog\/arboriculture\/mauvaises-pratiques-arboricoles.html#primaryimage","url":"https:\/\/www.arboplus.ca\/blog\/wp-content\/uploads\/2018\/01\/mauvaises-pratiques-arboricoles-etetage.jpg","contentUrl":"https:\/\/www.arboplus.ca\/blog\/wp-content\/uploads\/2018\/01\/mauvaises-pratiques-arboricoles-etetage.jpg","width":1920,"height":1080,"caption":"Mauvaises pratiques arboricoles - \u00c9t\u00eatage"},{"@type":"BreadcrumbList","@id":"https:\/\/www.arboplus.ca\/blog\/arboriculture\/mauvaises-pratiques-arboricoles.html#breadcrumb","itemListElement":[{"@type":"ListItem","position":1,"name":"Accueil","item":"https:\/\/www.arboplus.ca\/blog\/"},{"@type":"ListItem","position":2,"name":"Les mauvaises pratiques arboricoles"}]},{"@type":"WebSite","@id":"https:\/\/www.arboplus.ca\/blog\/#website","url":"https:\/\/www.arboplus.ca\/blog\/","name":"Arboplus","description":"Magazine arboricole","potentialAction":[{"@type":"SearchAction","target":{"@type":"EntryPoint","urlTemplate":"https:\/\/www.arboplus.ca\/blog\/?s={search_term_string}"},"query-input":{"@type":"PropertyValueSpecification","valueRequired":true,"valueName":"search_term_string"}}],"inLanguage":"fr-CA"},{"@type":"Person","@id":"https:\/\/www.arboplus.ca\/blog\/#\/schema\/person\/c4e4c82ad12349aafba47d44193f5540","name":"Dominic Perugino","image":{"@type":"ImageObject","inLanguage":"fr-CA","@id":"https:\/\/www.arboplus.ca\/blog\/#\/schema\/person\/image\/","url":"https:\/\/secure.gravatar.com\/avatar\/0027ec1e3f6852cb4655750d4303f090?s=96&d=mm&r=g","contentUrl":"https:\/\/secure.gravatar.com\/avatar\/0027ec1e3f6852cb4655750d4303f090?s=96&d=mm&r=g","caption":"Dominic Perugino"},"url":"https:\/\/www.arboplus.ca\/blog\/author\/dominic-perugino"}]}},"_links":{"self":[{"href":"https:\/\/www.arboplus.ca\/blog\/wp-json\/wp\/v2\/posts\/4918","targetHints":{"allow":["GET"]}}],"collection":[{"href":"https:\/\/www.arboplus.ca\/blog\/wp-json\/wp\/v2\/posts"}],"about":[{"href":"https:\/\/www.arboplus.ca\/blog\/wp-json\/wp\/v2\/types\/post"}],"author":[{"embeddable":true,"href":"https:\/\/www.arboplus.ca\/blog\/wp-json\/wp\/v2\/users\/2"}],"replies":[{"embeddable":true,"href":"https:\/\/www.arboplus.ca\/blog\/wp-json\/wp\/v2\/comments?post=4918"}],"version-history":[{"count":5,"href":"https:\/\/www.arboplus.ca\/blog\/wp-json\/wp\/v2\/posts\/4918\/revisions"}],"predecessor-version":[{"id":5090,"href":"https:\/\/www.arboplus.ca\/blog\/wp-json\/wp\/v2\/posts\/4918\/revisions\/5090"}],"wp:featuredmedia":[{"embeddable":true,"href":"https:\/\/www.arboplus.ca\/blog\/wp-json\/wp\/v2\/media\/5083"}],"wp:attachment":[{"href":"https:\/\/www.arboplus.ca\/blog\/wp-json\/wp\/v2\/media?parent=4918"}],"wp:term":[{"taxonomy":"category","embeddable":true,"href":"https:\/\/www.arboplus.ca\/blog\/wp-json\/wp\/v2\/categories?post=4918"},{"taxonomy":"post_tag","embeddable":true,"href":"https:\/\/www.arboplus.ca\/blog\/wp-json\/wp\/v2\/tags?post=4918"}],"curies":[{"name":"wp","href":"https:\/\/api.w.org\/{rel}","templated":true}]}}