{"id":4916,"date":"2021-08-05T11:00:54","date_gmt":"2021-08-05T15:00:54","guid":{"rendered":"http:\/\/www.arboplus.ca\/blog\/?p=4916"},"modified":"2021-09-11T09:05:11","modified_gmt":"2021-09-11T13:05:11","slug":"les-essences-envahissantes","status":"publish","type":"post","link":"https:\/\/www.arboplus.ca\/blog\/essences-arbres\/les-essences-envahissantes.html","title":{"rendered":"Les essences envahissantes"},"content":{"rendered":"<h2>Introduction<\/h2>\n<p>Depuis l&rsquo;av\u00e8nement de la mondialisation, les \u00e9changes entre les divers pays sont devenus beaucoup plus faciles pour les voyageurs, touristes, chercheurs et hommes d&rsquo;affaires. Depuis quelques ann\u00e9es on a pu constater une des cons\u00e9quences de l&rsquo;importation d&rsquo;esp\u00e8ces d&rsquo;arbres ou de plantes exotiques, dont certaines deviennent rapidement et dangereusement envahissantes. La protection du patrimoine naturel est donc devenue parmi les sujets discut\u00e9s aupr\u00e8s des parcs de conservation et les \u00e9coterritoires o\u00f9 l&rsquo;on peut maintenant observer le contr\u00f4le des esp\u00e8ces envahissantes.<\/p>\n<h2>Qu&rsquo;est-ce qu&rsquo;une esp\u00e8ce envahissante?<\/h2>\n<p>Une esp\u00e8ce est envahissante lorsqu&rsquo;elle pousse et se r\u00e9pand de fa\u00e7on \u00e0 surpasser la v\u00e9g\u00e9tation <a href=\"https:\/\/www.arboplus.ca\/blog\/essences-arbres\/arbres-indigenes.html\">indig\u00e8ne<\/a>. Elles ont tendance \u00e0 \u00eatre difficiles \u00e0 \u00e9liminer et \u00e0 se reproduire tr\u00e8s rapidement. Il n&rsquo;existe malheureusement aucune m\u00e9thode efficace pour les contr\u00f4ler. Le probl\u00e8me avec les essences jug\u00e9es envahissantes est qu&rsquo;elles menacent l&rsquo;\u00e9quilibre de l&rsquo;\u00e9cosyst\u00e8me en compromettant la biodiversit\u00e9. C&rsquo;est-\u00e0-dire qu&rsquo;elles emp\u00eachent les autres esp\u00e8ces indig\u00e8nes de pousser normalement. La plupart d&rsquo;entre elles sont m\u00eame devenues communes \u00e0 nos yeux comme l&rsquo;\u00e9rable de Norv\u00e8ge ou le nerprun.<\/p>\n<div id=\"attachment_5239\" style=\"width: 1610px\" class=\"wp-caption alignnone\"><img fetchpriority=\"high\" decoding=\"async\" aria-describedby=\"caption-attachment-5239\" class=\"size-full wp-image-5239\" src=\"http:\/\/www.arboplus.ca\/blog\/wp-content\/uploads\/2018\/01\/acer-platanoides-erable-de-norvege-montreal.jpg\" alt=\"\" width=\"1600\" height=\"1067\" \/><p id=\"caption-attachment-5239\" class=\"wp-caption-text\">\u00c9rable de Norv\u00e8ge<\/p><\/div>\n<h2>Le Nerprun<\/h2>\n<p>Le nerprun cathartique est une esp\u00e8ce d&rsquo;arbuste originaire d&rsquo;Europe. Celui-ci se reproduit tr\u00e8s rapidement et se r\u00e9pand facilement puisque ses petits <a href=\"https:\/\/www.arboplus.ca\/blog\/essences-arbres\/arbres-aux-produits-surprenants.html\">fruits<\/a> noirs, en plus d&rsquo;\u00eatre toxiques, attirent la faune qui en fait la propagation. En guise d&rsquo;exemple, on peut observer \u00e0 certains endroits du Mont-Royal que le nerprun a surpass\u00e9 la flore indig\u00e8ne et emp\u00eache les autres essences de se r\u00e9g\u00e9n\u00e9rer. La ville a donc d\u00fb proc\u00e9der \u00e0 l&rsquo;\u00e9limination et au contr\u00f4le de l&rsquo;esp\u00e8ce en plus de devoir reboiser les zones envahies.<\/p>\n<h2>L&rsquo;\u00e9rable de Norv\u00e8ge<\/h2>\n<p>L&rsquo;\u00e9rable de Norv\u00e8ge est l&rsquo;exemple d&rsquo;essence envahissante le plus flagrant. En plus d&rsquo;\u00eatre tr\u00e8s r\u00e9pandu, il fait partie des esp\u00e8ces recommand\u00e9es par certaines villes, probablement par ignorance. Or, bien que cet arbre soit connu et appr\u00e9ci\u00e9 par bien des gens, notamment pour son feuillage dense qui procure un ombrage agr\u00e9able et sa taille appropri\u00e9e pour le <a href=\"https:\/\/www.arboplus.ca\/blog\/developpement-durable\/avantages-arbres-milieu-urbain.html\">milieu urbain<\/a>, il reste qu&rsquo;il fait partie des essences envahissantes. Comme le dit son nom, l&rsquo;\u00e9rable de Norv\u00e8ge fut import\u00e9 de Norv\u00e8ge durant les ann\u00e9es 50. Sa croissance est rapide et sa reproduction s&rsquo;\u00e9tend tr\u00e8s loin avec ses samares. Sa r\u00e9sistance \u00e0 la pollution et sa tol\u00e9rance \u00e0 l&rsquo;ombre lui donnent des avantages au d\u00e9triment des autres esp\u00e8ces. Puisqu&rsquo;il pousse rapidement et qu&rsquo;il poss\u00e8de un feuillage tr\u00e8s dense, il d\u00e9passe rapidement les arbres indig\u00e8nes en milieu forestier et l&rsquo;ombrage qu&rsquo;il fait emp\u00eache ceux-ci de cro\u00eetre. On peut encore une fois observer sur le Mont-Royal que la population d&rsquo;\u00e9rable de Norv\u00e8ge est en train de d\u00e9passer celle des \u00e9rables \u00e0 sucre.<\/p>\n<h2>L&rsquo;\u00e9rable \u00e0 Gigu\u00e8re<\/h2>\n<p>L&rsquo;\u00e9rable \u00e0 Gigu\u00e8re est sans aucun doute l&rsquo;esp\u00e8ce la plus d\u00e9sagr\u00e9able. Elle pousse \u00e0 peu pr\u00e8s n&rsquo;importe o\u00f9, entre deux cl\u00f4tures ou derri\u00e8re un cabanon, elle se moule \u00e0 son environnement. Elle s&rsquo;adapte d&rsquo;ailleurs \u00e0 tous les types de <a href=\"https:\/\/www.arboplus.ca\/blog\/developpement-durable\/le-sol-une-vie-en-soi.html\">sols<\/a> et sa r\u00e9sistance \u00e0 la pollution et aux maladies permet \u00e0 cette essence robuste de se reproduire facilement. M\u00eame une fois coup\u00e9, si les <a href=\"https:\/\/www.arboplus.ca\/blog\/developpement-durable\/les-racines.html\">racines<\/a> sont encore pr\u00e9sentes, l&rsquo;\u00e9rable \u00e0 Gigu\u00e8re repoussera. Tout comme les autres arbres envahissants, il pousse au d\u00e9triment des autres. Pour bien des villes, il fait partie des esp\u00e8ces interdites et il est fortement conseill\u00e9 de les \u00e9liminer.<\/p>\n<div id=\"attachment_5238\" style=\"width: 730px\" class=\"wp-caption alignnone\"><img decoding=\"async\" aria-describedby=\"caption-attachment-5238\" class=\"size-full wp-image-5238\" src=\"http:\/\/www.arboplus.ca\/blog\/wp-content\/uploads\/2018\/01\/erable-a-giguere-espece-envahissante-quebec.jpg\" alt=\"\" width=\"720\" height=\"719\" \/><p id=\"caption-attachment-5238\" class=\"wp-caption-text\">\u00c9rable \u00e0 Gigu\u00e8re &#8211; Esp\u00e8ce envahissante au Qu\u00e9bec<\/p><\/div>\n<h2>Conclusion<\/h2>\n<p>Dor\u00e9navant, il faudra \u00eatre plus vigilant quant \u00e0 l&rsquo;importation d&rsquo;arbres ou arbustes exotiques afin de bien \u00e9valuer l&rsquo;impact qu&rsquo;ils pourraient avoir sur la biodiversit\u00e9. La mondialisation n&rsquo;a pas seulement apport\u00e9 des essences envahissantes, mais aussi des maladies comme l&rsquo;<a href=\"https:\/\/www.arboplus.ca\/blog\/arboriculture\/lagrile-du-frene.html\">agrile du fr\u00eane<\/a>. Il est souhaitable qu&rsquo;\u00e0 l&rsquo;avenir la protection de notre biodiversit\u00e9 soit prioritaire.<\/p>\n","protected":false},"excerpt":{"rendered":"<p>Depuis quelques ann\u00e9es on a pu constater une des cons\u00e9quences de l&rsquo;importation d&rsquo;esp\u00e8ces d&rsquo;arbres ou de plantes exotiques, dont certaines deviennent rapidement et dangereusement envahissantes.<\/p>\n","protected":false},"author":2,"featured_media":5281,"comment_status":"open","ping_status":"open","sticky":false,"template":"","format":"standard","meta":{"footnotes":""},"categories":[12],"tags":[62,50,1782,51,212,1760,1759,1763,1778,66,379,1766,1761,1779,1755,1710,1783,1771,1781,1753,284,1772,1769,1784,1754,1777,175,1367,1764,1765,1774,1773,1758,1767,1756,1768,1757,223,1780,1775,1776,1404,1762,1770],"class_list":["post-4916","post","type-post","status-publish","format-standard","has-post-thumbnail","hentry","category-essences-arbres","tag-agrile-du-frene","tag-arbre","tag-arbres-envahissants","tag-arbres-indigenes","tag-biodiversite","tag-controle-des-especes-envahissantes","tag-ecoterritoires","tag-equilibre-de-lecosysteme","tag-erable-a-giguere","tag-erable-de-norvege","tag-erables-a-sucre","tag-espece-darbuste","tag-espece-envahissante","tag-espece-la-plus-desagreable","tag-especes-darbres","tag-especes-indigenes","tag-especes-interdites","tag-especes-recommandees","tag-essence-robuste","tag-essences-envahissantes","tag-faune","tag-feuillage-dense","tag-flore-indigene","tag-importation-darbres-ou-arbustes-exotiques","tag-importation-despeces-darbres","tag-milieu-forestier","tag-milieu-urbain","tag-mont-royal","tag-nerprun","tag-nerprun-cathartique","tag-norvege","tag-ombrage-agreable","tag-parcs-de-conservation","tag-petits-fruits-noirs","tag-plantes-exotiques","tag-propagation","tag-protection-du-patrimoine-naturel","tag-resistance-a-la-pollution","tag-resistance-a-la-pollution-et-aux-maladies","tag-samares","tag-tolerance-a-lombre","tag-types-de-sols","tag-vegetation-indigene","tag-zones-envahies"],"yoast_head":"<!-- This site is optimized with the Yoast SEO plugin v24.7 - https:\/\/yoast.com\/wordpress\/plugins\/seo\/ -->\n<title>Les arbres envahissants - Essences envahissantes - Arboplus<\/title>\n<meta name=\"description\" content=\"Le probl\u00e8me avec les arbres jug\u00e9s envahissants, c&#039;est qu&#039;ils menacent l&#039;\u00e9quilibre de l&#039;\u00e9cosyst\u00e8me en compromettant la biodiversit\u00e9 locale.\" \/>\n<meta name=\"robots\" content=\"index, follow, max-snippet:-1, max-image-preview:large, max-video-preview:-1\" \/>\n<link rel=\"canonical\" href=\"https:\/\/www.arboplus.ca\/blog\/essences-arbres\/les-essences-envahissantes.html\" \/>\n<meta property=\"og:locale\" content=\"fr_CA\" \/>\n<meta property=\"og:type\" content=\"article\" \/>\n<meta property=\"og:title\" content=\"Les arbres envahissants - Essences envahissantes - Arboplus\" \/>\n<meta property=\"og:description\" content=\"Le probl\u00e8me avec les arbres jug\u00e9s envahissants, c&#039;est qu&#039;ils menacent l&#039;\u00e9quilibre de l&#039;\u00e9cosyst\u00e8me en compromettant la biodiversit\u00e9 locale.\" \/>\n<meta property=\"og:url\" content=\"https:\/\/www.arboplus.ca\/blog\/essences-arbres\/les-essences-envahissantes.html\" \/>\n<meta property=\"og:site_name\" content=\"Arboplus\" \/>\n<meta property=\"article:published_time\" content=\"2021-08-05T15:00:54+00:00\" \/>\n<meta property=\"article:modified_time\" content=\"2021-09-11T13:05:11+00:00\" \/>\n<meta property=\"og:image\" content=\"https:\/\/www.arboplus.ca\/blog\/wp-content\/uploads\/2021\/08\/nerprun-arbre-envahissant-au-quebec.jpg\" \/>\n\t<meta property=\"og:image:width\" content=\"1920\" \/>\n\t<meta property=\"og:image:height\" content=\"1080\" \/>\n\t<meta property=\"og:image:type\" content=\"image\/jpeg\" \/>\n<meta name=\"author\" content=\"Dominic Perugino\" \/>\n<meta name=\"twitter:label1\" content=\"\u00c9crit par\" \/>\n\t<meta name=\"twitter:data1\" content=\"Dominic Perugino\" \/>\n\t<meta name=\"twitter:label2\" content=\"Estimation du temps de lecture\" \/>\n\t<meta name=\"twitter:data2\" content=\"4 minutes\" \/>\n<script type=\"application\/ld+json\" class=\"yoast-schema-graph\">{\"@context\":\"https:\/\/schema.org\",\"@graph\":[{\"@type\":\"WebPage\",\"@id\":\"https:\/\/www.arboplus.ca\/blog\/essences-arbres\/les-essences-envahissantes.html\",\"url\":\"https:\/\/www.arboplus.ca\/blog\/essences-arbres\/les-essences-envahissantes.html\",\"name\":\"Les arbres envahissants - Essences envahissantes - Arboplus\",\"isPartOf\":{\"@id\":\"https:\/\/www.arboplus.ca\/blog\/#website\"},\"primaryImageOfPage\":{\"@id\":\"https:\/\/www.arboplus.ca\/blog\/essences-arbres\/les-essences-envahissantes.html#primaryimage\"},\"image\":{\"@id\":\"https:\/\/www.arboplus.ca\/blog\/essences-arbres\/les-essences-envahissantes.html#primaryimage\"},\"thumbnailUrl\":\"https:\/\/www.arboplus.ca\/blog\/wp-content\/uploads\/2021\/08\/nerprun-arbre-envahissant-au-quebec.jpg\",\"datePublished\":\"2021-08-05T15:00:54+00:00\",\"dateModified\":\"2021-09-11T13:05:11+00:00\",\"author\":{\"@id\":\"https:\/\/www.arboplus.ca\/blog\/#\/schema\/person\/c4e4c82ad12349aafba47d44193f5540\"},\"description\":\"Le probl\u00e8me avec les arbres jug\u00e9s envahissants, c'est qu'ils menacent l'\u00e9quilibre de l'\u00e9cosyst\u00e8me en compromettant la biodiversit\u00e9 locale.\",\"breadcrumb\":{\"@id\":\"https:\/\/www.arboplus.ca\/blog\/essences-arbres\/les-essences-envahissantes.html#breadcrumb\"},\"inLanguage\":\"fr-CA\",\"potentialAction\":[{\"@type\":\"ReadAction\",\"target\":[\"https:\/\/www.arboplus.ca\/blog\/essences-arbres\/les-essences-envahissantes.html\"]}]},{\"@type\":\"ImageObject\",\"inLanguage\":\"fr-CA\",\"@id\":\"https:\/\/www.arboplus.ca\/blog\/essences-arbres\/les-essences-envahissantes.html#primaryimage\",\"url\":\"https:\/\/www.arboplus.ca\/blog\/wp-content\/uploads\/2021\/08\/nerprun-arbre-envahissant-au-quebec.jpg\",\"contentUrl\":\"https:\/\/www.arboplus.ca\/blog\/wp-content\/uploads\/2021\/08\/nerprun-arbre-envahissant-au-quebec.jpg\",\"width\":1920,\"height\":1080,\"caption\":\"Nerprun arbre envahissant au Qu\u00e9bec\"},{\"@type\":\"BreadcrumbList\",\"@id\":\"https:\/\/www.arboplus.ca\/blog\/essences-arbres\/les-essences-envahissantes.html#breadcrumb\",\"itemListElement\":[{\"@type\":\"ListItem\",\"position\":1,\"name\":\"Accueil\",\"item\":\"https:\/\/www.arboplus.ca\/blog\/\"},{\"@type\":\"ListItem\",\"position\":2,\"name\":\"Les essences envahissantes\"}]},{\"@type\":\"WebSite\",\"@id\":\"https:\/\/www.arboplus.ca\/blog\/#website\",\"url\":\"https:\/\/www.arboplus.ca\/blog\/\",\"name\":\"Arboplus\",\"description\":\"Magazine arboricole\",\"potentialAction\":[{\"@type\":\"SearchAction\",\"target\":{\"@type\":\"EntryPoint\",\"urlTemplate\":\"https:\/\/www.arboplus.ca\/blog\/?s={search_term_string}\"},\"query-input\":{\"@type\":\"PropertyValueSpecification\",\"valueRequired\":true,\"valueName\":\"search_term_string\"}}],\"inLanguage\":\"fr-CA\"},{\"@type\":\"Person\",\"@id\":\"https:\/\/www.arboplus.ca\/blog\/#\/schema\/person\/c4e4c82ad12349aafba47d44193f5540\",\"name\":\"Dominic Perugino\",\"image\":{\"@type\":\"ImageObject\",\"inLanguage\":\"fr-CA\",\"@id\":\"https:\/\/www.arboplus.ca\/blog\/#\/schema\/person\/image\/\",\"url\":\"https:\/\/secure.gravatar.com\/avatar\/0027ec1e3f6852cb4655750d4303f090?s=96&d=mm&r=g\",\"contentUrl\":\"https:\/\/secure.gravatar.com\/avatar\/0027ec1e3f6852cb4655750d4303f090?s=96&d=mm&r=g\",\"caption\":\"Dominic Perugino\"},\"url\":\"https:\/\/www.arboplus.ca\/blog\/author\/dominic-perugino\"}]}<\/script>\n<!-- \/ Yoast SEO plugin. -->","yoast_head_json":{"title":"Les arbres envahissants - Essences envahissantes - Arboplus","description":"Le probl\u00e8me avec les arbres jug\u00e9s envahissants, c'est qu'ils menacent l'\u00e9quilibre de l'\u00e9cosyst\u00e8me en compromettant la biodiversit\u00e9 locale.","robots":{"index":"index","follow":"follow","max-snippet":"max-snippet:-1","max-image-preview":"max-image-preview:large","max-video-preview":"max-video-preview:-1"},"canonical":"https:\/\/www.arboplus.ca\/blog\/essences-arbres\/les-essences-envahissantes.html","og_locale":"fr_CA","og_type":"article","og_title":"Les arbres envahissants - Essences envahissantes - Arboplus","og_description":"Le probl\u00e8me avec les arbres jug\u00e9s envahissants, c'est qu'ils menacent l'\u00e9quilibre de l'\u00e9cosyst\u00e8me en compromettant la biodiversit\u00e9 locale.","og_url":"https:\/\/www.arboplus.ca\/blog\/essences-arbres\/les-essences-envahissantes.html","og_site_name":"Arboplus","article_published_time":"2021-08-05T15:00:54+00:00","article_modified_time":"2021-09-11T13:05:11+00:00","og_image":[{"width":1920,"height":1080,"url":"https:\/\/www.arboplus.ca\/blog\/wp-content\/uploads\/2021\/08\/nerprun-arbre-envahissant-au-quebec.jpg","type":"image\/jpeg"}],"author":"Dominic Perugino","twitter_misc":{"\u00c9crit par":"Dominic Perugino","Estimation du temps de lecture":"4 minutes"},"schema":{"@context":"https:\/\/schema.org","@graph":[{"@type":"WebPage","@id":"https:\/\/www.arboplus.ca\/blog\/essences-arbres\/les-essences-envahissantes.html","url":"https:\/\/www.arboplus.ca\/blog\/essences-arbres\/les-essences-envahissantes.html","name":"Les arbres envahissants - Essences envahissantes - Arboplus","isPartOf":{"@id":"https:\/\/www.arboplus.ca\/blog\/#website"},"primaryImageOfPage":{"@id":"https:\/\/www.arboplus.ca\/blog\/essences-arbres\/les-essences-envahissantes.html#primaryimage"},"image":{"@id":"https:\/\/www.arboplus.ca\/blog\/essences-arbres\/les-essences-envahissantes.html#primaryimage"},"thumbnailUrl":"https:\/\/www.arboplus.ca\/blog\/wp-content\/uploads\/2021\/08\/nerprun-arbre-envahissant-au-quebec.jpg","datePublished":"2021-08-05T15:00:54+00:00","dateModified":"2021-09-11T13:05:11+00:00","author":{"@id":"https:\/\/www.arboplus.ca\/blog\/#\/schema\/person\/c4e4c82ad12349aafba47d44193f5540"},"description":"Le probl\u00e8me avec les arbres jug\u00e9s envahissants, c'est qu'ils menacent l'\u00e9quilibre de l'\u00e9cosyst\u00e8me en compromettant la biodiversit\u00e9 locale.","breadcrumb":{"@id":"https:\/\/www.arboplus.ca\/blog\/essences-arbres\/les-essences-envahissantes.html#breadcrumb"},"inLanguage":"fr-CA","potentialAction":[{"@type":"ReadAction","target":["https:\/\/www.arboplus.ca\/blog\/essences-arbres\/les-essences-envahissantes.html"]}]},{"@type":"ImageObject","inLanguage":"fr-CA","@id":"https:\/\/www.arboplus.ca\/blog\/essences-arbres\/les-essences-envahissantes.html#primaryimage","url":"https:\/\/www.arboplus.ca\/blog\/wp-content\/uploads\/2021\/08\/nerprun-arbre-envahissant-au-quebec.jpg","contentUrl":"https:\/\/www.arboplus.ca\/blog\/wp-content\/uploads\/2021\/08\/nerprun-arbre-envahissant-au-quebec.jpg","width":1920,"height":1080,"caption":"Nerprun arbre envahissant au Qu\u00e9bec"},{"@type":"BreadcrumbList","@id":"https:\/\/www.arboplus.ca\/blog\/essences-arbres\/les-essences-envahissantes.html#breadcrumb","itemListElement":[{"@type":"ListItem","position":1,"name":"Accueil","item":"https:\/\/www.arboplus.ca\/blog\/"},{"@type":"ListItem","position":2,"name":"Les essences envahissantes"}]},{"@type":"WebSite","@id":"https:\/\/www.arboplus.ca\/blog\/#website","url":"https:\/\/www.arboplus.ca\/blog\/","name":"Arboplus","description":"Magazine arboricole","potentialAction":[{"@type":"SearchAction","target":{"@type":"EntryPoint","urlTemplate":"https:\/\/www.arboplus.ca\/blog\/?s={search_term_string}"},"query-input":{"@type":"PropertyValueSpecification","valueRequired":true,"valueName":"search_term_string"}}],"inLanguage":"fr-CA"},{"@type":"Person","@id":"https:\/\/www.arboplus.ca\/blog\/#\/schema\/person\/c4e4c82ad12349aafba47d44193f5540","name":"Dominic Perugino","image":{"@type":"ImageObject","inLanguage":"fr-CA","@id":"https:\/\/www.arboplus.ca\/blog\/#\/schema\/person\/image\/","url":"https:\/\/secure.gravatar.com\/avatar\/0027ec1e3f6852cb4655750d4303f090?s=96&d=mm&r=g","contentUrl":"https:\/\/secure.gravatar.com\/avatar\/0027ec1e3f6852cb4655750d4303f090?s=96&d=mm&r=g","caption":"Dominic Perugino"},"url":"https:\/\/www.arboplus.ca\/blog\/author\/dominic-perugino"}]}},"_links":{"self":[{"href":"https:\/\/www.arboplus.ca\/blog\/wp-json\/wp\/v2\/posts\/4916","targetHints":{"allow":["GET"]}}],"collection":[{"href":"https:\/\/www.arboplus.ca\/blog\/wp-json\/wp\/v2\/posts"}],"about":[{"href":"https:\/\/www.arboplus.ca\/blog\/wp-json\/wp\/v2\/types\/post"}],"author":[{"embeddable":true,"href":"https:\/\/www.arboplus.ca\/blog\/wp-json\/wp\/v2\/users\/2"}],"replies":[{"embeddable":true,"href":"https:\/\/www.arboplus.ca\/blog\/wp-json\/wp\/v2\/comments?post=4916"}],"version-history":[{"count":6,"href":"https:\/\/www.arboplus.ca\/blog\/wp-json\/wp\/v2\/posts\/4916\/revisions"}],"predecessor-version":[{"id":5374,"href":"https:\/\/www.arboplus.ca\/blog\/wp-json\/wp\/v2\/posts\/4916\/revisions\/5374"}],"wp:featuredmedia":[{"embeddable":true,"href":"https:\/\/www.arboplus.ca\/blog\/wp-json\/wp\/v2\/media\/5281"}],"wp:attachment":[{"href":"https:\/\/www.arboplus.ca\/blog\/wp-json\/wp\/v2\/media?parent=4916"}],"wp:term":[{"taxonomy":"category","embeddable":true,"href":"https:\/\/www.arboplus.ca\/blog\/wp-json\/wp\/v2\/categories?post=4916"},{"taxonomy":"post_tag","embeddable":true,"href":"https:\/\/www.arboplus.ca\/blog\/wp-json\/wp\/v2\/tags?post=4916"}],"curies":[{"name":"wp","href":"https:\/\/api.w.org\/{rel}","templated":true}]}}