{"id":4886,"date":"2018-04-02T08:00:42","date_gmt":"2018-04-02T12:00:42","guid":{"rendered":"http:\/\/www.arboplus.ca\/blog\/?p=4886"},"modified":"2018-04-03T13:58:40","modified_gmt":"2018-04-03T17:58:40","slug":"larbre-de-vie","status":"publish","type":"post","link":"https:\/\/www.arboplus.ca\/blog\/philosophie\/larbre-de-vie.html","title":{"rendered":"L&rsquo;arbre de la vie"},"content":{"rendered":"<p>\u00ab 9 L&rsquo;Eternel Dieu fit pousser du sol des arbres de toute sorte, agr\u00e9ables \u00e0 voir et porteurs de fruits bons \u00e0 manger. Il fit pousser l&rsquo;arbre de la vie au milieu du jardin, ainsi que l&rsquo;arbre de la connaissance du bien et du mal. [\u2026] 16 L&rsquo;Eternel Dieu donna cet ordre \u00e0 l&rsquo;homme: \u201cTu pourras manger les fruits de tous les arbres du jardin, 17 mais tu ne mangeras pas le fruit de l&rsquo;arbre de la connaissance du bien et du mal, car le jour o\u00f9 tu en mangeras, tu mourras, c&rsquo;est certain.\u201d \u00bb Gen\u00e8se 2<\/p>\n<h2>Introduction<\/h2>\n<p>Que peut bien \u00eatre ce curieux arbre de vie? S&rsquo;agit-il d&rsquo;un arbre que nous pourrions encore trouver aujourd&rsquo;hui ou plut\u00f4t d&rsquo;un symbole? Avec l&rsquo;accumulation de commentaires acad\u00e9miques sur les \u00e9critures, la recherche na\u00efve d&rsquo;un arbre comme tel ne se pr\u00e9sente pas vraiment comme une option. Il aurait \u00e9t\u00e9 naturel pour un blogue arboricole de tenter de trouver l&rsquo;arbre en question et d\u00e9crire ses propri\u00e9t\u00e9s. Pourquoi alors parler ici de l&rsquo;arbre de la vie s&rsquo;il ne s&rsquo;agit pas concr\u00e8tement d&rsquo;un arbre ? C&rsquo;est parce que nous voulons aussi pouvoir consacrer notre r\u00e9flexion sur l&rsquo;identit\u00e9 de l&rsquo;\u00eatre humain. Or, notre investigation nous porte ici sur un contenu de la Bible, la m\u00eame source qui nous communique notre identit\u00e9 d&rsquo;intendants de la cr\u00e9ation, identit\u00e9 qui est centrale pour la probl\u00e9matique de la crise \u00e9cologique. Une recherche sur l&rsquo;arbre de vie en tant que symbole nous entra\u00eenera au c\u0153ur m\u00eame du message biblique.<\/p>\n<p>Il ne suffit pas, pour r\u00e9pondre \u00e0 l&rsquo;\u00e9nigme de l&rsquo;arbre de la vie, de l&rsquo;isoler de son contexte. Il faut, au contraire, lire attentivement le texte et interpr\u00e9ter l&rsquo;arbre de vie \u00e0 l&rsquo;int\u00e9rieur du r\u00e9cit dans lequel il se trouve. Ainsi, nous proposons d&rsquo;interpr\u00e9ter le concept \u00e0 partir de son contexte imm\u00e9diat, c&rsquo;est-\u00e0-dire dans le r\u00e9cit de la cr\u00e9ation et en opposition avec l&rsquo;arbre de la connaissance du bien et du mal. Nous allons ensuite offrir un bref expos\u00e9 du r\u00e9cit biblique jusqu&rsquo;\u00e0 son point culminant dans l&rsquo;incarnation, la croix et la r\u00e9surrection. Par suite, nous voulons voir si le d\u00e9nouement du r\u00e9cit biblique nous offre une correspondance entre l&rsquo;arbre de la vie et la personne de J\u00e9sus.<\/p>\n<h2>L&rsquo;arbre de la connaissance du bien et du mal<\/h2>\n<p>Les deux fois que l&rsquo;arbre de vie est nomm\u00e9 dans notre passage, il accompagne directement l&rsquo;arbre de la connaissance du bien et du mal. Il semble plausible que l&rsquo;arbre de vie doive \u00eatre joint \u00e0 celui de la connaissance du bien et du mal comme une dualit\u00e9 naturelle, puisque ce dernier s&rsquo;offre comme un arbre qui donne la mort. Toute la richesse du concept devrait alors \u00eatre saisie dans la comparaison des deux arbres, dont le symbolisme doit alimenter notre sagesse.<\/p>\n<p>Ainsi, l&rsquo;arbre de la vie ne pourrait pas se comprendre hors d&rsquo;une dynamique antagoniste face \u00e0 l&rsquo;arbre de la connaissance du bien et du mal dans les seuls mots. En effet, l&rsquo;arbre de la connaissance du bien et du mal est directement li\u00e9 \u00e0 une cons\u00e9quence contraire \u00e0 l&rsquo;arbre de la vie : \u00ab car le jour o\u00f9 tu en mangeras, tu mourras, c&rsquo;est certain \u00bb. On pourrait donc presque les appeler l&rsquo;arbre de la vie et l&rsquo;arbre de la mort. Or, le myst\u00e8re resterait alors autour de l&rsquo;arbre de vie, car nous ne saisissons pas encore sa particularit\u00e9, alors que l&rsquo;arbre qui donne la mort nous est connu par le fait qu&rsquo;il symbolise la connaissance du bien et du mal. Mais pour comprendre ces symboles, il faut saisir le message plus g\u00e9n\u00e9ral du r\u00e9cit de la cr\u00e9ation.<\/p>\n<p>En lisant attentivement le r\u00e9cit des premiers chapitres de la Gen\u00e8se, nous nous apercevons que le but du texte est de nous communiquer des v\u00e9rit\u00e9s essentielles sur les grandes questions de la vie. \u00c0 une \u00e9poque o\u00f9 les gens croyaient en des divinit\u00e9s qui exploitaient et torturaient gratuitement l&rsquo;\u00eatre humain, le texte de la Gen\u00e8se se pr\u00e9sentait comme une r\u00e9v\u00e9lation qui permet de corriger de telles id\u00e9es erron\u00e9es. Ainsi, le texte nous enseigne que Dieu est bon, qu&rsquo;il est \u00e0 l&rsquo;origine de tout ce qui existe, qu&rsquo;il aime sa cr\u00e9ation, et en particulier l&rsquo;humain. Sur ce dernier, nous apprenons que son existence tient \u00e0 un r\u00f4le et une vocation, celui d&rsquo;\u00eatre l&rsquo;image de Dieu, c&rsquo;est-\u00e0-dire le repr\u00e9sentant et l&rsquo;intendant de Dieu, au sein de la cr\u00e9ation. C&rsquo;est alors qu&rsquo;une autre grande question existentielle se fait r\u00e9pondre : pourquoi le mal existe-t-il? L&rsquo;\u00e9criture nous indique que c&rsquo;est l&rsquo;\u00eatre humain qui en est responsable.<\/p>\n<p>C&rsquo;est dans la r\u00e9ponse \u00e0 cette derni\u00e8re question qu&rsquo;appara\u00eet un peu mieux le r\u00f4le de l&rsquo;arbre de la vie et de l&rsquo;arbre de la connaissance du bien et du mal. Il s&rsquo;agit d&rsquo;un choix, soi de faire confiance au Cr\u00e9ateur, soi de chercher l&rsquo;autonomie en d\u00e9sob\u00e9issant. En effet, l&rsquo;autonomie est directement vis\u00e9e, c&rsquo;est ce qui appara\u00eet dans les paroles du serpent : \u00ab 4 Vous ne mourrez absolument pas, 5 mais Dieu sait que, le jour o\u00f9 vous en mangerez, vos yeux s&rsquo;ouvriront et vous serez comme Dieu : vous conna\u00eetrez le bien et le mal \u00bb (Gn 3). Le mensonge consiste \u00e0 affirmer que l&rsquo;\u00eatre humain peut devenir ma\u00eetre de lui-m\u00eame en connaissant le bien et le mal. On pourrait appeler cet arbre, l&rsquo;arbre de l&rsquo;autod\u00e9termination et de l&rsquo;orgueil, car la connaissance du bien et du mal offre, faussement, la d\u00e9termination de ce qui est bien et de ce qui est mal.<\/p>\n<p>L&rsquo;orgueil est en effet de se croire plus grand que l&rsquo;on ne l&rsquo;est vraiment. Devant un \u00eatre Cr\u00e9ateur infini, il est impossible pour la cr\u00e9ature finie d&rsquo;en devenir l&rsquo;\u00e9gal. Mais sans m\u00eame affirmer que l&rsquo;orgueil serait ici de viser l&rsquo;\u00e9galit\u00e9 avec Dieu, la simple d\u00e9cision de nous autod\u00e9terminer, de devenir autonome, suffit \u00e0 \u00eatre qualifi\u00e9e d&rsquo;orgueilleuse. En quoi l&rsquo;\u00eatre humain est-il responsable d&rsquo;avoir emmen\u00e9 le mal dans la cr\u00e9ation? Premi\u00e8rement, par la d\u00e9sob\u00e9issance elle-m\u00eame, deuxi\u00e8mement, en voulant devenir l&rsquo;\u00e9gal de Dieu en connaissant ou en d\u00e9terminant soi-m\u00eame le bien et le mal. Or, puisque Dieu est l&rsquo;origine m\u00eame de notre \u00eatre, il est logique que l&rsquo;\u00e9loignement de Lui entra\u00eene la mort. La cons\u00e9quence est donc la mort et la perte d&rsquo;acc\u00e8s \u00e0 l&rsquo;arbre de vie : \u00ab L&rsquo;Eternel Dieu dit: \u201cVoil\u00e0 que l&rsquo;homme est devenu comme l&rsquo;un de nous pour la connaissance du bien et du mal. Maintenant, emp\u00eachons-le de tendre la main, de prendre aussi du fruit de l&rsquo;arbre de vie, d&rsquo;en manger et de vivre \u00e9ternellement!\u201d \u00bb (Gn 3, 22).<\/p>\n<h2>L&rsquo;espoir<\/h2>\n<p>\u00c0 ne s&rsquo;en tenir qu&rsquo;\u00e0 ce r\u00e9cit, il semble qu&rsquo;il ne nous reste que le d\u00e9sespoir. Quelle fatalit\u00e9! L&rsquo;\u00eatre humain est-il donc condamn\u00e9 \u00e0 rester ainsi ali\u00e9n\u00e9 de sa source de vie? Heureusement, l&rsquo;histoire ne se termine pas l\u00e0. En effet, le reste du r\u00e9cit de la Bible nous communique que le Cr\u00e9ateur n&rsquo;a pas cess\u00e9 d&rsquo;aimer sa cr\u00e9ature. Maintenant qu&rsquo;elle a fait le libre choix de s&rsquo;aimer elle-m\u00eame d\u00e9mesur\u00e9ment, d&rsquo;aller vers la mort plut\u00f4t que vers la vie, d&rsquo;aller vers le mensonge plut\u00f4t que vers la v\u00e9rit\u00e9, d&rsquo;aller vers la cr\u00e9ature plut\u00f4t que vers le cr\u00e9ateur, Dieu devra \u00eatre lui-m\u00eame la solution aux probl\u00e8mes qui accablent la cr\u00e9ation.<\/p>\n<p>On voit alors une histoire se d\u00e9rouler dans laquelle Dieu fait alliance avec un peuple qui lui d\u00e9sob\u00e9it constamment. Toujours Dieu envoi des messagers pour rappeler l&rsquo;homme \u00e0 Lui, mais toujours l&rsquo;homme choisit la voie facile de l&rsquo;\u00e9go\u00efsme et de la d\u00e9sob\u00e9issance. Le Cr\u00e9ateur rappelle l&rsquo;\u00eatre humain \u00e0 sa vocation d&rsquo;intendant qui doit se traduire dans l&rsquo;amour de Dieu et dans l&rsquo;amour du prochain, mais l&rsquo;\u00eatre humain semble incapable de sortir de ses choix de morts. Quel espoir y a-t-il donc si l&rsquo;\u00eatre humain est incapable de faire demi-tour de sa marche vers la mort? Dieu doit le faire \u00e0 sa place.<\/p>\n<h2>L&rsquo;arbre de la vie et l&rsquo;incarnation<\/h2>\n<p>Dieu entreprend de faire ce qui \u00e9tait impossible \u00e0 l&rsquo;\u00eatre humain. Il devient lui-m\u00eame un homme et prend le r\u00f4le d&rsquo;un serviteur. Il vient enseigner, par ses gestes et ses paroles, ce qu&rsquo;est un monde dans lequel Dieu a un r\u00e8gne absolu. Il vient gu\u00e9rir les malades, pardonner les gens avec de lourds fardeaux de culpabilit\u00e9 et leur montre comment Dieu est pr\u00eat \u00e0 prendre sur lui le r\u00e9tablissement de la cr\u00e9ation.<\/p>\n<p>Le d\u00e9nouement se fait par une r\u00e9p\u00e9tition de l&rsquo;erreur du r\u00e9cit de la cr\u00e9ation. Les chefs religieux, imbus de leur pouvoir, font condamner le Fils de Dieu pour \u00eatre crucifi\u00e9. Encore, l&rsquo;\u00eatre humain \u00e9tait devant un choix : l&rsquo;arbre de vie qui pouvait nous gu\u00e9rir et nous ramener dans la patrie de l&rsquo;immortalit\u00e9, mais qui exige une confiance en Dieu et un changement de comportement, ou l&rsquo;arbre de l&rsquo;orgueil qui consistait pour les chefs religieux \u00e0 se pr\u00e9f\u00e9rer eux-m\u00eames, \u00e0 pr\u00e9server leur pouvoir et \u00e0 se complaire dans leur pr\u00e9tendue connaissance du bien et du mal.<\/p>\n<h2>L&rsquo;arbre de la vie et la r\u00e9demption<\/h2>\n<p>Or cette condamnation \u00e9tait justement la vocation qui incombait \u00e0 J\u00e9sus : prendre sur lui, qui \u00e9tait parfaitement innocent, le fardeau de nos fautes pour que dans sa condamnation la punition de mort qui nous revenait tombe sur lui pour que nous en soyons d\u00e9livr\u00e9s. En acceptant de prendre la mort sur une croix sans l&rsquo;avoir m\u00e9rit\u00e9, J\u00e9sus a choisi de prendre sur lui les cons\u00e9quences de nos crimes et de notre mauvaise gestion de la cr\u00e9ation.<\/p>\n<p>L&rsquo;espoir d&rsquo;un r\u00e9tablissement de la cr\u00e9ation arrive enfin lorsque, trois jours apr\u00e8s sa mort, J\u00e9sus appara\u00eet ressuscit\u00e9 \u00e0 ses disciples. Il manifeste alors qu&rsquo;il n&rsquo;a pas seulement pris le fardeau de nos fautes, mais qu&rsquo;il a vaincu la mort. Il offre \u00e0 tous, par le don de son Esprit \u00e0 quiconque s&rsquo;engage envers lui, de participer au message qu&rsquo;il a donn\u00e9. Ce message est celui de vivre une vie fond\u00e9e sur l&rsquo;amour du prochain et de Dieu, dans le pardon, dans l&rsquo;honn\u00eatet\u00e9, dans la justice et en ne rendant pas le mal pour le mal. Par le don de l&rsquo;Esprit Saint, il donne de pouvoir enfin vivre en intendant fid\u00e8le du Cr\u00e9ateur pour la cr\u00e9ation, en vivant l&rsquo;art de vivre tel qu&rsquo;enseign\u00e9 par J\u00e9sus, en paroles et en actes.<\/p>\n<p>Le symbole de l&rsquo;arbre de vie serait-il ici confirm\u00e9 par la personne de J\u00e9sus ressuscit\u00e9? Il n&rsquo;existe pas de textes dans la Bible qui le dise explicitement. Pourtant, certains symboles s&rsquo;en rapprochent. Pensons en particulier au symbole que J\u00e9sus a donn\u00e9 pour qu&rsquo;on se souvienne de lui : la consommation du pain et du vin qui repr\u00e9sentent le sacrifice qu&rsquo;il fit de lui-m\u00eame. Le parall\u00e8le se fait ici en ce que la consommation de l&rsquo;arbre de vie \u00e9tait cens\u00e9e conf\u00e9rer la vie \u00e9ternelle, alors que l&rsquo;accomplissement de l&rsquo;\u0153uvre de J\u00e9sus est pr\u00e9cis\u00e9ment de nous donner, par la confiance en lui, cette m\u00eame vie \u00e9ternelle. Cette vie \u00e9ternelle que nous avons perdu par notre propre faute nous a \u00e9t\u00e9 redonn\u00e9 gratuitement par J\u00e9sus.<\/p>\n<h2>Conclusion<\/h2>\n<p>Tout semble indiquer que l&rsquo;arbre de la vie, tout comme l&rsquo;arbre de la connaissance du bien et du mal, sont des symboles, des concepts, qui nous aident \u00e0 percevoir des r\u00e9alit\u00e9s qui nous d\u00e9passent. L&rsquo;arbre de la vie ne doit pas se chercher parmi les arbres dans la nature, comme si la Bible avait voulu nous parler d&rsquo;un arbre aux propri\u00e9t\u00e9s th\u00e9rapeutiques. Plusieurs analogies peuvent \u00eatre valides, mais il faut que cela se fasse \u00e0 la lumi\u00e8re du r\u00e9cit biblique (dont nous avons offert un bref expos\u00e9). Voici l&rsquo;interpr\u00e9tation que nous offrons : les deux arbres sont deux chemins, l&rsquo;un qui est un chemin de mort et de mensonge et l&rsquo;autre est le chemin de la vie et de la v\u00e9rit\u00e9. J\u00e9sus a dit lui-m\u00eame : \u00ab C&rsquo;est moi qui suis le chemin, la v\u00e9rit\u00e9 et la vie \u00bb (Jean 14, 6). Ceux et celles, donc, qui veulent avoir acc\u00e8s \u00e0 la vraie source de vie, l&rsquo;arbre dont les fruits donnent la vie \u00e9ternelle, c&rsquo;est J\u00e9sus. Le choix d\u00e9termin\u00e9 que Dieu a fait de r\u00e9soudre le probl\u00e8me du mal dans la cr\u00e9ation passe par le moyen de son incarnation dans la personne de J\u00e9sus. Quiconque se tourne vers lui trouve la vie \u00e9ternelle, le pardon de ses fautes, la r\u00e9conciliation avec Dieu et avec son prochain. Par l&rsquo;\u0153uvre de J\u00e9sus est commenc\u00e9e une nouvelle cr\u00e9ation dont nous sommes appel\u00e9s \u00e0 prendre part comme nouveaux intendants.<\/p>\n","protected":false},"excerpt":{"rendered":"<p>Que peut bien \u00eatre ce curieux arbre de vie? S&rsquo;agit-il d&rsquo;un arbre que nous pourrions encore trouver aujourd&rsquo;hui ou plut\u00f4t d&rsquo;un symbole? Il ne suffit pas, pour r\u00e9pondre \u00e0 l&rsquo;\u00e9nigme de l&rsquo;arbre de la vie, de l&rsquo;isoler de son contexte.<\/p>\n","protected":false},"author":2,"featured_media":4959,"comment_status":"open","ping_status":"open","sticky":false,"template":"","format":"standard","meta":{"footnotes":""},"categories":[8],"tags":[1192,1043,522,50,1196,1136,1169,1102,1120,1101,1195,1188,1140,1141,1132,738,1107,1168,1163,1198,1197,1130,1105,1193,1172,1167,1119,1176,530,1138,70,1149,1139,79,1114,1165,1161,1146,1131,1158,1152,1124,1143,1151,1122,1180,1106,527,1153,1157,1145,1186,731,726,1129,1174,1147,1164,1100,1103,1121,1159,1183,1109,1125,1166,1155,1113,1187,747,1110,205,1200,523,1178,1189,1184,1199,1135,1142,1185,1177,1134,737,1116,1207,1206,1137,1182,1203,1160,1173,1202,1128,1170,1150,1175,1127,1194,1112,1148,1111,1204,1205,1171,1108,1126,1201,1115,1162,1123,1190,1118,1156,746,1104,1117,1179,565,1191,1144,1181,1154,1133],"class_list":["post-4886","post","type-post","status-publish","format-standard","has-post-thumbnail","hentry","category-philosophie","tag-accomplissement-de-loeuvre-de-jesus","tag-amour-de-dieu","tag-amour-du-prochain","tag-arbre","tag-arbre-aux-proprietes-therapeutiques","tag-arbre-de-lautodetermination-et-de-lorgueil","tag-arbre-de-lorgueil","tag-arbre-de-la-connaissance-du-bien-et-du-mal","tag-arbre-de-la-mort","tag-arbre-de-la-vie","tag-arbres-dans-la-nature","tag-art-de-vivre","tag-autodeterminer","tag-autonome","tag-autonomie","tag-bible","tag-blogue-arboricole","tag-changement-de-comportement","tag-chefs-religieux","tag-chemin","tag-chemins","tag-chercher-lautonomie","tag-commentaires-academiques","tag-concepts","tag-condamnation","tag-confiance-en-dieu","tag-consequence","tag-consequences-de-nos-crimes","tag-createur","tag-createur-infini","tag-creation","tag-creature","tag-creature-finie","tag-crise-ecologique","tag-croix","tag-crucifie","tag-culpabilite","tag-desespoir","tag-desobeissant","tag-dieu-a-un-regne-absolu","tag-dieu-envoi-des-messagers","tag-dieu-est-bon","tag-dieu-est-lorigine-meme-de-notre-etre","tag-dieu-fait-alliance-avec-un-peuple","tag-divinites","tag-don-de-son-esprit","tag-ecritures","tag-egalite-avec-dieu","tag-egoisme","tag-enseigner","tag-espoir","tag-esprit-saint","tag-eternel-dieu","tag-etre-humain","tag-faire-confiance-au-createur","tag-fardeau-de-nos-fautes","tag-fatalite","tag-fils-de-dieu","tag-fruits-bons-a-manger","tag-genese","tag-grandes-questions-de-la-vie","tag-guerir-les-malades","tag-honnetete","tag-identite-de-letre-humain","tag-image-de-dieu","tag-immortalite","tag-impossible-a-letre-humain","tag-incarnation","tag-intendant-fidele-du-createur","tag-intendants-de-la-creation","tag-interpreter-larbre-de-vie","tag-jardin","tag-jean-14-6","tag-jesus","tag-jesus-apparait-ressuscite-a-ses-disciples","tag-jesus-ressuscite","tag-justice","tag-la-verite-et-la-vie","tag-maitre-de-lui-meme","tag-mal-dans-la-creation","tag-mal-pour-le-mal","tag-mauvaise-gestion-de-la-creation","tag-mensonge","tag-message-biblique","tag-mort","tag-nouveaux-intendants","tag-nouvelle-creation","tag-orgueil","tag-pardon","tag-pardon-de-ses-fautes","tag-pardonner-les-gens","tag-parfaitement-innocent","tag-personne-de-jesus","tag-pourquoi-le-mal-existe-t-il","tag-pouvoir","tag-problemes-qui-accablent-la-creation","tag-punition-de-mort","tag-question-existentielle","tag-realites-qui-nous-depassent","tag-recit-biblique","tag-recit-de-la-bible","tag-recit-de-la-creation","tag-reconciliation-avec-dieu","tag-reconciliation-avec-son-prochain","tag-redemption","tag-reflexion","tag-representant-et-lintendant-de-dieu","tag-resoudre-le-probleme-du-mal","tag-resurrection","tag-retablissement-de-la-creation","tag-revelation","tag-sacrifice","tag-sagesse","tag-serviteur","tag-source-de-vie","tag-symbole","tag-symbolisme","tag-vaincu-la-mort","tag-verite","tag-vie-eternelle","tag-vivre-eternellement","tag-vivre-une-vie-fondee-sur-lamour-du-prochain-et-de-dieu","tag-vocation-dintendant","tag-vous-serez-comme-dieu"],"yoast_head":"<!-- This site is optimized with the Yoast SEO plugin v24.7 - https:\/\/yoast.com\/wordpress\/plugins\/seo\/ -->\n<title>L&#039;arbre de la vie - Signification et r\u00e9flexion - Arboplus<\/title>\n<meta name=\"description\" content=\"Que peut bien \u00eatre ce curieux arbre de vie? S&#039;agit-il d&#039;un arbre que nous pourrions encore trouver aujourd&#039;hui ou plut\u00f4t d&#039;un symbole? Il ne suffit pas, pour r\u00e9pondre \u00e0 l&#039;\u00e9nigme de l&#039;arbre de la vie, de l&#039;isoler de son contexte.\" \/>\n<meta name=\"robots\" content=\"index, follow, max-snippet:-1, max-image-preview:large, max-video-preview:-1\" \/>\n<link rel=\"canonical\" href=\"https:\/\/www.arboplus.ca\/blog\/philosophie\/larbre-de-vie.html\" \/>\n<meta property=\"og:locale\" content=\"fr_CA\" \/>\n<meta property=\"og:type\" content=\"article\" \/>\n<meta property=\"og:title\" content=\"L&#039;arbre de la vie - Signification et r\u00e9flexion - Arboplus\" \/>\n<meta property=\"og:description\" content=\"Que peut bien \u00eatre ce curieux arbre de vie? S&#039;agit-il d&#039;un arbre que nous pourrions encore trouver aujourd&#039;hui ou plut\u00f4t d&#039;un symbole? Il ne suffit pas, pour r\u00e9pondre \u00e0 l&#039;\u00e9nigme de l&#039;arbre de la vie, de l&#039;isoler de son contexte.\" \/>\n<meta property=\"og:url\" content=\"https:\/\/www.arboplus.ca\/blog\/philosophie\/larbre-de-vie.html\" \/>\n<meta property=\"og:site_name\" content=\"Arboplus\" \/>\n<meta property=\"article:published_time\" content=\"2018-04-02T12:00:42+00:00\" \/>\n<meta property=\"article:modified_time\" content=\"2018-04-03T17:58:40+00:00\" \/>\n<meta property=\"og:image\" content=\"https:\/\/www.arboplus.ca\/blog\/wp-content\/uploads\/2018\/01\/arbre-de-vie.jpg\" \/>\n\t<meta property=\"og:image:width\" content=\"1920\" \/>\n\t<meta property=\"og:image:height\" content=\"1080\" \/>\n\t<meta property=\"og:image:type\" content=\"image\/jpeg\" \/>\n<meta name=\"author\" content=\"Dominic Perugino\" \/>\n<meta name=\"twitter:label1\" content=\"\u00c9crit par\" \/>\n\t<meta name=\"twitter:data1\" content=\"Dominic Perugino\" \/>\n\t<meta name=\"twitter:label2\" content=\"Estimation du temps de lecture\" \/>\n\t<meta name=\"twitter:data2\" content=\"11 minutes\" \/>\n<script type=\"application\/ld+json\" class=\"yoast-schema-graph\">{\"@context\":\"https:\/\/schema.org\",\"@graph\":[{\"@type\":\"WebPage\",\"@id\":\"https:\/\/www.arboplus.ca\/blog\/philosophie\/larbre-de-vie.html\",\"url\":\"https:\/\/www.arboplus.ca\/blog\/philosophie\/larbre-de-vie.html\",\"name\":\"L'arbre de la vie - Signification et r\u00e9flexion - Arboplus\",\"isPartOf\":{\"@id\":\"https:\/\/www.arboplus.ca\/blog\/#website\"},\"primaryImageOfPage\":{\"@id\":\"https:\/\/www.arboplus.ca\/blog\/philosophie\/larbre-de-vie.html#primaryimage\"},\"image\":{\"@id\":\"https:\/\/www.arboplus.ca\/blog\/philosophie\/larbre-de-vie.html#primaryimage\"},\"thumbnailUrl\":\"https:\/\/www.arboplus.ca\/blog\/wp-content\/uploads\/2018\/01\/arbre-de-vie.jpg\",\"datePublished\":\"2018-04-02T12:00:42+00:00\",\"dateModified\":\"2018-04-03T17:58:40+00:00\",\"author\":{\"@id\":\"https:\/\/www.arboplus.ca\/blog\/#\/schema\/person\/c4e4c82ad12349aafba47d44193f5540\"},\"description\":\"Que peut bien \u00eatre ce curieux arbre de vie? S'agit-il d'un arbre que nous pourrions encore trouver aujourd'hui ou plut\u00f4t d'un symbole? Il ne suffit pas, pour r\u00e9pondre \u00e0 l'\u00e9nigme de l'arbre de la vie, de l'isoler de son contexte.\",\"breadcrumb\":{\"@id\":\"https:\/\/www.arboplus.ca\/blog\/philosophie\/larbre-de-vie.html#breadcrumb\"},\"inLanguage\":\"fr-CA\",\"potentialAction\":[{\"@type\":\"ReadAction\",\"target\":[\"https:\/\/www.arboplus.ca\/blog\/philosophie\/larbre-de-vie.html\"]}]},{\"@type\":\"ImageObject\",\"inLanguage\":\"fr-CA\",\"@id\":\"https:\/\/www.arboplus.ca\/blog\/philosophie\/larbre-de-vie.html#primaryimage\",\"url\":\"https:\/\/www.arboplus.ca\/blog\/wp-content\/uploads\/2018\/01\/arbre-de-vie.jpg\",\"contentUrl\":\"https:\/\/www.arboplus.ca\/blog\/wp-content\/uploads\/2018\/01\/arbre-de-vie.jpg\",\"width\":1920,\"height\":1080,\"caption\":\"L'arbre de vie\"},{\"@type\":\"BreadcrumbList\",\"@id\":\"https:\/\/www.arboplus.ca\/blog\/philosophie\/larbre-de-vie.html#breadcrumb\",\"itemListElement\":[{\"@type\":\"ListItem\",\"position\":1,\"name\":\"Accueil\",\"item\":\"https:\/\/www.arboplus.ca\/blog\/\"},{\"@type\":\"ListItem\",\"position\":2,\"name\":\"L&rsquo;arbre de la vie\"}]},{\"@type\":\"WebSite\",\"@id\":\"https:\/\/www.arboplus.ca\/blog\/#website\",\"url\":\"https:\/\/www.arboplus.ca\/blog\/\",\"name\":\"Arboplus\",\"description\":\"Magazine arboricole\",\"potentialAction\":[{\"@type\":\"SearchAction\",\"target\":{\"@type\":\"EntryPoint\",\"urlTemplate\":\"https:\/\/www.arboplus.ca\/blog\/?s={search_term_string}\"},\"query-input\":{\"@type\":\"PropertyValueSpecification\",\"valueRequired\":true,\"valueName\":\"search_term_string\"}}],\"inLanguage\":\"fr-CA\"},{\"@type\":\"Person\",\"@id\":\"https:\/\/www.arboplus.ca\/blog\/#\/schema\/person\/c4e4c82ad12349aafba47d44193f5540\",\"name\":\"Dominic Perugino\",\"image\":{\"@type\":\"ImageObject\",\"inLanguage\":\"fr-CA\",\"@id\":\"https:\/\/www.arboplus.ca\/blog\/#\/schema\/person\/image\/\",\"url\":\"https:\/\/secure.gravatar.com\/avatar\/0027ec1e3f6852cb4655750d4303f090?s=96&d=mm&r=g\",\"contentUrl\":\"https:\/\/secure.gravatar.com\/avatar\/0027ec1e3f6852cb4655750d4303f090?s=96&d=mm&r=g\",\"caption\":\"Dominic Perugino\"},\"url\":\"https:\/\/www.arboplus.ca\/blog\/author\/dominic-perugino\"}]}<\/script>\n<!-- \/ Yoast SEO plugin. -->","yoast_head_json":{"title":"L'arbre de la vie - Signification et r\u00e9flexion - Arboplus","description":"Que peut bien \u00eatre ce curieux arbre de vie? S'agit-il d'un arbre que nous pourrions encore trouver aujourd'hui ou plut\u00f4t d'un symbole? Il ne suffit pas, pour r\u00e9pondre \u00e0 l'\u00e9nigme de l'arbre de la vie, de l'isoler de son contexte.","robots":{"index":"index","follow":"follow","max-snippet":"max-snippet:-1","max-image-preview":"max-image-preview:large","max-video-preview":"max-video-preview:-1"},"canonical":"https:\/\/www.arboplus.ca\/blog\/philosophie\/larbre-de-vie.html","og_locale":"fr_CA","og_type":"article","og_title":"L'arbre de la vie - Signification et r\u00e9flexion - Arboplus","og_description":"Que peut bien \u00eatre ce curieux arbre de vie? S'agit-il d'un arbre que nous pourrions encore trouver aujourd'hui ou plut\u00f4t d'un symbole? Il ne suffit pas, pour r\u00e9pondre \u00e0 l'\u00e9nigme de l'arbre de la vie, de l'isoler de son contexte.","og_url":"https:\/\/www.arboplus.ca\/blog\/philosophie\/larbre-de-vie.html","og_site_name":"Arboplus","article_published_time":"2018-04-02T12:00:42+00:00","article_modified_time":"2018-04-03T17:58:40+00:00","og_image":[{"width":1920,"height":1080,"url":"https:\/\/www.arboplus.ca\/blog\/wp-content\/uploads\/2018\/01\/arbre-de-vie.jpg","type":"image\/jpeg"}],"author":"Dominic Perugino","twitter_misc":{"\u00c9crit par":"Dominic Perugino","Estimation du temps de lecture":"11 minutes"},"schema":{"@context":"https:\/\/schema.org","@graph":[{"@type":"WebPage","@id":"https:\/\/www.arboplus.ca\/blog\/philosophie\/larbre-de-vie.html","url":"https:\/\/www.arboplus.ca\/blog\/philosophie\/larbre-de-vie.html","name":"L'arbre de la vie - Signification et r\u00e9flexion - Arboplus","isPartOf":{"@id":"https:\/\/www.arboplus.ca\/blog\/#website"},"primaryImageOfPage":{"@id":"https:\/\/www.arboplus.ca\/blog\/philosophie\/larbre-de-vie.html#primaryimage"},"image":{"@id":"https:\/\/www.arboplus.ca\/blog\/philosophie\/larbre-de-vie.html#primaryimage"},"thumbnailUrl":"https:\/\/www.arboplus.ca\/blog\/wp-content\/uploads\/2018\/01\/arbre-de-vie.jpg","datePublished":"2018-04-02T12:00:42+00:00","dateModified":"2018-04-03T17:58:40+00:00","author":{"@id":"https:\/\/www.arboplus.ca\/blog\/#\/schema\/person\/c4e4c82ad12349aafba47d44193f5540"},"description":"Que peut bien \u00eatre ce curieux arbre de vie? S'agit-il d'un arbre que nous pourrions encore trouver aujourd'hui ou plut\u00f4t d'un symbole? Il ne suffit pas, pour r\u00e9pondre \u00e0 l'\u00e9nigme de l'arbre de la vie, de l'isoler de son contexte.","breadcrumb":{"@id":"https:\/\/www.arboplus.ca\/blog\/philosophie\/larbre-de-vie.html#breadcrumb"},"inLanguage":"fr-CA","potentialAction":[{"@type":"ReadAction","target":["https:\/\/www.arboplus.ca\/blog\/philosophie\/larbre-de-vie.html"]}]},{"@type":"ImageObject","inLanguage":"fr-CA","@id":"https:\/\/www.arboplus.ca\/blog\/philosophie\/larbre-de-vie.html#primaryimage","url":"https:\/\/www.arboplus.ca\/blog\/wp-content\/uploads\/2018\/01\/arbre-de-vie.jpg","contentUrl":"https:\/\/www.arboplus.ca\/blog\/wp-content\/uploads\/2018\/01\/arbre-de-vie.jpg","width":1920,"height":1080,"caption":"L'arbre de vie"},{"@type":"BreadcrumbList","@id":"https:\/\/www.arboplus.ca\/blog\/philosophie\/larbre-de-vie.html#breadcrumb","itemListElement":[{"@type":"ListItem","position":1,"name":"Accueil","item":"https:\/\/www.arboplus.ca\/blog\/"},{"@type":"ListItem","position":2,"name":"L&rsquo;arbre de la vie"}]},{"@type":"WebSite","@id":"https:\/\/www.arboplus.ca\/blog\/#website","url":"https:\/\/www.arboplus.ca\/blog\/","name":"Arboplus","description":"Magazine arboricole","potentialAction":[{"@type":"SearchAction","target":{"@type":"EntryPoint","urlTemplate":"https:\/\/www.arboplus.ca\/blog\/?s={search_term_string}"},"query-input":{"@type":"PropertyValueSpecification","valueRequired":true,"valueName":"search_term_string"}}],"inLanguage":"fr-CA"},{"@type":"Person","@id":"https:\/\/www.arboplus.ca\/blog\/#\/schema\/person\/c4e4c82ad12349aafba47d44193f5540","name":"Dominic Perugino","image":{"@type":"ImageObject","inLanguage":"fr-CA","@id":"https:\/\/www.arboplus.ca\/blog\/#\/schema\/person\/image\/","url":"https:\/\/secure.gravatar.com\/avatar\/0027ec1e3f6852cb4655750d4303f090?s=96&d=mm&r=g","contentUrl":"https:\/\/secure.gravatar.com\/avatar\/0027ec1e3f6852cb4655750d4303f090?s=96&d=mm&r=g","caption":"Dominic Perugino"},"url":"https:\/\/www.arboplus.ca\/blog\/author\/dominic-perugino"}]}},"_links":{"self":[{"href":"https:\/\/www.arboplus.ca\/blog\/wp-json\/wp\/v2\/posts\/4886","targetHints":{"allow":["GET"]}}],"collection":[{"href":"https:\/\/www.arboplus.ca\/blog\/wp-json\/wp\/v2\/posts"}],"about":[{"href":"https:\/\/www.arboplus.ca\/blog\/wp-json\/wp\/v2\/types\/post"}],"author":[{"embeddable":true,"href":"https:\/\/www.arboplus.ca\/blog\/wp-json\/wp\/v2\/users\/2"}],"replies":[{"embeddable":true,"href":"https:\/\/www.arboplus.ca\/blog\/wp-json\/wp\/v2\/comments?post=4886"}],"version-history":[{"count":3,"href":"https:\/\/www.arboplus.ca\/blog\/wp-json\/wp\/v2\/posts\/4886\/revisions"}],"predecessor-version":[{"id":4960,"href":"https:\/\/www.arboplus.ca\/blog\/wp-json\/wp\/v2\/posts\/4886\/revisions\/4960"}],"wp:featuredmedia":[{"embeddable":true,"href":"https:\/\/www.arboplus.ca\/blog\/wp-json\/wp\/v2\/media\/4959"}],"wp:attachment":[{"href":"https:\/\/www.arboplus.ca\/blog\/wp-json\/wp\/v2\/media?parent=4886"}],"wp:term":[{"taxonomy":"category","embeddable":true,"href":"https:\/\/www.arboplus.ca\/blog\/wp-json\/wp\/v2\/categories?post=4886"},{"taxonomy":"post_tag","embeddable":true,"href":"https:\/\/www.arboplus.ca\/blog\/wp-json\/wp\/v2\/tags?post=4886"}],"curies":[{"name":"wp","href":"https:\/\/api.w.org\/{rel}","templated":true}]}}