{"id":4736,"date":"2017-04-24T08:00:26","date_gmt":"2017-04-24T12:00:26","guid":{"rendered":"http:\/\/www.arboplus.ca\/blog\/?p=4736"},"modified":"2017-04-24T08:24:22","modified_gmt":"2017-04-24T12:24:22","slug":"racines-competition-ou-complementarite","status":"publish","type":"post","link":"https:\/\/www.arboplus.ca\/blog\/developpement-durable\/racines-competition-ou-complementarite.html","title":{"rendered":"Les racines, comp\u00e9tition ou compl\u00e9mentarit\u00e9?"},"content":{"rendered":"<h2>Complexit\u00e9 du monde des racines<\/h2>\n<p>Les racines des arbres et des v\u00e9g\u00e9taux en g\u00e9n\u00e9ral rec\u00e8lent un univers complexe et obscur. Il n&rsquo;est pas rare de vouloir investiguer le r\u00f4le des racines dans certains ph\u00e9nom\u00e8nes, sans r\u00e9ussir \u00e0 obtenir des r\u00e9ponses claires. Cela peut certes \u00eatre d\u00fb \u00e0 l&rsquo;ignorance, mais il est aussi question de l&rsquo;extr\u00eame complexit\u00e9 du monde des racines. Nous voulons dans cet article rendre compte de cette complexit\u00e9 et parvenir \u00e0 une compr\u00e9hension plus globale de ses interactions. Il peut \u00eatre difficile voir parfois impossible de pr\u00e9voir les r\u00e9actions des organismes vivants \u00e0 certaines contraintes. Par exemple, chaque \u00eatre humain r\u00e9agit diff\u00e9remment \u00e0 certaines substances et certaines situations. Il en va de m\u00eame pour les racines. Nous verrons qu&rsquo;il n&rsquo;est pas ais\u00e9 de pr\u00e9voir la r\u00e9action r\u00e9seau racinaire d&rsquo;un arbre, et nous pourrons, en toute bonne conscience, choisir de faire confiance en ce que la nature a \u00e9t\u00e9 bien con\u00e7ue pour g\u00e9rer d&rsquo;elle-m\u00eame la plupart des contraintes impos\u00e9es.<\/p>\n<p>Lorsqu&rsquo;un gazon commence \u00e0 jaunir pr\u00e8s d&rsquo;un arbre majestueux, le soup\u00e7on est souvent g\u00e9n\u00e9r\u00e9 envers les racines de ce dernier. Mon <a href=\"http:\/\/www.arboplus.ca\/blog\/essences-arbres\/erable-argente-acer-saccharinum.html\">\u00e9rable argent\u00e9<\/a> boit-il toute l&rsquo;eau de mon gazon? Cela est possible, mais il se peut \u00e9galement que l&rsquo;arbre partage ses sucres photosynth\u00e9tis\u00e9s avec le gazon et les diff\u00e9rents v\u00e9g\u00e9taux qui l&rsquo;entourent gr\u00e2ce au myc\u00e9lium mycorhizien. En effet, bien que le sol puisse en certains cas \u00eatre un lieu o\u00f9 s&rsquo;affrontent les v\u00e9g\u00e9taux pour obtenir l&rsquo;eau et les nutriments, il faut comprendre qu&rsquo;il peut aussi \u00eatre un domaine de coop\u00e9ration, de connexion et de synergie. Or, il n&rsquo;est pas \u00e9vident, \u00e9tant donn\u00e9 nos capacit\u00e9s d&rsquo;investigations, de pr\u00e9voir quel type d&rsquo;interaction aura lieu.<\/p>\n<p>Parmi les interactions positives possibles, on peut compter sur une exploration compl\u00e9mentaire du sol, une connexion entre les racines, ainsi qu&rsquo;un enrichissement et une pr\u00e9servation des sols. En ce qui concerne les interactions n\u00e9gatives, il peut y avoir lieu de comp\u00e9tions pour l&rsquo;eau, les min\u00e9raux et pour l&rsquo;espace, de m\u00eame que des interactions n\u00e9gatives par le biais de compos\u00e9s biochimiques. Ainsi, la pr\u00e9sence de plusieurs v\u00e9g\u00e9taux dans un endroit peut donner lieu autant \u00e0 de la comp\u00e9tition qu&rsquo;\u00e0 de l&rsquo;entraide. Il se peut m\u00eame que parfois un sol passe d&rsquo;un stade de comp\u00e9tition \u00e0 un stade d&rsquo;entraide par la suite.<\/p>\n<h3>Comp\u00e9tition<\/h3>\n<p>L&rsquo;aspect comp\u00e9titif et n\u00e9gatif des interactions entre les racines se trouve surtout en d\u00e9but de vie et au moment de la plantation. En effet, le d\u00e9veloppement des racines et la colonisation du sol peuvent prendre la forme d&rsquo;une v\u00e9ritable guerre de territoire (Dr\u00e9nou p.103). Pour les trois \u00e0 cinq premi\u00e8res ann\u00e9es, le b\u00e9b\u00e9 arbre aura \u00e0 faire sa place au milieu des racines d\u00e9j\u00e0 install\u00e9es par les v\u00e9g\u00e9taux plus matures. Les plus rapides auront donc l&rsquo;avantage et ne partageront pas leurs ressources avec les esp\u00e8ces \u00e9trang\u00e8res, et m\u00eame avec les esp\u00e8ces de familles communes. Consid\u00e9rant que la <a href=\"http:\/\/www.arboplus.ca\/blog\/developpement-durable\/mycorhize.html\">mycorhize<\/a> peut prendre un certain temps \u00e0 se former, il faut en conclure que les premi\u00e8res ann\u00e9es de l&rsquo;arbre ne sont pas un temps pour le partage.<\/p>\n<p>L&rsquo;intuition aurait voulu que les arbres de m\u00eame esp\u00e8ce s&rsquo;entraident naturellement. Mais la r\u00e9alit\u00e9 est que la comp\u00e9tition peut en devenir d&rsquo;autant plus f\u00e9roce que les nutriments recherch\u00e9s et l&rsquo;espace \u00e0 occuper son exactement les m\u00eames. M\u00eame les v\u00e9g\u00e9taux recommand\u00e9s pour enrichir le sol peuvent avoir un aspect nuisible pour les jeunes arbres. Par exemple, certains v\u00e9g\u00e9taux de couvrement comme le tr\u00e8fle feront une grande comp\u00e9tition pour l&rsquo;obtention de l&rsquo;eau, alors que d&rsquo;autres esp\u00e8ces peuvent bloquer l&rsquo;influence de v\u00e9g\u00e9taux nuisibles. Ceci vient compliquer la donne, car le tr\u00e8fle est souvent utilis\u00e9 pour fixer l&rsquo;azote dans le sol et ainsi aider les v\u00e9g\u00e9taux environnants, mais ici on s&rsquo;aper\u00e7oit qu&rsquo;en monoculture et en quantit\u00e9 \u00e9lev\u00e9e, les racines du tr\u00e8fle peuvent faire comp\u00e9tition \u00e0 votre arbre nouvellement plant\u00e9. En sens contraire, la foug\u00e8re est b\u00e9n\u00e9fique pour les jeunes arbres en pleine colonisation du sol parce qu&rsquo;elles limitent l&rsquo;espace occup\u00e9 par les autres herbes couvreuses. Ceci ne fait que nous rappeler que le secret d&rsquo;un bon jardinage est l&rsquo;imitation de la nature par la biodiversit\u00e9 et la <a href=\"http:\/\/www.arboplus.ca\/blog\/developpement-durable\/polyarboriculture.html\">polyarboriculture<\/a>.<\/p>\n<h3>Compl\u00e9mentarit\u00e9<\/h3>\n<p>Du c\u00f4t\u00e9 positif, il peut arriver que s&rsquo;installe une compl\u00e9mentarit\u00e9 en fonction du niveau de peuplement des racines. Des essences dont les racines peuplent la surface du sol s&rsquo;accommodent tr\u00e8s bien aux essences qui peuplent le sol plus en profondeur. En effet, la pr\u00e9sence de v\u00e9g\u00e9taux de surface peut m\u00eame aider les racines profondes d&rsquo;un arbre \u00e0 aller plus profond\u00e9ment encore.<\/p>\n<p>La pr\u00e9sence de plusieurs arbres d&rsquo;une m\u00eame essence peut permettre aux racines de se joindre et de former une sorte d&rsquo;unit\u00e9 solidaire en r\u00e9seau. C&rsquo;est le cas par exemple des \u00e9rables, des ch\u00eanes et des <a href=\"http:\/\/www.arboplus.ca\/blog\/essences-arbres\/le-hetre.html\">h\u00eatres<\/a>. Ainsi, un ensemble form\u00e9 d&rsquo;un <a href=\"http:\/\/www.arboplus.ca\/blog\/essences-arbres\/erable-argente-acer-saccharinum.html\">\u00e9rable argent\u00e9<\/a>, d&rsquo;un <a href=\"http:\/\/www.arboplus.ca\/blog\/essences-arbres\/erable-rouge-acer-rubrum.html\">\u00e9rable rouge<\/a> et d&rsquo;un \u00e9rable \u00e0 sucre, plac\u00e9 \u00e0 proximit\u00e9 les uns des autres, pourra s&rsquo;entraider par les racines. Une fois que la symbiose est faite, les arbres partagent entre eux les processus d&rsquo;alimentation et de stockage des r\u00e9serves. Ce ph\u00e9nom\u00e8ne produit une v\u00e9ritable r\u00e9silience en cas de s\u00e9cheresses aux autres contraintes (Dr\u00e9nou p.100). Par contre, cette situation peut aussi acc\u00e9l\u00e9rer la propagation de certaines maladies qui se transmettent par les racines (Dr\u00e9nous p.101).<\/p>\n<p>Le partage des ressources entre arbres d&rsquo;esp\u00e8ces diff\u00e9rentes pourra se faire en pr\u00e9sence de mycorhizes, mais ce sont les mycorhizes qui feront la symbiose et qui g\u00e9reront les nutriments \u00e0 \u00e9changer. Dans ce cas, les esp\u00e8ces qui poussent \u00e0 l&rsquo;ombre pourront profiter de sucres photosynth\u00e9tis\u00e9s des arbres qui ont acc\u00e8s \u00e0 la lumi\u00e8re, tandis qu&rsquo;eux-m\u00eames survivent dans des conditions d&rsquo;absence quasi totale de lumi\u00e8re.<\/p>\n<p>Certains ont cru bon de calculer la distance entre les arbres pour voir si l&rsquo;on pourrait ainsi contr\u00f4ler l&rsquo;interaction en faveur des \u00e9changes b\u00e9n\u00e9fiques. Toutefois, la distance n&rsquo;est pas forc\u00e9ment l&rsquo;\u00e9l\u00e9ment d\u00e9terminant. Bien avant que les houppiers n&rsquo;entrent en contact, les racines sont en concurrence, et ce, tant qu&rsquo;ils sont d&rsquo;une distance inf\u00e9rieure ou \u00e9gale \u00e0 la hauteur de l&rsquo;arbre. Deux arbres \u00e0 une distance de cinq m\u00e8tres ne sont donc pas plus en comp\u00e9tition que deux arbres \u00e0 une distance de dix m\u00e8tres si la hauteur des arbres est justement de dix m\u00e8tres.<\/p>\n<h3>Conclusion<\/h3>\n<p>Ainsi, la question du vivre ensemble des racines n&rsquo;est pas simple. Couper un arbre par crainte de comp\u00e9tition des racines est une simplification qui ne prend pas en compte la complexit\u00e9 des relations entre les racines. Autant elles peuvent se souder et s&rsquo;entre-aider, autant elles peuvent se nuire. Mieux vaut faire confiance \u00e0 la nature dans ce qu&rsquo;elle sait faire. Comp\u00e9tition et symbiose sont deux \u00e9l\u00e9ments fondamentaux en \u00e9cologie, et bien souvent, notre erreur de trop vouloir contr\u00f4ler. On peut planter divers v\u00e9g\u00e9taux sur notre propri\u00e9t\u00e9 en ayant confiance que la rencontre se fera pour le meilleur, au profit de l&rsquo;un ou de l&rsquo;autre de vos arbres, ou de tous si vous \u00eates chanceux. La voie \u00e0 suivre demeure celle de l\u2018aide et de l&rsquo;imitation de la nature et non du contr\u00f4le absolu.<\/p>\n<p>R\u00e9f\u00e9rence :<br \/>\nDr\u00e9nou, Christophe, Les racines : face cach\u00e9e des arbres, For\u00eat priv\u00e9e fran\u00e7aise, 2006.<\/p>\n","protected":false},"excerpt":{"rendered":"<p>Les racines des arbres et des v\u00e9g\u00e9taux en g\u00e9n\u00e9ral rec\u00e8lent un univers complexe et obscur. Nous voulons dans cet article rendre compte de cette complexit\u00e9 et parvenir \u00e0 une compr\u00e9hension plus globale de ses interactions.<\/p>\n","protected":false},"author":2,"featured_media":4740,"comment_status":"open","ping_status":"open","sticky":false,"template":"","format":"standard","meta":{"footnotes":""},"categories":[10,6],"tags":[50,167,212,973,967,965,974,966,963,961,918,168,49,586,69,582,972,970,153,381,959,196,968,958,210,270,261,177,309,971,68,59,964,132,956,969,960,957,149,178,962,323,214],"class_list":["post-4736","post","type-post","status-publish","format-standard","has-post-thumbnail","hentry","category-arboriculture","category-developpement-durable","tag-arbre","tag-azote","tag-biodiversite","tag-chenes","tag-colonisation-du-sol","tag-competions-pour-leau","tag-competition-des-racines","tag-composes-biochimiques","tag-connexion-entre-les-racines","tag-cooperation","tag-developpement-des-racines","tag-eau","tag-ecologie","tag-erable-a-sucre","tag-erable-argente","tag-erable-rouge","tag-erables","tag-fougere","tag-gazon","tag-hetres","tag-interactions","tag-jardinage","tag-jeunes-arbres","tag-monde-des-racines","tag-monoculture","tag-mycelium-mycorhizien","tag-mycorhize","tag-mycorhizes","tag-nutriments","tag-peuplement-des-racines","tag-plantation","tag-polyarboriculture","tag-preservation-des-sols","tag-racines","tag-racines-des-arbres","tag-racines-du-trefle","tag-reseau-racinaire","tag-role-des-racines","tag-sucres-photosynthetises","tag-symbiose","tag-synergie","tag-trefle","tag-vegetaux"],"yoast_head":"<!-- This site is optimized with the Yoast SEO plugin v24.7 - https:\/\/yoast.com\/wordpress\/plugins\/seo\/ -->\n<title>Les racines, comp\u00e9tition ou compl\u00e9mentarit\u00e9 - Interactions entre les racines - Arboplus<\/title>\n<meta name=\"description\" content=\"Les racines des arbres et des v\u00e9g\u00e9taux en g\u00e9n\u00e9ral rec\u00e8lent un univers complexe et obscur. Nous voulons dans cet article rendre compte de cette complexit\u00e9 et parvenir \u00e0 une compr\u00e9hension plus globale de ses interactions.\" \/>\n<meta name=\"robots\" content=\"index, follow, max-snippet:-1, max-image-preview:large, max-video-preview:-1\" \/>\n<link rel=\"canonical\" href=\"https:\/\/www.arboplus.ca\/blog\/developpement-durable\/racines-competition-ou-complementarite.html\" \/>\n<meta property=\"og:locale\" content=\"fr_CA\" \/>\n<meta property=\"og:type\" content=\"article\" \/>\n<meta property=\"og:title\" content=\"Les racines, comp\u00e9tition ou compl\u00e9mentarit\u00e9 - Interactions entre les racines - Arboplus\" \/>\n<meta property=\"og:description\" content=\"Les racines des arbres et des v\u00e9g\u00e9taux en g\u00e9n\u00e9ral rec\u00e8lent un univers complexe et obscur. Nous voulons dans cet article rendre compte de cette complexit\u00e9 et parvenir \u00e0 une compr\u00e9hension plus globale de ses interactions.\" \/>\n<meta property=\"og:url\" content=\"https:\/\/www.arboplus.ca\/blog\/developpement-durable\/racines-competition-ou-complementarite.html\" \/>\n<meta property=\"og:site_name\" content=\"Arboplus\" \/>\n<meta property=\"article:published_time\" content=\"2017-04-24T12:00:26+00:00\" \/>\n<meta property=\"article:modified_time\" content=\"2017-04-24T12:24:22+00:00\" \/>\n<meta property=\"og:image\" content=\"https:\/\/www.arboplus.ca\/blog\/wp-content\/uploads\/2017\/04\/racines-competition-ou-complementarite.jpg\" \/>\n\t<meta property=\"og:image:width\" content=\"1720\" \/>\n\t<meta property=\"og:image:height\" content=\"1698\" \/>\n\t<meta property=\"og:image:type\" content=\"image\/jpeg\" \/>\n<meta name=\"author\" content=\"Dominic Perugino\" \/>\n<meta name=\"twitter:label1\" content=\"\u00c9crit par\" \/>\n\t<meta name=\"twitter:data1\" content=\"Dominic Perugino\" \/>\n\t<meta name=\"twitter:label2\" content=\"Estimation du temps de lecture\" \/>\n\t<meta name=\"twitter:data2\" content=\"6 minutes\" \/>\n<script type=\"application\/ld+json\" class=\"yoast-schema-graph\">{\"@context\":\"https:\/\/schema.org\",\"@graph\":[{\"@type\":\"WebPage\",\"@id\":\"https:\/\/www.arboplus.ca\/blog\/developpement-durable\/racines-competition-ou-complementarite.html\",\"url\":\"https:\/\/www.arboplus.ca\/blog\/developpement-durable\/racines-competition-ou-complementarite.html\",\"name\":\"Les racines, comp\u00e9tition ou compl\u00e9mentarit\u00e9 - Interactions entre les racines - Arboplus\",\"isPartOf\":{\"@id\":\"https:\/\/www.arboplus.ca\/blog\/#website\"},\"primaryImageOfPage\":{\"@id\":\"https:\/\/www.arboplus.ca\/blog\/developpement-durable\/racines-competition-ou-complementarite.html#primaryimage\"},\"image\":{\"@id\":\"https:\/\/www.arboplus.ca\/blog\/developpement-durable\/racines-competition-ou-complementarite.html#primaryimage\"},\"thumbnailUrl\":\"https:\/\/www.arboplus.ca\/blog\/wp-content\/uploads\/2017\/04\/racines-competition-ou-complementarite.jpg\",\"datePublished\":\"2017-04-24T12:00:26+00:00\",\"dateModified\":\"2017-04-24T12:24:22+00:00\",\"author\":{\"@id\":\"https:\/\/www.arboplus.ca\/blog\/#\/schema\/person\/c4e4c82ad12349aafba47d44193f5540\"},\"description\":\"Les racines des arbres et des v\u00e9g\u00e9taux en g\u00e9n\u00e9ral rec\u00e8lent un univers complexe et obscur. Nous voulons dans cet article rendre compte de cette complexit\u00e9 et parvenir \u00e0 une compr\u00e9hension plus globale de ses interactions.\",\"breadcrumb\":{\"@id\":\"https:\/\/www.arboplus.ca\/blog\/developpement-durable\/racines-competition-ou-complementarite.html#breadcrumb\"},\"inLanguage\":\"fr-CA\",\"potentialAction\":[{\"@type\":\"ReadAction\",\"target\":[\"https:\/\/www.arboplus.ca\/blog\/developpement-durable\/racines-competition-ou-complementarite.html\"]}]},{\"@type\":\"ImageObject\",\"inLanguage\":\"fr-CA\",\"@id\":\"https:\/\/www.arboplus.ca\/blog\/developpement-durable\/racines-competition-ou-complementarite.html#primaryimage\",\"url\":\"https:\/\/www.arboplus.ca\/blog\/wp-content\/uploads\/2017\/04\/racines-competition-ou-complementarite.jpg\",\"contentUrl\":\"https:\/\/www.arboplus.ca\/blog\/wp-content\/uploads\/2017\/04\/racines-competition-ou-complementarite.jpg\",\"width\":1720,\"height\":1698,\"caption\":\"Les racines competition ou complementarit\u00e9\"},{\"@type\":\"BreadcrumbList\",\"@id\":\"https:\/\/www.arboplus.ca\/blog\/developpement-durable\/racines-competition-ou-complementarite.html#breadcrumb\",\"itemListElement\":[{\"@type\":\"ListItem\",\"position\":1,\"name\":\"Accueil\",\"item\":\"https:\/\/www.arboplus.ca\/blog\/\"},{\"@type\":\"ListItem\",\"position\":2,\"name\":\"Les racines, comp\u00e9tition ou compl\u00e9mentarit\u00e9?\"}]},{\"@type\":\"WebSite\",\"@id\":\"https:\/\/www.arboplus.ca\/blog\/#website\",\"url\":\"https:\/\/www.arboplus.ca\/blog\/\",\"name\":\"Arboplus\",\"description\":\"Magazine arboricole\",\"potentialAction\":[{\"@type\":\"SearchAction\",\"target\":{\"@type\":\"EntryPoint\",\"urlTemplate\":\"https:\/\/www.arboplus.ca\/blog\/?s={search_term_string}\"},\"query-input\":{\"@type\":\"PropertyValueSpecification\",\"valueRequired\":true,\"valueName\":\"search_term_string\"}}],\"inLanguage\":\"fr-CA\"},{\"@type\":\"Person\",\"@id\":\"https:\/\/www.arboplus.ca\/blog\/#\/schema\/person\/c4e4c82ad12349aafba47d44193f5540\",\"name\":\"Dominic Perugino\",\"image\":{\"@type\":\"ImageObject\",\"inLanguage\":\"fr-CA\",\"@id\":\"https:\/\/www.arboplus.ca\/blog\/#\/schema\/person\/image\/\",\"url\":\"https:\/\/secure.gravatar.com\/avatar\/0027ec1e3f6852cb4655750d4303f090?s=96&d=mm&r=g\",\"contentUrl\":\"https:\/\/secure.gravatar.com\/avatar\/0027ec1e3f6852cb4655750d4303f090?s=96&d=mm&r=g\",\"caption\":\"Dominic Perugino\"},\"url\":\"https:\/\/www.arboplus.ca\/blog\/author\/dominic-perugino\"}]}<\/script>\n<!-- \/ Yoast SEO plugin. -->","yoast_head_json":{"title":"Les racines, comp\u00e9tition ou compl\u00e9mentarit\u00e9 - Interactions entre les racines - Arboplus","description":"Les racines des arbres et des v\u00e9g\u00e9taux en g\u00e9n\u00e9ral rec\u00e8lent un univers complexe et obscur. Nous voulons dans cet article rendre compte de cette complexit\u00e9 et parvenir \u00e0 une compr\u00e9hension plus globale de ses interactions.","robots":{"index":"index","follow":"follow","max-snippet":"max-snippet:-1","max-image-preview":"max-image-preview:large","max-video-preview":"max-video-preview:-1"},"canonical":"https:\/\/www.arboplus.ca\/blog\/developpement-durable\/racines-competition-ou-complementarite.html","og_locale":"fr_CA","og_type":"article","og_title":"Les racines, comp\u00e9tition ou compl\u00e9mentarit\u00e9 - Interactions entre les racines - Arboplus","og_description":"Les racines des arbres et des v\u00e9g\u00e9taux en g\u00e9n\u00e9ral rec\u00e8lent un univers complexe et obscur. Nous voulons dans cet article rendre compte de cette complexit\u00e9 et parvenir \u00e0 une compr\u00e9hension plus globale de ses interactions.","og_url":"https:\/\/www.arboplus.ca\/blog\/developpement-durable\/racines-competition-ou-complementarite.html","og_site_name":"Arboplus","article_published_time":"2017-04-24T12:00:26+00:00","article_modified_time":"2017-04-24T12:24:22+00:00","og_image":[{"width":1720,"height":1698,"url":"https:\/\/www.arboplus.ca\/blog\/wp-content\/uploads\/2017\/04\/racines-competition-ou-complementarite.jpg","type":"image\/jpeg"}],"author":"Dominic Perugino","twitter_misc":{"\u00c9crit par":"Dominic Perugino","Estimation du temps de lecture":"6 minutes"},"schema":{"@context":"https:\/\/schema.org","@graph":[{"@type":"WebPage","@id":"https:\/\/www.arboplus.ca\/blog\/developpement-durable\/racines-competition-ou-complementarite.html","url":"https:\/\/www.arboplus.ca\/blog\/developpement-durable\/racines-competition-ou-complementarite.html","name":"Les racines, comp\u00e9tition ou compl\u00e9mentarit\u00e9 - Interactions entre les racines - Arboplus","isPartOf":{"@id":"https:\/\/www.arboplus.ca\/blog\/#website"},"primaryImageOfPage":{"@id":"https:\/\/www.arboplus.ca\/blog\/developpement-durable\/racines-competition-ou-complementarite.html#primaryimage"},"image":{"@id":"https:\/\/www.arboplus.ca\/blog\/developpement-durable\/racines-competition-ou-complementarite.html#primaryimage"},"thumbnailUrl":"https:\/\/www.arboplus.ca\/blog\/wp-content\/uploads\/2017\/04\/racines-competition-ou-complementarite.jpg","datePublished":"2017-04-24T12:00:26+00:00","dateModified":"2017-04-24T12:24:22+00:00","author":{"@id":"https:\/\/www.arboplus.ca\/blog\/#\/schema\/person\/c4e4c82ad12349aafba47d44193f5540"},"description":"Les racines des arbres et des v\u00e9g\u00e9taux en g\u00e9n\u00e9ral rec\u00e8lent un univers complexe et obscur. Nous voulons dans cet article rendre compte de cette complexit\u00e9 et parvenir \u00e0 une compr\u00e9hension plus globale de ses interactions.","breadcrumb":{"@id":"https:\/\/www.arboplus.ca\/blog\/developpement-durable\/racines-competition-ou-complementarite.html#breadcrumb"},"inLanguage":"fr-CA","potentialAction":[{"@type":"ReadAction","target":["https:\/\/www.arboplus.ca\/blog\/developpement-durable\/racines-competition-ou-complementarite.html"]}]},{"@type":"ImageObject","inLanguage":"fr-CA","@id":"https:\/\/www.arboplus.ca\/blog\/developpement-durable\/racines-competition-ou-complementarite.html#primaryimage","url":"https:\/\/www.arboplus.ca\/blog\/wp-content\/uploads\/2017\/04\/racines-competition-ou-complementarite.jpg","contentUrl":"https:\/\/www.arboplus.ca\/blog\/wp-content\/uploads\/2017\/04\/racines-competition-ou-complementarite.jpg","width":1720,"height":1698,"caption":"Les racines competition ou complementarit\u00e9"},{"@type":"BreadcrumbList","@id":"https:\/\/www.arboplus.ca\/blog\/developpement-durable\/racines-competition-ou-complementarite.html#breadcrumb","itemListElement":[{"@type":"ListItem","position":1,"name":"Accueil","item":"https:\/\/www.arboplus.ca\/blog\/"},{"@type":"ListItem","position":2,"name":"Les racines, comp\u00e9tition ou compl\u00e9mentarit\u00e9?"}]},{"@type":"WebSite","@id":"https:\/\/www.arboplus.ca\/blog\/#website","url":"https:\/\/www.arboplus.ca\/blog\/","name":"Arboplus","description":"Magazine arboricole","potentialAction":[{"@type":"SearchAction","target":{"@type":"EntryPoint","urlTemplate":"https:\/\/www.arboplus.ca\/blog\/?s={search_term_string}"},"query-input":{"@type":"PropertyValueSpecification","valueRequired":true,"valueName":"search_term_string"}}],"inLanguage":"fr-CA"},{"@type":"Person","@id":"https:\/\/www.arboplus.ca\/blog\/#\/schema\/person\/c4e4c82ad12349aafba47d44193f5540","name":"Dominic Perugino","image":{"@type":"ImageObject","inLanguage":"fr-CA","@id":"https:\/\/www.arboplus.ca\/blog\/#\/schema\/person\/image\/","url":"https:\/\/secure.gravatar.com\/avatar\/0027ec1e3f6852cb4655750d4303f090?s=96&d=mm&r=g","contentUrl":"https:\/\/secure.gravatar.com\/avatar\/0027ec1e3f6852cb4655750d4303f090?s=96&d=mm&r=g","caption":"Dominic Perugino"},"url":"https:\/\/www.arboplus.ca\/blog\/author\/dominic-perugino"}]}},"_links":{"self":[{"href":"https:\/\/www.arboplus.ca\/blog\/wp-json\/wp\/v2\/posts\/4736","targetHints":{"allow":["GET"]}}],"collection":[{"href":"https:\/\/www.arboplus.ca\/blog\/wp-json\/wp\/v2\/posts"}],"about":[{"href":"https:\/\/www.arboplus.ca\/blog\/wp-json\/wp\/v2\/types\/post"}],"author":[{"embeddable":true,"href":"https:\/\/www.arboplus.ca\/blog\/wp-json\/wp\/v2\/users\/2"}],"replies":[{"embeddable":true,"href":"https:\/\/www.arboplus.ca\/blog\/wp-json\/wp\/v2\/comments?post=4736"}],"version-history":[{"count":3,"href":"https:\/\/www.arboplus.ca\/blog\/wp-json\/wp\/v2\/posts\/4736\/revisions"}],"predecessor-version":[{"id":4739,"href":"https:\/\/www.arboplus.ca\/blog\/wp-json\/wp\/v2\/posts\/4736\/revisions\/4739"}],"wp:featuredmedia":[{"embeddable":true,"href":"https:\/\/www.arboplus.ca\/blog\/wp-json\/wp\/v2\/media\/4740"}],"wp:attachment":[{"href":"https:\/\/www.arboplus.ca\/blog\/wp-json\/wp\/v2\/media?parent=4736"}],"wp:term":[{"taxonomy":"category","embeddable":true,"href":"https:\/\/www.arboplus.ca\/blog\/wp-json\/wp\/v2\/categories?post=4736"},{"taxonomy":"post_tag","embeddable":true,"href":"https:\/\/www.arboplus.ca\/blog\/wp-json\/wp\/v2\/tags?post=4736"}],"curies":[{"name":"wp","href":"https:\/\/api.w.org\/{rel}","templated":true}]}}