{"id":4705,"date":"2017-03-27T08:00:55","date_gmt":"2017-03-27T12:00:55","guid":{"rendered":"http:\/\/www.arboplus.ca\/blog\/?p=4705"},"modified":"2022-06-07T15:15:08","modified_gmt":"2022-06-07T19:15:08","slug":"quand-elaguer-un-arbre","status":"publish","type":"post","link":"https:\/\/www.arboplus.ca\/blog\/arboriculture\/quand-elaguer-un-arbre.html","title":{"rendered":"Quand \u00e9laguer un arbre"},"content":{"rendered":"<h2>Quelle est la p\u00e9riode id\u00e9ale pour tailler\u00a0un arbre?<\/h2>\n<p>Lorsque nous choisissons d&rsquo;entreprendre des travaux d&rsquo;\u00e9lagage dans nos arbres, le premier souci est toujours celui de la sant\u00e9 de l&rsquo;arbre. En effet, il existe des r\u00e8gles \u00e0 respecter, il y a une mani\u00e8re et une quantit\u00e9 \u00e0 couper, des branches malades ou mortes, des fourches faibles et des t\u00eates codominantes etc.. Qu&rsquo;en est-il du temps pour l&rsquo;\u00e9lagage? Y a-t-il un temps plus propice pour l&rsquo;enl\u00e8vement de masse foliaire dans un arbre? Cela d\u00e9pend du type d&rsquo;arbre, mais surtout du type de travaux \u00e0 entreprendre. Nous verrons aussi que chaque saison comporte ses avantages et ses d\u00e9savantages pour l&rsquo;intervention arboricole. Ce court article vise \u00e0 rassurer les propri\u00e9taires d&rsquo;arbres que l&rsquo;<a href=\"http:\/\/www.arboplus.ca\/fr\/emondage-arbre-laval-elagage-emondeur-laval-elagueur.html\">\u00e9lagage<\/a> peut se faire toute l&rsquo;ann\u00e9e sans risquer d&rsquo;endommager l&rsquo;arbre.<\/p>\n<h3><iframe title=\"YouTube video player\" src=\"https:\/\/www.youtube.com\/embed\/IX7BHIPUk-A\" width=\"660\" height=\"540\" frameborder=\"0\" allowfullscreen=\"allowfullscreen\"><span data-mce-type=\"bookmark\" style=\"display: inline-block; width: 0px; overflow: hidden; line-height: 0;\" class=\"mce_SELRES_start\">\ufeff<\/span><\/iframe><\/h3>\n<h3>Les r\u00e8gles de l&rsquo;art pour \u00e9laguer<\/h3>\n<p>G\u00e9n\u00e9ralement, si les r\u00e8gles de l&rsquo;art de l&rsquo;arboriculture sont respect\u00e9es, l&rsquo;\u00e9lagage peut se faire sans danger \u00e0 n&rsquo;importe quelle saison. La r\u00e8gle principale \u00e0 respecter est le pourcentage maximum de branches vivantes \u00e0 enlever. Ainsi, si un \u00e9lagage se fait en enlevant moins\u00a0de 20 % de masse foliaire, l&rsquo;\u00e9lagage peut \u00eatre fait en tout temps. Par contre, si les circonstances obligent d&rsquo;enlever au-del\u00e0 ce pourcentage, il faudra attendre la p\u00e9riode de dormance, soit en hiver, ou tr\u00e8s t\u00f4t au printemps.<\/p>\n<h3>L&rsquo;hiver<\/h3>\n<p>L&rsquo;id\u00e9e la plus r\u00e9pandue est que l&rsquo;hiver est le temps optimal pour l&rsquo;\u00e9lagage, et ce, pour de bonnes raisons. En effet, l&rsquo;arbre est en dormance, ce qui signifie, entre autres choses, que la s\u00e8ve de l&rsquo;arbre est stock\u00e9e dans le <a href=\"http:\/\/www.arboplus.ca\/blog\/developpement-durable\/les-racines.html\">syst\u00e8me racinaire<\/a>. Les coupes de branches, s\u00e9v\u00e8res ou pas, n&rsquo;auront donc aucune incidence sur les r\u00e9serves de s\u00e8ve. Puis, l&rsquo;hiver offre comme avantage de r\u00e9duire les risques de d\u00e9chirures des branches lors des coupes. Ce dernier avantage ne vaut pas vraiment pour l&rsquo;arboriculteur professionnel qui sait tr\u00e8s bien couper sans d\u00e9chirer en toutes situations.<\/p>\n<div style=\"text-align: center;\"><a class=\"button green medium\" href=\"http:\/\/www.arboplus.ca\/fr\/estimation-gratuite.html\" target=\"_self\" rel=\"noopener\">Planifier un rendez-vous avec un arboriculteur <i class=\"fa-chevron-circle-right\"><\/i><\/a><\/div>\n<p>Bref, si l&rsquo;on doit enlever une partie importante de l&rsquo;arbre, l&rsquo;hiver est optimal pour respecter les r\u00e9serves de s\u00e8ve. Pourtant, cette r\u00e9serve de s\u00e8ve se trouvera alors d\u00e9balanc\u00e9e en rapport avec la masse vivante, l&rsquo;arbre aura en effet un surplus de s\u00e8ve. Il risque alors de se former un plus grand nombre de <a href=\"http:\/\/www.arboplus.ca\/blog\/arboriculture\/detecter-un-probleme-dans-mon-arbre.html\">gourmands<\/a>, c&rsquo;est-\u00e0-dire des pousses rapides qui consomment beaucoup de s\u00e8ve et qui ne respectent pas la structure de l&rsquo;arbre. On devra donc demander une seconde intervention pour enlever ces derni\u00e8res.<\/p>\n<p>Un autre d\u00e9tail qui doit \u00eatre pris en consid\u00e9ration pour la taille en hiver est le fait que la situation de dormance emp\u00eache aussi l&rsquo;arbre de cicatriser les lieux de coupes. L&rsquo;arbre demeure alors expos\u00e9 plus longtemps aux champignons et aux maladies. L&rsquo;\u00e9lagage en hiver n&rsquo;est donc pas une panac\u00e9e.<\/p>\n<h3>Printemps, \u00e9t\u00e9, automne<\/h3>\n<p>Si l&rsquo;on respecte une limite de 20 % d&rsquo;enl\u00e8vement de masse foliaire, il n&rsquo;y a pas de raison de se faire un scrupule sur la saison pour l&rsquo;\u00e9lagage. Par exemple, la p\u00e9riode estivale offre pour avantage une cicatrisation rapide des coupes, puisqu&rsquo;il s&rsquo;agit de la p\u00e9riode de v\u00e9g\u00e9tation et de croissance. On peut compter sur cet avantage d\u00e8s l&rsquo;apparition des premi\u00e8res pousses jusqu&rsquo;\u00e0 la fin ao\u00fbt. Ainsi, la p\u00e9riode estivale est id\u00e9ale pour limiter la propagation des maladies par voie des ouvertures cr\u00e9\u00e9es par les coupes.<\/p>\n<p>De plus, la s\u00e8ve \u00e9tant \u00e9vacu\u00e9e avec les branches, en quantit\u00e9 raisonnable, permettra \u00e0 l&rsquo;arbre de maintenir un ratio proportionnel entre la s\u00e8ve et la masse foliaire, ce qui emp\u00eachera par le fait m\u00eame l&rsquo;apparition des gourmands. De plus, lorsque l&rsquo;<a href=\"http:\/\/www.arboplus.ca\/fr\/contact.html\">arboriste<\/a> se trouve dans un arbre en vert, le bois mort est plus facile \u00e0 d\u00e9tecter et ainsi \u00e0 supprimer.<\/p>\n<h3>Exceptions : l&rsquo;\u00e9lagage des arbres fruitiers<\/h3>\n<p>Certaines situations exigeront une observation plus rigoureuse des saisons. Par exemple, un propri\u00e9taire d&rsquo;un verger voudra s&rsquo;assurer que son \u00e9lagage n&rsquo;entra\u00eenera pas une perte de r\u00e9colte ou une diminution de la qualit\u00e9 de ses fruits. Celui-ci choisira donc le tout d\u00e9but du printemps pour tailler ses arbres, de sorte que les pommes poussent en abondance gr\u00e2ce aux r\u00e9serves de s\u00e8ve. Si vous poss\u00e9dez un pommier et que vous \u00eates cultivateur amateur, l&rsquo;observation des saisons s&rsquo;adresse \u00e0 vous!<\/p>\n<h3>Conclusion<\/h3>\n<p>L&rsquo;important semble demeurer le respect des r\u00e8gles de l&rsquo;art, si elles sont mises en pratique, on peut \u00e9laguer les arbres en toutes saisons. Plusieurs compagnies d&rsquo;\u00e9lagage ferment l&rsquo;hiver pour des raisons de s\u00e9curit\u00e9, mais les pour et les contres de l&rsquo;\u00e9lagage en hiver permettent de rester confiant pour faire appel \u00e0 un <a href=\"http:\/\/www.arboplus.ca\/\">arboriculteur<\/a> peu importe le temps de l&rsquo;ann\u00e9e.<\/p>\n<p>Sources :<br \/>\nhttps:\/\/elagage.ooreka.fr\/comprendre\/quand-elaguer<br \/>\nhttp:\/\/espacepourlavie.ca\/faq\/quelle-est-la-meilleure-periode-pour-tailler-les-arbres-ornementaux<br \/>\nhttps:\/\/www.siaq.org\/_textes\/elaguer_sans_charcuter.pdf<\/p>\n","protected":false},"excerpt":{"rendered":"<p>Lorsque nous choisissons d&rsquo;entreprendre des travaux d&rsquo;\u00e9lagage dans nos arbres, le premier souci est toujours celui de la sant\u00e9 de l&rsquo;arbre. L&rsquo;important semble demeurer le respect des r\u00e8gles de l&rsquo;art, si elles sont mises en pratique, on peut \u00e9laguer les arbres en toutes saisons.<\/p>\n","protected":false},"author":2,"featured_media":4708,"comment_status":"open","ping_status":"open","sticky":false,"template":"","format":"standard","meta":{"footnotes":""},"categories":[10],"tags":[54,823,53,97,50,164,451,837,294,810,816,134,830,829,841,824,820,831,182,822,819,58,293,840,814,836,439,231,442,818,812,317,441,825,817,834,839,636,835,832,813,809,815,821,91,687,827,826,171,828,807,838,811,438,808,833],"class_list":["post-4705","post","type-post","status-publish","format-standard","has-post-thumbnail","hentry","category-arboriculture","tag-arboricole","tag-arboriculteur-professionnel","tag-arboriculture","tag-arboriste","tag-arbre","tag-arbres","tag-arbres-fruitiers","tag-automne","tag-bois-mort","tag-branches-malades","tag-branches-vivantes","tag-champignons","tag-cicatrisation-rapide","tag-cicatriser","tag-compagnies-delagage","tag-couper-sans-dechirer","tag-coupes-de-branches","tag-croissance","tag-cultivateur","tag-dechirures-des-branches","tag-dormance","tag-elagage","tag-elaguer","tag-elaguer-les-arbres","tag-endommager-larbre","tag-ete","tag-fourches-faibles","tag-fruits","tag-gourmands","tag-hiver","tag-intervention-arboricole","tag-maladies","tag-masse-foliaire","tag-masse-vivante","tag-periode-de-dormance","tag-perte-de-recolte","tag-pommes","tag-pommier","tag-printemps","tag-propagation-des-maladies","tag-proprietaires-darbres","tag-regles","tag-regles-de-lart","tag-reserves-de-seve","tag-sante-de-larbre","tag-seve","tag-structure-de-larbre","tag-surplus-de-seve","tag-systeme-racinaire","tag-taille-en-hiver","tag-tailler","tag-tailler-ses-arbres","tag-temps-pour-lelagage","tag-tetes-codominantes","tag-travaux-delagage","tag-verger"],"yoast_head":"<!-- This site is optimized with the Yoast SEO plugin v24.7 - https:\/\/yoast.com\/wordpress\/plugins\/seo\/ -->\n<title>Quand \u00e9laguer un arbre - Arboriculture - Arboplus<\/title>\n<meta name=\"description\" content=\"Lorsque nous choisissons d&#039;entreprendre des travaux d&#039;\u00e9lagage dans nos arbres, le premier souci est toujours celui de la sant\u00e9 de l&#039;arbre. L&#039;important semble demeurer le respect des r\u00e8gles de l&#039;art, si elles sont mises en pratique, on peut \u00e9laguer les arbres en toutes saisons.\" \/>\n<meta name=\"robots\" content=\"index, follow, max-snippet:-1, max-image-preview:large, max-video-preview:-1\" \/>\n<link rel=\"canonical\" href=\"https:\/\/www.arboplus.ca\/blog\/arboriculture\/quand-elaguer-un-arbre.html\" \/>\n<meta property=\"og:locale\" content=\"fr_CA\" \/>\n<meta property=\"og:type\" content=\"article\" \/>\n<meta property=\"og:title\" content=\"Quand \u00e9laguer un arbre - Arboriculture - Arboplus\" \/>\n<meta property=\"og:description\" content=\"Lorsque nous choisissons d&#039;entreprendre des travaux d&#039;\u00e9lagage dans nos arbres, le premier souci est toujours celui de la sant\u00e9 de l&#039;arbre. L&#039;important semble demeurer le respect des r\u00e8gles de l&#039;art, si elles sont mises en pratique, on peut \u00e9laguer les arbres en toutes saisons.\" \/>\n<meta property=\"og:url\" content=\"https:\/\/www.arboplus.ca\/blog\/arboriculture\/quand-elaguer-un-arbre.html\" \/>\n<meta property=\"og:site_name\" content=\"Arboplus\" \/>\n<meta property=\"article:published_time\" content=\"2017-03-27T12:00:55+00:00\" \/>\n<meta property=\"article:modified_time\" content=\"2022-06-07T19:15:08+00:00\" \/>\n<meta property=\"og:image\" content=\"https:\/\/www.arboplus.ca\/blog\/wp-content\/uploads\/2017\/03\/quand-elaguer-un-arbre.jpg\" \/>\n\t<meta property=\"og:image:width\" content=\"1920\" \/>\n\t<meta property=\"og:image:height\" content=\"1080\" \/>\n\t<meta property=\"og:image:type\" content=\"image\/jpeg\" \/>\n<meta name=\"author\" content=\"Dominic Perugino\" \/>\n<meta name=\"twitter:label1\" content=\"\u00c9crit par\" \/>\n\t<meta name=\"twitter:data1\" content=\"Dominic Perugino\" \/>\n\t<meta name=\"twitter:label2\" content=\"Estimation du temps de lecture\" \/>\n\t<meta name=\"twitter:data2\" content=\"4 minutes\" \/>\n<script type=\"application\/ld+json\" class=\"yoast-schema-graph\">{\"@context\":\"https:\/\/schema.org\",\"@graph\":[{\"@type\":\"WebPage\",\"@id\":\"https:\/\/www.arboplus.ca\/blog\/arboriculture\/quand-elaguer-un-arbre.html\",\"url\":\"https:\/\/www.arboplus.ca\/blog\/arboriculture\/quand-elaguer-un-arbre.html\",\"name\":\"Quand \u00e9laguer un arbre - Arboriculture - Arboplus\",\"isPartOf\":{\"@id\":\"https:\/\/www.arboplus.ca\/blog\/#website\"},\"primaryImageOfPage\":{\"@id\":\"https:\/\/www.arboplus.ca\/blog\/arboriculture\/quand-elaguer-un-arbre.html#primaryimage\"},\"image\":{\"@id\":\"https:\/\/www.arboplus.ca\/blog\/arboriculture\/quand-elaguer-un-arbre.html#primaryimage\"},\"thumbnailUrl\":\"https:\/\/www.arboplus.ca\/blog\/wp-content\/uploads\/2017\/03\/quand-elaguer-un-arbre.jpg\",\"datePublished\":\"2017-03-27T12:00:55+00:00\",\"dateModified\":\"2022-06-07T19:15:08+00:00\",\"author\":{\"@id\":\"https:\/\/www.arboplus.ca\/blog\/#\/schema\/person\/c4e4c82ad12349aafba47d44193f5540\"},\"description\":\"Lorsque nous choisissons d'entreprendre des travaux d'\u00e9lagage dans nos arbres, le premier souci est toujours celui de la sant\u00e9 de l'arbre. L'important semble demeurer le respect des r\u00e8gles de l'art, si elles sont mises en pratique, on peut \u00e9laguer les arbres en toutes saisons.\",\"breadcrumb\":{\"@id\":\"https:\/\/www.arboplus.ca\/blog\/arboriculture\/quand-elaguer-un-arbre.html#breadcrumb\"},\"inLanguage\":\"fr-CA\",\"potentialAction\":[{\"@type\":\"ReadAction\",\"target\":[\"https:\/\/www.arboplus.ca\/blog\/arboriculture\/quand-elaguer-un-arbre.html\"]}]},{\"@type\":\"ImageObject\",\"inLanguage\":\"fr-CA\",\"@id\":\"https:\/\/www.arboplus.ca\/blog\/arboriculture\/quand-elaguer-un-arbre.html#primaryimage\",\"url\":\"https:\/\/www.arboplus.ca\/blog\/wp-content\/uploads\/2017\/03\/quand-elaguer-un-arbre.jpg\",\"contentUrl\":\"https:\/\/www.arboplus.ca\/blog\/wp-content\/uploads\/2017\/03\/quand-elaguer-un-arbre.jpg\",\"width\":1920,\"height\":1080,\"caption\":\"Quand \u00e9laguer un arbre\"},{\"@type\":\"BreadcrumbList\",\"@id\":\"https:\/\/www.arboplus.ca\/blog\/arboriculture\/quand-elaguer-un-arbre.html#breadcrumb\",\"itemListElement\":[{\"@type\":\"ListItem\",\"position\":1,\"name\":\"Accueil\",\"item\":\"https:\/\/www.arboplus.ca\/blog\/\"},{\"@type\":\"ListItem\",\"position\":2,\"name\":\"Quand \u00e9laguer un arbre\"}]},{\"@type\":\"WebSite\",\"@id\":\"https:\/\/www.arboplus.ca\/blog\/#website\",\"url\":\"https:\/\/www.arboplus.ca\/blog\/\",\"name\":\"Arboplus\",\"description\":\"Magazine arboricole\",\"potentialAction\":[{\"@type\":\"SearchAction\",\"target\":{\"@type\":\"EntryPoint\",\"urlTemplate\":\"https:\/\/www.arboplus.ca\/blog\/?s={search_term_string}\"},\"query-input\":{\"@type\":\"PropertyValueSpecification\",\"valueRequired\":true,\"valueName\":\"search_term_string\"}}],\"inLanguage\":\"fr-CA\"},{\"@type\":\"Person\",\"@id\":\"https:\/\/www.arboplus.ca\/blog\/#\/schema\/person\/c4e4c82ad12349aafba47d44193f5540\",\"name\":\"Dominic Perugino\",\"image\":{\"@type\":\"ImageObject\",\"inLanguage\":\"fr-CA\",\"@id\":\"https:\/\/www.arboplus.ca\/blog\/#\/schema\/person\/image\/\",\"url\":\"https:\/\/secure.gravatar.com\/avatar\/0027ec1e3f6852cb4655750d4303f090?s=96&d=mm&r=g\",\"contentUrl\":\"https:\/\/secure.gravatar.com\/avatar\/0027ec1e3f6852cb4655750d4303f090?s=96&d=mm&r=g\",\"caption\":\"Dominic Perugino\"},\"url\":\"https:\/\/www.arboplus.ca\/blog\/author\/dominic-perugino\"}]}<\/script>\n<!-- \/ Yoast SEO plugin. -->","yoast_head_json":{"title":"Quand \u00e9laguer un arbre - Arboriculture - Arboplus","description":"Lorsque nous choisissons d'entreprendre des travaux d'\u00e9lagage dans nos arbres, le premier souci est toujours celui de la sant\u00e9 de l'arbre. L'important semble demeurer le respect des r\u00e8gles de l'art, si elles sont mises en pratique, on peut \u00e9laguer les arbres en toutes saisons.","robots":{"index":"index","follow":"follow","max-snippet":"max-snippet:-1","max-image-preview":"max-image-preview:large","max-video-preview":"max-video-preview:-1"},"canonical":"https:\/\/www.arboplus.ca\/blog\/arboriculture\/quand-elaguer-un-arbre.html","og_locale":"fr_CA","og_type":"article","og_title":"Quand \u00e9laguer un arbre - Arboriculture - Arboplus","og_description":"Lorsque nous choisissons d'entreprendre des travaux d'\u00e9lagage dans nos arbres, le premier souci est toujours celui de la sant\u00e9 de l'arbre. L'important semble demeurer le respect des r\u00e8gles de l'art, si elles sont mises en pratique, on peut \u00e9laguer les arbres en toutes saisons.","og_url":"https:\/\/www.arboplus.ca\/blog\/arboriculture\/quand-elaguer-un-arbre.html","og_site_name":"Arboplus","article_published_time":"2017-03-27T12:00:55+00:00","article_modified_time":"2022-06-07T19:15:08+00:00","og_image":[{"width":1920,"height":1080,"url":"https:\/\/www.arboplus.ca\/blog\/wp-content\/uploads\/2017\/03\/quand-elaguer-un-arbre.jpg","type":"image\/jpeg"}],"author":"Dominic Perugino","twitter_misc":{"\u00c9crit par":"Dominic Perugino","Estimation du temps de lecture":"4 minutes"},"schema":{"@context":"https:\/\/schema.org","@graph":[{"@type":"WebPage","@id":"https:\/\/www.arboplus.ca\/blog\/arboriculture\/quand-elaguer-un-arbre.html","url":"https:\/\/www.arboplus.ca\/blog\/arboriculture\/quand-elaguer-un-arbre.html","name":"Quand \u00e9laguer un arbre - Arboriculture - Arboplus","isPartOf":{"@id":"https:\/\/www.arboplus.ca\/blog\/#website"},"primaryImageOfPage":{"@id":"https:\/\/www.arboplus.ca\/blog\/arboriculture\/quand-elaguer-un-arbre.html#primaryimage"},"image":{"@id":"https:\/\/www.arboplus.ca\/blog\/arboriculture\/quand-elaguer-un-arbre.html#primaryimage"},"thumbnailUrl":"https:\/\/www.arboplus.ca\/blog\/wp-content\/uploads\/2017\/03\/quand-elaguer-un-arbre.jpg","datePublished":"2017-03-27T12:00:55+00:00","dateModified":"2022-06-07T19:15:08+00:00","author":{"@id":"https:\/\/www.arboplus.ca\/blog\/#\/schema\/person\/c4e4c82ad12349aafba47d44193f5540"},"description":"Lorsque nous choisissons d'entreprendre des travaux d'\u00e9lagage dans nos arbres, le premier souci est toujours celui de la sant\u00e9 de l'arbre. L'important semble demeurer le respect des r\u00e8gles de l'art, si elles sont mises en pratique, on peut \u00e9laguer les arbres en toutes saisons.","breadcrumb":{"@id":"https:\/\/www.arboplus.ca\/blog\/arboriculture\/quand-elaguer-un-arbre.html#breadcrumb"},"inLanguage":"fr-CA","potentialAction":[{"@type":"ReadAction","target":["https:\/\/www.arboplus.ca\/blog\/arboriculture\/quand-elaguer-un-arbre.html"]}]},{"@type":"ImageObject","inLanguage":"fr-CA","@id":"https:\/\/www.arboplus.ca\/blog\/arboriculture\/quand-elaguer-un-arbre.html#primaryimage","url":"https:\/\/www.arboplus.ca\/blog\/wp-content\/uploads\/2017\/03\/quand-elaguer-un-arbre.jpg","contentUrl":"https:\/\/www.arboplus.ca\/blog\/wp-content\/uploads\/2017\/03\/quand-elaguer-un-arbre.jpg","width":1920,"height":1080,"caption":"Quand \u00e9laguer un arbre"},{"@type":"BreadcrumbList","@id":"https:\/\/www.arboplus.ca\/blog\/arboriculture\/quand-elaguer-un-arbre.html#breadcrumb","itemListElement":[{"@type":"ListItem","position":1,"name":"Accueil","item":"https:\/\/www.arboplus.ca\/blog\/"},{"@type":"ListItem","position":2,"name":"Quand \u00e9laguer un arbre"}]},{"@type":"WebSite","@id":"https:\/\/www.arboplus.ca\/blog\/#website","url":"https:\/\/www.arboplus.ca\/blog\/","name":"Arboplus","description":"Magazine arboricole","potentialAction":[{"@type":"SearchAction","target":{"@type":"EntryPoint","urlTemplate":"https:\/\/www.arboplus.ca\/blog\/?s={search_term_string}"},"query-input":{"@type":"PropertyValueSpecification","valueRequired":true,"valueName":"search_term_string"}}],"inLanguage":"fr-CA"},{"@type":"Person","@id":"https:\/\/www.arboplus.ca\/blog\/#\/schema\/person\/c4e4c82ad12349aafba47d44193f5540","name":"Dominic Perugino","image":{"@type":"ImageObject","inLanguage":"fr-CA","@id":"https:\/\/www.arboplus.ca\/blog\/#\/schema\/person\/image\/","url":"https:\/\/secure.gravatar.com\/avatar\/0027ec1e3f6852cb4655750d4303f090?s=96&d=mm&r=g","contentUrl":"https:\/\/secure.gravatar.com\/avatar\/0027ec1e3f6852cb4655750d4303f090?s=96&d=mm&r=g","caption":"Dominic Perugino"},"url":"https:\/\/www.arboplus.ca\/blog\/author\/dominic-perugino"}]}},"_links":{"self":[{"href":"https:\/\/www.arboplus.ca\/blog\/wp-json\/wp\/v2\/posts\/4705","targetHints":{"allow":["GET"]}}],"collection":[{"href":"https:\/\/www.arboplus.ca\/blog\/wp-json\/wp\/v2\/posts"}],"about":[{"href":"https:\/\/www.arboplus.ca\/blog\/wp-json\/wp\/v2\/types\/post"}],"author":[{"embeddable":true,"href":"https:\/\/www.arboplus.ca\/blog\/wp-json\/wp\/v2\/users\/2"}],"replies":[{"embeddable":true,"href":"https:\/\/www.arboplus.ca\/blog\/wp-json\/wp\/v2\/comments?post=4705"}],"version-history":[{"count":5,"href":"https:\/\/www.arboplus.ca\/blog\/wp-json\/wp\/v2\/posts\/4705\/revisions"}],"predecessor-version":[{"id":5851,"href":"https:\/\/www.arboplus.ca\/blog\/wp-json\/wp\/v2\/posts\/4705\/revisions\/5851"}],"wp:featuredmedia":[{"embeddable":true,"href":"https:\/\/www.arboplus.ca\/blog\/wp-json\/wp\/v2\/media\/4708"}],"wp:attachment":[{"href":"https:\/\/www.arboplus.ca\/blog\/wp-json\/wp\/v2\/media?parent=4705"}],"wp:term":[{"taxonomy":"category","embeddable":true,"href":"https:\/\/www.arboplus.ca\/blog\/wp-json\/wp\/v2\/categories?post=4705"},{"taxonomy":"post_tag","embeddable":true,"href":"https:\/\/www.arboplus.ca\/blog\/wp-json\/wp\/v2\/tags?post=4705"}],"curies":[{"name":"wp","href":"https:\/\/api.w.org\/{rel}","templated":true}]}}