{"id":4688,"date":"2017-03-20T08:00:56","date_gmt":"2017-03-20T12:00:56","guid":{"rendered":"http:\/\/www.arboplus.ca\/blog\/?p=4688"},"modified":"2017-06-27T17:45:29","modified_gmt":"2017-06-27T21:45:29","slug":"la-taille-des-arbres-fruitiers","status":"publish","type":"post","link":"https:\/\/www.arboplus.ca\/blog\/arboriculture\/la-taille-des-arbres-fruitiers.html","title":{"rendered":"La taille des arbres fruitiers"},"content":{"rendered":"<h2>La taille fruiti\u00e8re<\/h2>\n<p>La taille des arbres fruitiers est bien diff\u00e9rente de la taille des arbres ornementaux, comme l&rsquo;\u00e9rable par exemple. En effet, la taille fruiti\u00e8re d&rsquo;un pommier vise une production optimale de fruits, alors que l&rsquo;<a href=\"http:\/\/www.arboplus.ca\/fr\/emondage-arbre-laval-elagage-emondeur-laval-elagueur.html\">\u00e9lagage<\/a> d&rsquo;un \u00e9rable se fait en fonction de l&rsquo;harmonisation avec l&rsquo;environnement urbain. Nous voulons ici expliquer les bases de la taille fruiti\u00e8re pour ceux qui souhaitent une meilleure r\u00e9colte pour leurs pommiers, poiriers ou pruniers.<\/p>\n<h3>Les principes de la taille fruiti\u00e8re<\/h3>\n<p>Le but d&rsquo;une taille fruiti\u00e8re est de modifier le port d&rsquo;un arbre de sorte qu&rsquo;il produise des fruits de meilleure qualit\u00e9 et en plus grande quantit\u00e9. Ceci dit, bien des gens optent pour des arbres fruitiers comme arbre d&rsquo;ornement, en ce cas, la taille fruiti\u00e8re ne sera ni n\u00e9cessaire ni souhaitable. Pour les arbres ornementaux, on ne taille que pour d\u00e9gager les structures et pour corriger les d\u00e9fauts de l&rsquo;arbre.<\/p>\n<div style=\"text-align: center;\"><a class=\"button green medium\" href=\"http:\/\/www.arboplus.ca\/fr\/estimation-gratuite.html\" target=\"_self\">Planifier un rendez-vous pour la taille de mon arbre fruitier <i class=\"fa-chevron-circle-right\"><\/i><\/a><\/div>\n<p>L&rsquo;intervention pour une meilleure production de fruits sera une taille qui permettra \u00e0 l&rsquo;arbre de mieux profiter du soleil. Il sera aussi question d&rsquo;\u00e9quilibrer les fruits sur les branches, de sorte \u00e0 ne pas avoir d&rsquo;exc\u00e8s de poids sur celles-ci. On cherchera aussi \u00e0 diminuer l&rsquo;impact de branches qui, bien qu&rsquo;essentielles pour la sant\u00e9 de l&rsquo;arbre, ont un impact diminuant sur la fructification.<\/p>\n<p>Au final, on obtiendra un arbre fruitier traditionnel, trop souvent utilis\u00e9 comme paradigme g\u00e9n\u00e9ral pour les arbres, c&rsquo;est-\u00e0-dire un arbre de petite taille, dont la verticalit\u00e9 aura \u00e9t\u00e9 limit\u00e9e au profit de branches horizontales. \u00c0 d\u00e9faut de r\u00e9p\u00e9ter l&rsquo;avertissement, ce type de taille n&rsquo;est pas forc\u00e9ment b\u00e9n\u00e9fique pour la sant\u00e9 de l&rsquo;arbre comme tel, mais vise une production plus abondante et plus gastronomique de fruits. Ceux qui ne d\u00e9sirent profiter de leur arbre que pour l&rsquo;aspect ornemental ne devraient pas se donner le surplus de travail d&rsquo;un \u00e9lagage fruitier. De plus, l&rsquo;intervention au niveau de la t\u00eate de l&rsquo;arbre fruitier, qui vaut presque pour un <a href=\"http:\/\/www.arboplus.ca\/blog\/arboriculture\/detecter-un-probleme-dans-mon-arbre.html\">\u00e9cimage<\/a>, ne devrait jamais \u00eatre faite pour des arbres non fruitiers, bien qu&rsquo;il s&rsquo;agisse d&rsquo;une pratique bien r\u00e9pandue\u2026<\/p>\n<h3>La taille de formation de l&rsquo;arbre fruitier<\/h3>\n<p>Puisque les branches horizontales sont celles qui donneront du fruit, il sera normal de privil\u00e9gier une charpente en ce sens. Ainsi, sur les branches horizontales, on supprimera les fourches qui donnent des branches verticales. On pourra aussi d\u00e9cider de stopper la croissance verticale de l&rsquo;arbre \u00e0 une hauteur plus facile pour la cueillette, d&rsquo;autres, plus intr\u00e9pides, pourront laisser l&rsquo;arbre grandir et cueillir les fruits \u00e0 l&rsquo;aide d&rsquo;une \u00e9chelle. Du reste, on \u00e9limine une bonne partie des rameaux verticaux, car ceux-ci ne produiront que des feuilles. Il faudra pourtant en garder pour que l&rsquo;arbre puisse continuer \u00e0 produire de la photosynth\u00e8se. On peut aussi choisir de mod\u00e9rer la longueur de certains rameaux horizontaux qui, avec le poids de pommes, risquent de casser.<\/p>\n<h3>Chercher les bourgeons \u00e0 fruits<\/h3>\n<p>Les arbres fruitiers poss\u00e8dent deux types de bourgeons, les bourgeons \u00e0 fleurs et les bourgeons \u00e0 bois. Comme leur nom l&rsquo;indique, les bourgeons \u00e0 bois produisent des branches, alors que les bourgeons \u00e0 fleurs produisent les fleurs qui \u00e0 leur tour produiront des fruits. Il faut donc savoir les reconna\u00eetre.<\/p>\n<div class=\"col-md-6\">\n<div id=\"attachment_4691\" style=\"width: 310px\" class=\"wp-caption alignnone\"><a href=\"http:\/\/www.arboplus.ca\/blog\/wp-content\/uploads\/2017\/03\/bourgeon-a-bois.jpg\"><img fetchpriority=\"high\" decoding=\"async\" aria-describedby=\"caption-attachment-4691\" class=\"size-full wp-image-4691\" src=\"http:\/\/www.arboplus.ca\/blog\/wp-content\/uploads\/2017\/03\/bourgeon-a-bois.jpg\" alt=\"Bourgeon \u00e0 bois\" width=\"300\" height=\"225\" \/><\/a><p id=\"caption-attachment-4691\" class=\"wp-caption-text\">Le bourgeon \u00e0 bois (aussi appel\u00e9 le dard) est long et pointu.<\/p><\/div>\n<\/div>\n<div class=\"col-md-6\">\n<div id=\"attachment_4694\" style=\"width: 310px\" class=\"wp-caption alignnone\"><a href=\"http:\/\/www.arboplus.ca\/blog\/wp-content\/uploads\/2017\/03\/petits-bourgerons-a-bois.jpg\"><img decoding=\"async\" aria-describedby=\"caption-attachment-4694\" class=\"size-full wp-image-4694\" src=\"http:\/\/www.arboplus.ca\/blog\/wp-content\/uploads\/2017\/03\/petits-bourgerons-a-bois.jpg\" alt=\"Petits bourgerons \u00e0 bois\" width=\"300\" height=\"225\" \/><\/a><p id=\"caption-attachment-4694\" class=\"wp-caption-text\">D&rsquo;autres bourgeons \u00e0 bois sont plus petits, on les appelle les yeux \u00e0 bois.<\/p><\/div>\n<\/div>\n<p>Ces bourgeons sont ceux qui ne produiront pas imm\u00e9diatement de fruits. L&rsquo;id\u00e9e n&rsquo;est pas de les supprimer totalement, mais limiter leur proportion quant aux bourgeons \u00e0 fleurs.<\/p>\n<div class=\"col-md-6\">\n<div id=\"attachment_4692\" style=\"width: 310px\" class=\"wp-caption alignnone\"><a href=\"http:\/\/www.arboplus.ca\/blog\/wp-content\/uploads\/2017\/03\/bourgeon-a-fleurs.jpg\"><img decoding=\"async\" aria-describedby=\"caption-attachment-4692\" class=\"size-full wp-image-4692\" src=\"http:\/\/www.arboplus.ca\/blog\/wp-content\/uploads\/2017\/03\/bourgeon-a-fleurs.jpg\" alt=\"Bourgeon \u00e0 fleurs\" width=\"300\" height=\"225\" \/><\/a><p id=\"caption-attachment-4692\" class=\"wp-caption-text\">Le bourgeon \u00e0 fleurs est renfl\u00e9 et rond.<\/p><\/div>\n<\/div>\n<div class=\"col-md-6\">\n<div id=\"attachment_4693\" style=\"width: 310px\" class=\"wp-caption alignnone\"><a href=\"http:\/\/www.arboplus.ca\/blog\/wp-content\/uploads\/2017\/03\/bourse-bourgeon-cicatrise.jpg\"><img loading=\"lazy\" decoding=\"async\" aria-describedby=\"caption-attachment-4693\" class=\"size-full wp-image-4693\" src=\"http:\/\/www.arboplus.ca\/blog\/wp-content\/uploads\/2017\/03\/bourse-bourgeon-cicatrise.jpg\" alt=\"Bourse - Bourgeon cicatris\u00e9\" width=\"300\" height=\"225\" \/><\/a><p id=\"caption-attachment-4693\" class=\"wp-caption-text\">Il existe aussi la bourse, qui est un bourgeon cicatris\u00e9 laiss\u00e9 par un fruit l&rsquo;ann\u00e9e pr\u00e9c\u00e9dente.<\/p><\/div>\n<\/div>\n<p>Pour une production optimale de fruits, il faut privil\u00e9gier les bourgeons \u00e0 fruit. Ainsi, sur les rameaux horizontaux laiss\u00e9s apr\u00e8s la taille de formation, on peut observer compter les bourgeons \u00e0 bois et les bourgeons \u00e0 fleurs. Ainsi, sur une branche d&rsquo;environ un m\u00e8tre, on conservera environ cinq bourgeons \u00e0 fleurs et un ou deux bourgeons \u00e0 bois. Les bourgeons \u00e0 bois serviront au renouvellement l&rsquo;ann\u00e9e suivante, dans le but d&rsquo;avoir de nouvelles branches avec de la v\u00e9g\u00e9tation fra\u00eeche et une charpente potentielle pour une future croissance de l&rsquo;arbre.<\/p>\n<p>Pendant la taille fruiti\u00e8re, on conseille d&rsquo;en profiter pour \u00e9liminer les branches qui se croisent pour \u00e9viter les blessures et la transmission des maladies. On \u00e9claircit \u00e9galement le centre de l&rsquo;arbre pour que toutes les branches re\u00e7oivent une quantit\u00e9 \u00e9gale de lumi\u00e8re.<\/p>\n<h3>S&rsquo;adapter aux diff\u00e9rents types d&rsquo;arbres fruitiers<\/h3>\n<p>Deux grandes cat\u00e9gories nous concernent ici : les arbres \u00e0 p\u00e9pins comme le pommier et le poirier, et les arbres \u00e0 noyau comme le prunier et le cerisier. Bien que la distinction entre bourgeons \u00e0 bois et bourgeons \u00e0 fleurs demeure, il faut retenir que les arbres \u00e0 noyau sont plus fragiles et r\u00e9agissent parfois n\u00e9gativement \u00e0 la taille. On limitera donc l&rsquo;entretien \u00e0 un cycle de deux ou trois ans.<\/p>\n<div style=\"text-align: center;\"><a class=\"button green medium\" href=\"http:\/\/www.arboplus.ca\/fr\/estimation-gratuite.html\" target=\"_self\">Demander l&rsquo;avis d&rsquo;un arboriste-expert <i class=\"fa-chevron-circle-right\"><\/i><\/a><\/div>\n<p>Une autre diff\u00e9rence notable est l&rsquo;incapacit\u00e9 des arbres \u00e0 noyau de produire deux ann\u00e9es de suite des fruits sur la m\u00eame branche. Il faut donc prendre soin de laisser plus de place au d\u00e9veloppement de la charpente en gardant plus de bourgeons \u00e0 bois de sorte \u00e0 produire plus de branches capables de produire du fruit.<\/p>\n<h3>Conclusion<\/h3>\n<p>La base de la taille fruiti\u00e8re n&rsquo;est pas si difficile \u00e0 ma\u00eetriser. Ceux qui attraperont la piq\u00fbre pourront augmenter leur \u00e9rudition en faisant plus de recherche, que nous voulons encourager en offrant une petite bibliographie \u00e0 la fin de cet article. Il y aura alors tout un monde \u00e0 d\u00e9couvrir : des formes \u00e0 donner aux arbres, des mani\u00e8res d&rsquo;obtenir un rendement r\u00e9gulier de fruits, des <a href=\"http:\/\/www.arboplus.ca\/fr\/compagnonnage-vegetal-laval-culture-associee-biodiversite.html\">compagnonnages de v\u00e9g\u00e9taux<\/a> pour la pollinisation et la fertilisation, etc. Il ne s&rsquo;agit ici que d&rsquo;une petite introduction sur les bases \u00e0 conna\u00eetre, le reste est encore \u00e0 d\u00e9couvrir, tant dans la taille de l&rsquo;arbre que dans la cuisine !<\/p>\n<p>Sources :<\/p>\n<p>http:\/\/www.gerbeaud.com\/jardin\/fiches\/rameaux-bourgeons-fruitiers,1137.html<br \/>\nhttp:\/\/espacepourlavie.ca\/<br \/>\nGallerand, Jean paul, Encyclop\u00e9die de la taille des arbres fruitiers poche\u00a0\u00bb, Lulu.com, s. d.<\/p>\n<p>Recommandations :<\/p>\n<p>Cottenceau, Armelle, Tailler les arbres fruitiers en 10 le\u00e7ons et 3 coups de s\u00e9cateur&#8230;, Fleurus, 2012.<br \/>\nLe Page, Rosenn, Bien tailler tous les arbres et arbustes fruitiers, Fleurus, 2013.<\/p>\n","protected":false},"excerpt":{"rendered":"<p>La taille des arbres fruitiers est bien diff\u00e9rente de la taille des arbres ornementaux, comme l&rsquo;\u00e9rable par exemple. Nous voulons ici expliquer les bases de la taille fruiti\u00e8re pour ceux qui souhaitent une meilleure r\u00e9colte pour leurs pommiers, poiriers ou pruniers.<\/p>\n","protected":false},"author":2,"featured_media":4699,"comment_status":"open","ping_status":"open","sticky":false,"template":"","format":"standard","meta":{"footnotes":""},"categories":[10],"tags":[773,780,779,164,803,801,451,783,414,668,797,791,793,792,790,796,805,784,806,775,799,786,787,788,794,774,782,58,768,777,376,127,785,778,231,237,802,642,484,636,639,771,776,798,772,804,770,789,769,91,767,291,766,781,800,795],"class_list":["post-4688","post","type-post","status-publish","format-standard","has-post-thumbnail","hentry","category-arboriculture","tag-arbre-dornement","tag-arbre-de-petite-taille","tag-arbre-fruitier-traditionnel","tag-arbres","tag-arbres-a-noyau","tag-arbres-a-pepins","tag-arbres-fruitiers","tag-arbres-non-fruitiers","tag-arbres-ornementaux","tag-blessures","tag-bourgeon-cicatrise","tag-bourgeons","tag-bourgeons-a-bois","tag-bourgeons-a-fleurs","tag-bourgeons-a-fruits","tag-bourse","tag-cerisier","tag-charpente","tag-compagnonnages-de-vegetaux","tag-corriger-les-defauts-de-larbre","tag-croissance-de-larbre","tag-croissance-verticale","tag-cueillette","tag-cueillir-les-fruits","tag-dard","tag-degager-les-structures","tag-ecimage","tag-elagage","tag-environnement-urbain","tag-equilibrer-les-fruits","tag-erable","tag-fertilisation","tag-fourches","tag-fructification","tag-fruits","tag-photosynthese","tag-poirier","tag-poiriers","tag-pollinisation","tag-pommier","tag-pommiers","tag-port-dun-arbre","tag-production-de-fruits","tag-production-optimale-de-fruits","tag-produise-des-fruits","tag-prunier","tag-pruniers","tag-rameaux-verticaux","tag-recolte","tag-sante-de-larbre","tag-taille","tag-taille-de-formation","tag-taille-fruitiere","tag-tete-de-larbre","tag-transmission-des-maladies","tag-yeux-a-bois"],"yoast_head":"<!-- This site is optimized with the Yoast SEO plugin v24.7 - https:\/\/yoast.com\/wordpress\/plugins\/seo\/ -->\n<title>La taille des arbres fruitiers - Taille fruiti\u00e8re - Arboplus<\/title>\n<meta name=\"description\" content=\"La taille des arbres fruitiers est bien diff\u00e9rente de la taille des arbres ornementaux, comme l&#039;\u00e9rable par exemple. Nous voulons ici expliquer les bases de la taille fruiti\u00e8re pour ceux qui souhaitent une meilleure r\u00e9colte pour leurs pommiers, poiriers ou pruniers.\" \/>\n<meta name=\"robots\" content=\"index, follow, max-snippet:-1, max-image-preview:large, max-video-preview:-1\" \/>\n<link rel=\"canonical\" href=\"https:\/\/www.arboplus.ca\/blog\/arboriculture\/la-taille-des-arbres-fruitiers.html\" \/>\n<meta property=\"og:locale\" content=\"fr_CA\" \/>\n<meta property=\"og:type\" content=\"article\" \/>\n<meta property=\"og:title\" content=\"La taille des arbres fruitiers - Taille fruiti\u00e8re - Arboplus\" \/>\n<meta property=\"og:description\" content=\"La taille des arbres fruitiers est bien diff\u00e9rente de la taille des arbres ornementaux, comme l&#039;\u00e9rable par exemple. Nous voulons ici expliquer les bases de la taille fruiti\u00e8re pour ceux qui souhaitent une meilleure r\u00e9colte pour leurs pommiers, poiriers ou pruniers.\" \/>\n<meta property=\"og:url\" content=\"https:\/\/www.arboplus.ca\/blog\/arboriculture\/la-taille-des-arbres-fruitiers.html\" \/>\n<meta property=\"og:site_name\" content=\"Arboplus\" \/>\n<meta property=\"article:published_time\" content=\"2017-03-20T12:00:56+00:00\" \/>\n<meta property=\"article:modified_time\" content=\"2017-06-27T21:45:29+00:00\" \/>\n<meta property=\"og:image\" content=\"https:\/\/www.arboplus.ca\/blog\/wp-content\/uploads\/2017\/03\/la-taille-des-arbres-fruitier.jpg\" \/>\n\t<meta property=\"og:image:width\" content=\"1920\" \/>\n\t<meta property=\"og:image:height\" content=\"1080\" \/>\n\t<meta property=\"og:image:type\" content=\"image\/jpeg\" \/>\n<meta name=\"author\" content=\"Dominic Perugino\" \/>\n<meta name=\"twitter:label1\" content=\"\u00c9crit par\" \/>\n\t<meta name=\"twitter:data1\" content=\"Dominic Perugino\" \/>\n\t<meta name=\"twitter:label2\" content=\"Estimation du temps de lecture\" \/>\n\t<meta name=\"twitter:data2\" content=\"6 minutes\" \/>\n<script type=\"application\/ld+json\" class=\"yoast-schema-graph\">{\"@context\":\"https:\/\/schema.org\",\"@graph\":[{\"@type\":\"WebPage\",\"@id\":\"https:\/\/www.arboplus.ca\/blog\/arboriculture\/la-taille-des-arbres-fruitiers.html\",\"url\":\"https:\/\/www.arboplus.ca\/blog\/arboriculture\/la-taille-des-arbres-fruitiers.html\",\"name\":\"La taille des arbres fruitiers - Taille fruiti\u00e8re - Arboplus\",\"isPartOf\":{\"@id\":\"https:\/\/www.arboplus.ca\/blog\/#website\"},\"primaryImageOfPage\":{\"@id\":\"https:\/\/www.arboplus.ca\/blog\/arboriculture\/la-taille-des-arbres-fruitiers.html#primaryimage\"},\"image\":{\"@id\":\"https:\/\/www.arboplus.ca\/blog\/arboriculture\/la-taille-des-arbres-fruitiers.html#primaryimage\"},\"thumbnailUrl\":\"https:\/\/www.arboplus.ca\/blog\/wp-content\/uploads\/2017\/03\/la-taille-des-arbres-fruitier.jpg\",\"datePublished\":\"2017-03-20T12:00:56+00:00\",\"dateModified\":\"2017-06-27T21:45:29+00:00\",\"author\":{\"@id\":\"https:\/\/www.arboplus.ca\/blog\/#\/schema\/person\/c4e4c82ad12349aafba47d44193f5540\"},\"description\":\"La taille des arbres fruitiers est bien diff\u00e9rente de la taille des arbres ornementaux, comme l'\u00e9rable par exemple. Nous voulons ici expliquer les bases de la taille fruiti\u00e8re pour ceux qui souhaitent une meilleure r\u00e9colte pour leurs pommiers, poiriers ou pruniers.\",\"breadcrumb\":{\"@id\":\"https:\/\/www.arboplus.ca\/blog\/arboriculture\/la-taille-des-arbres-fruitiers.html#breadcrumb\"},\"inLanguage\":\"fr-CA\",\"potentialAction\":[{\"@type\":\"ReadAction\",\"target\":[\"https:\/\/www.arboplus.ca\/blog\/arboriculture\/la-taille-des-arbres-fruitiers.html\"]}]},{\"@type\":\"ImageObject\",\"inLanguage\":\"fr-CA\",\"@id\":\"https:\/\/www.arboplus.ca\/blog\/arboriculture\/la-taille-des-arbres-fruitiers.html#primaryimage\",\"url\":\"https:\/\/www.arboplus.ca\/blog\/wp-content\/uploads\/2017\/03\/la-taille-des-arbres-fruitier.jpg\",\"contentUrl\":\"https:\/\/www.arboplus.ca\/blog\/wp-content\/uploads\/2017\/03\/la-taille-des-arbres-fruitier.jpg\",\"width\":1920,\"height\":1080,\"caption\":\"La taille des arbres fruitier\"},{\"@type\":\"BreadcrumbList\",\"@id\":\"https:\/\/www.arboplus.ca\/blog\/arboriculture\/la-taille-des-arbres-fruitiers.html#breadcrumb\",\"itemListElement\":[{\"@type\":\"ListItem\",\"position\":1,\"name\":\"Accueil\",\"item\":\"https:\/\/www.arboplus.ca\/blog\/\"},{\"@type\":\"ListItem\",\"position\":2,\"name\":\"La taille des arbres fruitiers\"}]},{\"@type\":\"WebSite\",\"@id\":\"https:\/\/www.arboplus.ca\/blog\/#website\",\"url\":\"https:\/\/www.arboplus.ca\/blog\/\",\"name\":\"Arboplus\",\"description\":\"Magazine arboricole\",\"potentialAction\":[{\"@type\":\"SearchAction\",\"target\":{\"@type\":\"EntryPoint\",\"urlTemplate\":\"https:\/\/www.arboplus.ca\/blog\/?s={search_term_string}\"},\"query-input\":{\"@type\":\"PropertyValueSpecification\",\"valueRequired\":true,\"valueName\":\"search_term_string\"}}],\"inLanguage\":\"fr-CA\"},{\"@type\":\"Person\",\"@id\":\"https:\/\/www.arboplus.ca\/blog\/#\/schema\/person\/c4e4c82ad12349aafba47d44193f5540\",\"name\":\"Dominic Perugino\",\"image\":{\"@type\":\"ImageObject\",\"inLanguage\":\"fr-CA\",\"@id\":\"https:\/\/www.arboplus.ca\/blog\/#\/schema\/person\/image\/\",\"url\":\"https:\/\/secure.gravatar.com\/avatar\/0027ec1e3f6852cb4655750d4303f090?s=96&d=mm&r=g\",\"contentUrl\":\"https:\/\/secure.gravatar.com\/avatar\/0027ec1e3f6852cb4655750d4303f090?s=96&d=mm&r=g\",\"caption\":\"Dominic Perugino\"},\"url\":\"https:\/\/www.arboplus.ca\/blog\/author\/dominic-perugino\"}]}<\/script>\n<!-- \/ Yoast SEO plugin. -->","yoast_head_json":{"title":"La taille des arbres fruitiers - Taille fruiti\u00e8re - Arboplus","description":"La taille des arbres fruitiers est bien diff\u00e9rente de la taille des arbres ornementaux, comme l'\u00e9rable par exemple. Nous voulons ici expliquer les bases de la taille fruiti\u00e8re pour ceux qui souhaitent une meilleure r\u00e9colte pour leurs pommiers, poiriers ou pruniers.","robots":{"index":"index","follow":"follow","max-snippet":"max-snippet:-1","max-image-preview":"max-image-preview:large","max-video-preview":"max-video-preview:-1"},"canonical":"https:\/\/www.arboplus.ca\/blog\/arboriculture\/la-taille-des-arbres-fruitiers.html","og_locale":"fr_CA","og_type":"article","og_title":"La taille des arbres fruitiers - Taille fruiti\u00e8re - Arboplus","og_description":"La taille des arbres fruitiers est bien diff\u00e9rente de la taille des arbres ornementaux, comme l'\u00e9rable par exemple. Nous voulons ici expliquer les bases de la taille fruiti\u00e8re pour ceux qui souhaitent une meilleure r\u00e9colte pour leurs pommiers, poiriers ou pruniers.","og_url":"https:\/\/www.arboplus.ca\/blog\/arboriculture\/la-taille-des-arbres-fruitiers.html","og_site_name":"Arboplus","article_published_time":"2017-03-20T12:00:56+00:00","article_modified_time":"2017-06-27T21:45:29+00:00","og_image":[{"width":1920,"height":1080,"url":"https:\/\/www.arboplus.ca\/blog\/wp-content\/uploads\/2017\/03\/la-taille-des-arbres-fruitier.jpg","type":"image\/jpeg"}],"author":"Dominic Perugino","twitter_misc":{"\u00c9crit par":"Dominic Perugino","Estimation du temps de lecture":"6 minutes"},"schema":{"@context":"https:\/\/schema.org","@graph":[{"@type":"WebPage","@id":"https:\/\/www.arboplus.ca\/blog\/arboriculture\/la-taille-des-arbres-fruitiers.html","url":"https:\/\/www.arboplus.ca\/blog\/arboriculture\/la-taille-des-arbres-fruitiers.html","name":"La taille des arbres fruitiers - Taille fruiti\u00e8re - Arboplus","isPartOf":{"@id":"https:\/\/www.arboplus.ca\/blog\/#website"},"primaryImageOfPage":{"@id":"https:\/\/www.arboplus.ca\/blog\/arboriculture\/la-taille-des-arbres-fruitiers.html#primaryimage"},"image":{"@id":"https:\/\/www.arboplus.ca\/blog\/arboriculture\/la-taille-des-arbres-fruitiers.html#primaryimage"},"thumbnailUrl":"https:\/\/www.arboplus.ca\/blog\/wp-content\/uploads\/2017\/03\/la-taille-des-arbres-fruitier.jpg","datePublished":"2017-03-20T12:00:56+00:00","dateModified":"2017-06-27T21:45:29+00:00","author":{"@id":"https:\/\/www.arboplus.ca\/blog\/#\/schema\/person\/c4e4c82ad12349aafba47d44193f5540"},"description":"La taille des arbres fruitiers est bien diff\u00e9rente de la taille des arbres ornementaux, comme l'\u00e9rable par exemple. Nous voulons ici expliquer les bases de la taille fruiti\u00e8re pour ceux qui souhaitent une meilleure r\u00e9colte pour leurs pommiers, poiriers ou pruniers.","breadcrumb":{"@id":"https:\/\/www.arboplus.ca\/blog\/arboriculture\/la-taille-des-arbres-fruitiers.html#breadcrumb"},"inLanguage":"fr-CA","potentialAction":[{"@type":"ReadAction","target":["https:\/\/www.arboplus.ca\/blog\/arboriculture\/la-taille-des-arbres-fruitiers.html"]}]},{"@type":"ImageObject","inLanguage":"fr-CA","@id":"https:\/\/www.arboplus.ca\/blog\/arboriculture\/la-taille-des-arbres-fruitiers.html#primaryimage","url":"https:\/\/www.arboplus.ca\/blog\/wp-content\/uploads\/2017\/03\/la-taille-des-arbres-fruitier.jpg","contentUrl":"https:\/\/www.arboplus.ca\/blog\/wp-content\/uploads\/2017\/03\/la-taille-des-arbres-fruitier.jpg","width":1920,"height":1080,"caption":"La taille des arbres fruitier"},{"@type":"BreadcrumbList","@id":"https:\/\/www.arboplus.ca\/blog\/arboriculture\/la-taille-des-arbres-fruitiers.html#breadcrumb","itemListElement":[{"@type":"ListItem","position":1,"name":"Accueil","item":"https:\/\/www.arboplus.ca\/blog\/"},{"@type":"ListItem","position":2,"name":"La taille des arbres fruitiers"}]},{"@type":"WebSite","@id":"https:\/\/www.arboplus.ca\/blog\/#website","url":"https:\/\/www.arboplus.ca\/blog\/","name":"Arboplus","description":"Magazine arboricole","potentialAction":[{"@type":"SearchAction","target":{"@type":"EntryPoint","urlTemplate":"https:\/\/www.arboplus.ca\/blog\/?s={search_term_string}"},"query-input":{"@type":"PropertyValueSpecification","valueRequired":true,"valueName":"search_term_string"}}],"inLanguage":"fr-CA"},{"@type":"Person","@id":"https:\/\/www.arboplus.ca\/blog\/#\/schema\/person\/c4e4c82ad12349aafba47d44193f5540","name":"Dominic Perugino","image":{"@type":"ImageObject","inLanguage":"fr-CA","@id":"https:\/\/www.arboplus.ca\/blog\/#\/schema\/person\/image\/","url":"https:\/\/secure.gravatar.com\/avatar\/0027ec1e3f6852cb4655750d4303f090?s=96&d=mm&r=g","contentUrl":"https:\/\/secure.gravatar.com\/avatar\/0027ec1e3f6852cb4655750d4303f090?s=96&d=mm&r=g","caption":"Dominic Perugino"},"url":"https:\/\/www.arboplus.ca\/blog\/author\/dominic-perugino"}]}},"_links":{"self":[{"href":"https:\/\/www.arboplus.ca\/blog\/wp-json\/wp\/v2\/posts\/4688","targetHints":{"allow":["GET"]}}],"collection":[{"href":"https:\/\/www.arboplus.ca\/blog\/wp-json\/wp\/v2\/posts"}],"about":[{"href":"https:\/\/www.arboplus.ca\/blog\/wp-json\/wp\/v2\/types\/post"}],"author":[{"embeddable":true,"href":"https:\/\/www.arboplus.ca\/blog\/wp-json\/wp\/v2\/users\/2"}],"replies":[{"embeddable":true,"href":"https:\/\/www.arboplus.ca\/blog\/wp-json\/wp\/v2\/comments?post=4688"}],"version-history":[{"count":8,"href":"https:\/\/www.arboplus.ca\/blog\/wp-json\/wp\/v2\/posts\/4688\/revisions"}],"predecessor-version":[{"id":4862,"href":"https:\/\/www.arboplus.ca\/blog\/wp-json\/wp\/v2\/posts\/4688\/revisions\/4862"}],"wp:featuredmedia":[{"embeddable":true,"href":"https:\/\/www.arboplus.ca\/blog\/wp-json\/wp\/v2\/media\/4699"}],"wp:attachment":[{"href":"https:\/\/www.arboplus.ca\/blog\/wp-json\/wp\/v2\/media?parent=4688"}],"wp:term":[{"taxonomy":"category","embeddable":true,"href":"https:\/\/www.arboplus.ca\/blog\/wp-json\/wp\/v2\/categories?post=4688"},{"taxonomy":"post_tag","embeddable":true,"href":"https:\/\/www.arboplus.ca\/blog\/wp-json\/wp\/v2\/tags?post=4688"}],"curies":[{"name":"wp","href":"https:\/\/api.w.org\/{rel}","templated":true}]}}