{"id":4608,"date":"2016-05-06T08:00:28","date_gmt":"2016-05-06T12:00:28","guid":{"rendered":"http:\/\/www.arboplus.ca\/blog\/?p=4608"},"modified":"2022-04-12T10:03:42","modified_gmt":"2022-04-12T14:03:42","slug":"mon-arbre-notre-faune","status":"publish","type":"post","link":"https:\/\/www.arboplus.ca\/blog\/developpement-durable\/mon-arbre-notre-faune.html","title":{"rendered":"Mon arbre, notre faune"},"content":{"rendered":"<p>Dans le dernier article concernant l\u2019<a href=\"http:\/\/www.arboplus.ca\/blog\/developpement-durable\/une-approche-ecosystemique.html\">approche \u00e9cosyst\u00e9mique en d\u00e9veloppement durable<\/a>, nous avons d\u00e9montr\u00e9 comment la compr\u00e9hension des structures trophiques (c\u2019est-\u00e0-dire les rapports de nutrition entre les diff\u00e9rentes esp\u00e8ces) peut aider \u00e0 g\u00e9rer la faune urbaine de fa\u00e7on optimale. En effet, la v\u00e9g\u00e9tation, <a href=\"https:\/\/www.arboplus.ca\/blog\/developpement-durable\/lutte-biologique-contre-les-insectes.html\">les insectes<\/a> et les animaux ne cessent pas d\u2019agir en interaction \u00e9troite avec l\u2019environnement lorsque nous nous trouvons en ville. Les changements et les transformations que l\u2019\u00eatre humain apporte \u00e0 son environnement perturbent les communaut\u00e9s naturelles des \u00e9cosyst\u00e8mes. Or, l\u2019approche \u00e0 adopter, et qui est pr\u00f4n\u00e9e par le <a href=\"http:\/\/www.arboplus.ca\/blog\/category\/developpement-durable\">d\u00e9veloppement durable<\/a>, n\u2019est pas de retourner \u00e0 un mode de vie sauvage ou primitive. L\u2019id\u00e9e est de conna\u00eetre le mieux possible les relations entre les diff\u00e9rents membres de la communaut\u00e9 v\u00e9g\u00e9tale et animale indig\u00e8ne pour faire des choix qui peuvent b\u00e9n\u00e9ficier pour nous, mais aussi pour la faune urbaine.<\/p>\n<h3>Communaut\u00e9s et structures trophiques<\/h3>\n<p>L\u2019\u00e9chelle trophique est assez simple. Les v\u00e9g\u00e9taux ont le r\u00f4le trophique de producteurs, car ce sont eux qui produisent de la biomasse en ne consommant presque rien, si ce n\u2019est que de l\u2019eau, des min\u00e9raux et quelques petits rayons de soleil. Cette biomasse n\u2019est autre que la masse de mati\u00e8re vivante, formant un \u00e9quilibre de vie animale et v\u00e9g\u00e9tale dans des milieux biologiques quelconques. Les v\u00e9g\u00e9taux sont aussi appel\u00e9s autotrophes, par le fait qu\u2019ils sont quasi autonomes dans la communaut\u00e9 trophique.<\/p>\n<p>Puis, il y a les consommateurs, ce sont les insectes, les animaux, et vous, et moi. Il s\u2019agit des herbivores, des pr\u00e9dateurs ou m\u00eame des parasites. Les consommateurs sont dits h\u00e9t\u00e9rotrophes, car ils ont besoin de l\u2019\u00e9nergie produite par une autre esp\u00e8ce, que ce soit v\u00e9g\u00e9tale ou animale.<\/p>\n<p>Ainsi, en observant les communaut\u00e9s biologiques indig\u00e8nes des \u00e9cosyst\u00e8mes, il est possible de pr\u00e9voir le r\u00e9sultat de certains changements amen\u00e9s par nos am\u00e9nagements. Par exemple, si, \u00e0 un endroit donn\u00e9, se trouve une abondance d\u2019un certain type de v\u00e9g\u00e9taux (en raison d\u2019un certain <a href=\"https:\/\/www.arboplus.ca\/blog\/developpement-durable\/le-sol-une-vie-en-soi.html\">type de sol<\/a> et\/ou insectes), il se trouvera, dans la communaut\u00e9, des consommateurs adapt\u00e9s \u00e0 cette production de biomasse. Et alors, dans ce syst\u00e8me, se trouve tout un \u00e9quilibre fragile de relations entre pr\u00e9dateurs, herbivores et parasites. Disons que se voit b\u00e2tir une ville dans ce m\u00eame milieu. Les<a href=\"https:\/\/www.arboplus.ca\/blog\/essences-arbres\/arbres-indigenes.html\"> v\u00e9g\u00e9taux indig\u00e8nes<\/a> sont ras\u00e9s, soit parce qu\u2019ils prennent de la place, soit parce qu\u2019on les a baptis\u00e9s de \u00ab mauvaises herbes \u00bb. Par suite, les habitants am\u00e9nagent les lieux par des v\u00e9g\u00e9taux qui leur plaisent, mais qui attire de nouveaux consommateurs, que ce soit insectes ou animaux. Le r\u00e9sultat : la communaut\u00e9 est perturb\u00e9e, plusieurs esp\u00e8ces dispara\u00eetront, et le tout fait boule de neige avec toutes sortes de probl\u00e8mes li\u00e9s \u00e0 notre environnement. En l\u2019occurrence, ce sont les maladies de nos v\u00e9g\u00e9taux qui deviennent incontr\u00f4lables, ce qui est souvent palli\u00e9 par des produits chimiques, qui \u00e0 leurs tours am\u00e8nent d\u2019importantes perturbations.<\/p>\n<h3>L\u2019application dans diff\u00e9rents domaines<\/h3>\n<p>Bien s\u00fbr, avec des choix avis\u00e9s, ax\u00e9s sur des v\u00e9g\u00e9taux locaux, indig\u00e8nes et vari\u00e9s, il est possible d\u2019avoir des am\u00e9nagements qui maintiennent la faune locale \u00e0 un niveau de sant\u00e9 acceptable et qui permettent la survie des esp\u00e8ces animales indig\u00e8nes. Si les perturbations sont limit\u00e9es, avec le temps, la diversit\u00e9 des esp\u00e8ces et la structure trophique peuvent retrouver leur stabilit\u00e9. Comme en t\u00e9moigne la r\u00e9silience de certains \u00e9cosyst\u00e8mes qui ont surv\u00e9cu \u00e0 des incendies ou des inondations, avec un peu d\u2019amour, nos milieux urbains pourront \u00eatre des havres de paix pour la faune.<\/p>\n<p>Ici sont invit\u00e9s tous ceux et celles qui ont pour m\u00e9tier la production ou la modification des v\u00e9g\u00e9taux. Les agriculteurs ont de plus en plus acc\u00e8s \u00e0 des alternatives naturelles aux pesticides, mais il faut aller plus loin encore. Dans leur cas, il s\u2019agit d\u2019utiliser les connaissances des \u00e9cosyst\u00e8mes pour cr\u00e9er des agro\u00e9cosyst\u00e8mes qui permettront de la meilleure production tout en am\u00e9liorant le sort de l\u2019environnement. En cr\u00e9ant des syst\u00e8mes o\u00f9 les plantes sont agenc\u00e9es en fonction de leur compl\u00e9mentarit\u00e9, on obtient des agro\u00e9cosyst\u00e8mes plus r\u00e9silients contre les parasites et susceptibles de meilleures r\u00e9coltes. Toutes sortes de maux sont alors diminu\u00e9s ou \u00e9limin\u00e9s, car l\u2019utilisation d\u2019engrais et de pesticides diminue consid\u00e9rablement.<\/p>\n<p>Si les agriculteurs savent que des changements peuvent amener des r\u00e9sultats durables, l\u2019<a href=\"http:\/\/www.arboplus.ca\/fr\/amenagement-paysager-comestible-laval.html\">am\u00e9nagement paysager<\/a> a son bout de chemin \u00e0 faire. En effet, les am\u00e9nagements ne se font que tr\u00e8s rarement avec l\u2019aide de nos experts en \u00e9cologie. Pourtant, en combinant nature, culture et paysagement, nous pourrions contrer la d\u00e9gradation de nos ressources. En premier lieu, il faudrait se demander s\u2019il y a des esp\u00e8ces v\u00e9g\u00e9tales ou animales qui pourraient souffrir de nos choix d\u2019am\u00e9nagement et voir si des alternatives durables et productives existent. Nos choix de v\u00e9g\u00e9taux vont-ils faire d\u00e9cro\u00eetre la vie animale indig\u00e8ne et accro\u00eetre la non-indig\u00e8ne? Sachant qu\u2019un centre-ville est g\u00e9n\u00e9ralement compos\u00e9 de 80 % de pav\u00e9 et de b\u00e2timent et de 20 % de v\u00e9g\u00e9taux, il est important d\u2019optimiser ce peu d\u2019espace vert pour contrer l\u2019homog\u00e9n\u00e9isation de la flore.<\/p>\n<p>Pour nous qui sommes <a href=\"http:\/\/www.arboplus.ca\/fr\/emondage-arbre-laval-elagage-emondeur-laval-elagueur.html\">\u00e9mondeurs<\/a> et arboristes, notre mandant est le maintient d\u2019arbres en sant\u00e9. Si le pourcentage de v\u00e9g\u00e9tation est plus \u00e9lev\u00e9 en banlieue qu\u2019au centre-ville, il n\u2019en demeure pas moins notre t\u00e2che de pourvoir, pour nous et les g\u00e9n\u00e9rations futures, une v\u00e9g\u00e9tation dense et productive. Notre r\u00f4le n\u2019est pas d\u2019ex\u00e9cuter servilement toutes les demandes des clients, mais plut\u00f4t d\u2019apporter de l\u2019information pour sensibiliser les gens quant \u00e0 la sant\u00e9 de leurs arbres. \u00c0 nous de conseiller les clients pour <a href=\"https:\/\/www.arboplus.ca\/blog\/arboriculture\/comment-planter-un-arbre.html\">la plantation d\u2019arbres<\/a>, \u00e0 nous d\u2019insister pour r\u00e9parer plut\u00f4t que d\u2019<a href=\"http:\/\/www.arboplus.ca\/fr\/abattage-arbre-laval-couper-un-arbre-laval-demontage.html\">abattre les arbres<\/a>, \u00e0 nous de ne pas couper plus que n\u00e9cessaire.<\/p>\n<blockquote class=\"max-quote\"><h2>\u00c0 nous, et \u00e0 tous, l\u2019intendance de la cr\u00e9ation.<\/h2><cite title=\"\">Dominic Perugino <small> - Arboriste<\/small><\/cite><\/blockquote>\n","protected":false},"excerpt":{"rendered":"<p>Dans le dernier article concernant l\u2019approche \u00e9cosyst\u00e9mique en d\u00e9veloppement durable, nous avons d\u00e9montr\u00e9 comment la compr\u00e9hension des structures trophiques (c\u2019est-\u00e0-dire les rapports de nutrition entre les diff\u00e9rentes esp\u00e8ces) peut aider \u00e0 g\u00e9rer la faune urbaine de fa\u00e7on optimale. En effet, la v\u00e9g\u00e9tation, les insectes et les animaux ne cessent pas d\u2019agir en interaction \u00e9troite avec l\u2019environnement lorsque nous nous trouvons en ville. Les changements et&#8230; <\/p>\n<p><a class=\"readmore\" href=\"https:\/\/www.arboplus.ca\/blog\/developpement-durable\/mon-arbre-notre-faune.html\">Lire l&rsquo;article<\/a><\/p>\n","protected":false},"author":2,"featured_media":4612,"comment_status":"open","ping_status":"open","sticky":false,"template":"","format":"standard","meta":{"footnotes":""},"categories":[6],"tags":[255,616,385,605,618,610,215,613,608,151,609,188,336,198,615,52,611,612,617,162,165,183,619,606,607,614],"class_list":["post-4608","post","type-post","status-publish","format-standard","has-post-thumbnail","hentry","category-developpement-durable","tag-agriculteurs","tag-agroecosystemes","tag-animaux","tag-approche-ecosystemique","tag-arboristes","tag-autotrophes","tag-biomasse","tag-communautes-biologiques-indigenes","tag-communautes-naturelles","tag-developpement-durable","tag-echelle-trophique","tag-ecosystemes","tag-emondeurs","tag-engrais","tag-especes-animales-indigenes","tag-faune-urbaine","tag-herbivores","tag-heterotrophes","tag-homogeneisation-de-la-flore","tag-insectes","tag-parasites","tag-pesticides","tag-plantation-darbres","tag-structures-trophiques","tag-vegetation","tag-vegetaux-indigenes"],"yoast_head":"<!-- This site is optimized with the Yoast SEO plugin v24.7 - https:\/\/yoast.com\/wordpress\/plugins\/seo\/ -->\n<title>Mon arbre, notre faune - Arboplus<\/title>\n<meta name=\"robots\" content=\"index, follow, max-snippet:-1, max-image-preview:large, max-video-preview:-1\" \/>\n<link rel=\"canonical\" href=\"https:\/\/www.arboplus.ca\/blog\/developpement-durable\/mon-arbre-notre-faune.html\" \/>\n<meta property=\"og:locale\" content=\"fr_CA\" \/>\n<meta property=\"og:type\" content=\"article\" \/>\n<meta property=\"og:title\" content=\"Mon arbre, notre faune - Arboplus\" \/>\n<meta property=\"og:description\" content=\"Dans le dernier article concernant l\u2019approche \u00e9cosyst\u00e9mique en d\u00e9veloppement durable, nous avons d\u00e9montr\u00e9 comment la compr\u00e9hension des structures trophiques (c\u2019est-\u00e0-dire les rapports de nutrition entre les diff\u00e9rentes esp\u00e8ces) peut aider \u00e0 g\u00e9rer la faune urbaine de fa\u00e7on optimale. En effet, la v\u00e9g\u00e9tation, les insectes et les animaux ne cessent pas d\u2019agir en interaction \u00e9troite avec l\u2019environnement lorsque nous nous trouvons en ville. Les changements et... Lire l&#039;article\" \/>\n<meta property=\"og:url\" content=\"https:\/\/www.arboplus.ca\/blog\/developpement-durable\/mon-arbre-notre-faune.html\" \/>\n<meta property=\"og:site_name\" content=\"Arboplus\" \/>\n<meta property=\"article:published_time\" content=\"2016-05-06T12:00:28+00:00\" \/>\n<meta property=\"article:modified_time\" content=\"2022-04-12T14:03:42+00:00\" \/>\n<meta property=\"og:image\" content=\"https:\/\/www.arboplus.ca\/blog\/wp-content\/uploads\/2016\/05\/mon-arbre-notre-faune.jpg\" \/>\n\t<meta property=\"og:image:width\" content=\"1920\" \/>\n\t<meta property=\"og:image:height\" content=\"1080\" \/>\n\t<meta property=\"og:image:type\" content=\"image\/jpeg\" \/>\n<meta name=\"author\" content=\"Dominic Perugino\" \/>\n<meta name=\"twitter:label1\" content=\"\u00c9crit par\" \/>\n\t<meta name=\"twitter:data1\" content=\"Dominic Perugino\" \/>\n\t<meta name=\"twitter:label2\" content=\"Estimation du temps de lecture\" \/>\n\t<meta name=\"twitter:data2\" content=\"5 minutes\" \/>\n<script type=\"application\/ld+json\" class=\"yoast-schema-graph\">{\"@context\":\"https:\/\/schema.org\",\"@graph\":[{\"@type\":\"WebPage\",\"@id\":\"https:\/\/www.arboplus.ca\/blog\/developpement-durable\/mon-arbre-notre-faune.html\",\"url\":\"https:\/\/www.arboplus.ca\/blog\/developpement-durable\/mon-arbre-notre-faune.html\",\"name\":\"Mon arbre, notre faune - Arboplus\",\"isPartOf\":{\"@id\":\"https:\/\/www.arboplus.ca\/blog\/#website\"},\"primaryImageOfPage\":{\"@id\":\"https:\/\/www.arboplus.ca\/blog\/developpement-durable\/mon-arbre-notre-faune.html#primaryimage\"},\"image\":{\"@id\":\"https:\/\/www.arboplus.ca\/blog\/developpement-durable\/mon-arbre-notre-faune.html#primaryimage\"},\"thumbnailUrl\":\"https:\/\/www.arboplus.ca\/blog\/wp-content\/uploads\/2016\/05\/mon-arbre-notre-faune.jpg\",\"datePublished\":\"2016-05-06T12:00:28+00:00\",\"dateModified\":\"2022-04-12T14:03:42+00:00\",\"author\":{\"@id\":\"https:\/\/www.arboplus.ca\/blog\/#\/schema\/person\/c4e4c82ad12349aafba47d44193f5540\"},\"breadcrumb\":{\"@id\":\"https:\/\/www.arboplus.ca\/blog\/developpement-durable\/mon-arbre-notre-faune.html#breadcrumb\"},\"inLanguage\":\"fr-CA\",\"potentialAction\":[{\"@type\":\"ReadAction\",\"target\":[\"https:\/\/www.arboplus.ca\/blog\/developpement-durable\/mon-arbre-notre-faune.html\"]}]},{\"@type\":\"ImageObject\",\"inLanguage\":\"fr-CA\",\"@id\":\"https:\/\/www.arboplus.ca\/blog\/developpement-durable\/mon-arbre-notre-faune.html#primaryimage\",\"url\":\"https:\/\/www.arboplus.ca\/blog\/wp-content\/uploads\/2016\/05\/mon-arbre-notre-faune.jpg\",\"contentUrl\":\"https:\/\/www.arboplus.ca\/blog\/wp-content\/uploads\/2016\/05\/mon-arbre-notre-faune.jpg\",\"width\":1920,\"height\":1080,\"caption\":\"Mon arbre, notre faune - D\u00e9veloppement durable\"},{\"@type\":\"BreadcrumbList\",\"@id\":\"https:\/\/www.arboplus.ca\/blog\/developpement-durable\/mon-arbre-notre-faune.html#breadcrumb\",\"itemListElement\":[{\"@type\":\"ListItem\",\"position\":1,\"name\":\"Accueil\",\"item\":\"https:\/\/www.arboplus.ca\/blog\/\"},{\"@type\":\"ListItem\",\"position\":2,\"name\":\"Mon arbre, notre faune\"}]},{\"@type\":\"WebSite\",\"@id\":\"https:\/\/www.arboplus.ca\/blog\/#website\",\"url\":\"https:\/\/www.arboplus.ca\/blog\/\",\"name\":\"Arboplus\",\"description\":\"Magazine arboricole\",\"potentialAction\":[{\"@type\":\"SearchAction\",\"target\":{\"@type\":\"EntryPoint\",\"urlTemplate\":\"https:\/\/www.arboplus.ca\/blog\/?s={search_term_string}\"},\"query-input\":{\"@type\":\"PropertyValueSpecification\",\"valueRequired\":true,\"valueName\":\"search_term_string\"}}],\"inLanguage\":\"fr-CA\"},{\"@type\":\"Person\",\"@id\":\"https:\/\/www.arboplus.ca\/blog\/#\/schema\/person\/c4e4c82ad12349aafba47d44193f5540\",\"name\":\"Dominic Perugino\",\"image\":{\"@type\":\"ImageObject\",\"inLanguage\":\"fr-CA\",\"@id\":\"https:\/\/www.arboplus.ca\/blog\/#\/schema\/person\/image\/\",\"url\":\"https:\/\/secure.gravatar.com\/avatar\/0027ec1e3f6852cb4655750d4303f090?s=96&d=mm&r=g\",\"contentUrl\":\"https:\/\/secure.gravatar.com\/avatar\/0027ec1e3f6852cb4655750d4303f090?s=96&d=mm&r=g\",\"caption\":\"Dominic Perugino\"},\"url\":\"https:\/\/www.arboplus.ca\/blog\/author\/dominic-perugino\"}]}<\/script>\n<!-- \/ Yoast SEO plugin. -->","yoast_head_json":{"title":"Mon arbre, notre faune - Arboplus","robots":{"index":"index","follow":"follow","max-snippet":"max-snippet:-1","max-image-preview":"max-image-preview:large","max-video-preview":"max-video-preview:-1"},"canonical":"https:\/\/www.arboplus.ca\/blog\/developpement-durable\/mon-arbre-notre-faune.html","og_locale":"fr_CA","og_type":"article","og_title":"Mon arbre, notre faune - Arboplus","og_description":"Dans le dernier article concernant l\u2019approche \u00e9cosyst\u00e9mique en d\u00e9veloppement durable, nous avons d\u00e9montr\u00e9 comment la compr\u00e9hension des structures trophiques (c\u2019est-\u00e0-dire les rapports de nutrition entre les diff\u00e9rentes esp\u00e8ces) peut aider \u00e0 g\u00e9rer la faune urbaine de fa\u00e7on optimale. En effet, la v\u00e9g\u00e9tation, les insectes et les animaux ne cessent pas d\u2019agir en interaction \u00e9troite avec l\u2019environnement lorsque nous nous trouvons en ville. Les changements et... Lire l'article","og_url":"https:\/\/www.arboplus.ca\/blog\/developpement-durable\/mon-arbre-notre-faune.html","og_site_name":"Arboplus","article_published_time":"2016-05-06T12:00:28+00:00","article_modified_time":"2022-04-12T14:03:42+00:00","og_image":[{"width":1920,"height":1080,"url":"https:\/\/www.arboplus.ca\/blog\/wp-content\/uploads\/2016\/05\/mon-arbre-notre-faune.jpg","type":"image\/jpeg"}],"author":"Dominic Perugino","twitter_misc":{"\u00c9crit par":"Dominic Perugino","Estimation du temps de lecture":"5 minutes"},"schema":{"@context":"https:\/\/schema.org","@graph":[{"@type":"WebPage","@id":"https:\/\/www.arboplus.ca\/blog\/developpement-durable\/mon-arbre-notre-faune.html","url":"https:\/\/www.arboplus.ca\/blog\/developpement-durable\/mon-arbre-notre-faune.html","name":"Mon arbre, notre faune - Arboplus","isPartOf":{"@id":"https:\/\/www.arboplus.ca\/blog\/#website"},"primaryImageOfPage":{"@id":"https:\/\/www.arboplus.ca\/blog\/developpement-durable\/mon-arbre-notre-faune.html#primaryimage"},"image":{"@id":"https:\/\/www.arboplus.ca\/blog\/developpement-durable\/mon-arbre-notre-faune.html#primaryimage"},"thumbnailUrl":"https:\/\/www.arboplus.ca\/blog\/wp-content\/uploads\/2016\/05\/mon-arbre-notre-faune.jpg","datePublished":"2016-05-06T12:00:28+00:00","dateModified":"2022-04-12T14:03:42+00:00","author":{"@id":"https:\/\/www.arboplus.ca\/blog\/#\/schema\/person\/c4e4c82ad12349aafba47d44193f5540"},"breadcrumb":{"@id":"https:\/\/www.arboplus.ca\/blog\/developpement-durable\/mon-arbre-notre-faune.html#breadcrumb"},"inLanguage":"fr-CA","potentialAction":[{"@type":"ReadAction","target":["https:\/\/www.arboplus.ca\/blog\/developpement-durable\/mon-arbre-notre-faune.html"]}]},{"@type":"ImageObject","inLanguage":"fr-CA","@id":"https:\/\/www.arboplus.ca\/blog\/developpement-durable\/mon-arbre-notre-faune.html#primaryimage","url":"https:\/\/www.arboplus.ca\/blog\/wp-content\/uploads\/2016\/05\/mon-arbre-notre-faune.jpg","contentUrl":"https:\/\/www.arboplus.ca\/blog\/wp-content\/uploads\/2016\/05\/mon-arbre-notre-faune.jpg","width":1920,"height":1080,"caption":"Mon arbre, notre faune - D\u00e9veloppement durable"},{"@type":"BreadcrumbList","@id":"https:\/\/www.arboplus.ca\/blog\/developpement-durable\/mon-arbre-notre-faune.html#breadcrumb","itemListElement":[{"@type":"ListItem","position":1,"name":"Accueil","item":"https:\/\/www.arboplus.ca\/blog\/"},{"@type":"ListItem","position":2,"name":"Mon arbre, notre faune"}]},{"@type":"WebSite","@id":"https:\/\/www.arboplus.ca\/blog\/#website","url":"https:\/\/www.arboplus.ca\/blog\/","name":"Arboplus","description":"Magazine arboricole","potentialAction":[{"@type":"SearchAction","target":{"@type":"EntryPoint","urlTemplate":"https:\/\/www.arboplus.ca\/blog\/?s={search_term_string}"},"query-input":{"@type":"PropertyValueSpecification","valueRequired":true,"valueName":"search_term_string"}}],"inLanguage":"fr-CA"},{"@type":"Person","@id":"https:\/\/www.arboplus.ca\/blog\/#\/schema\/person\/c4e4c82ad12349aafba47d44193f5540","name":"Dominic Perugino","image":{"@type":"ImageObject","inLanguage":"fr-CA","@id":"https:\/\/www.arboplus.ca\/blog\/#\/schema\/person\/image\/","url":"https:\/\/secure.gravatar.com\/avatar\/0027ec1e3f6852cb4655750d4303f090?s=96&d=mm&r=g","contentUrl":"https:\/\/secure.gravatar.com\/avatar\/0027ec1e3f6852cb4655750d4303f090?s=96&d=mm&r=g","caption":"Dominic Perugino"},"url":"https:\/\/www.arboplus.ca\/blog\/author\/dominic-perugino"}]}},"_links":{"self":[{"href":"https:\/\/www.arboplus.ca\/blog\/wp-json\/wp\/v2\/posts\/4608","targetHints":{"allow":["GET"]}}],"collection":[{"href":"https:\/\/www.arboplus.ca\/blog\/wp-json\/wp\/v2\/posts"}],"about":[{"href":"https:\/\/www.arboplus.ca\/blog\/wp-json\/wp\/v2\/types\/post"}],"author":[{"embeddable":true,"href":"https:\/\/www.arboplus.ca\/blog\/wp-json\/wp\/v2\/users\/2"}],"replies":[{"embeddable":true,"href":"https:\/\/www.arboplus.ca\/blog\/wp-json\/wp\/v2\/comments?post=4608"}],"version-history":[{"count":4,"href":"https:\/\/www.arboplus.ca\/blog\/wp-json\/wp\/v2\/posts\/4608\/revisions"}],"predecessor-version":[{"id":5788,"href":"https:\/\/www.arboplus.ca\/blog\/wp-json\/wp\/v2\/posts\/4608\/revisions\/5788"}],"wp:featuredmedia":[{"embeddable":true,"href":"https:\/\/www.arboplus.ca\/blog\/wp-json\/wp\/v2\/media\/4612"}],"wp:attachment":[{"href":"https:\/\/www.arboplus.ca\/blog\/wp-json\/wp\/v2\/media?parent=4608"}],"wp:term":[{"taxonomy":"category","embeddable":true,"href":"https:\/\/www.arboplus.ca\/blog\/wp-json\/wp\/v2\/categories?post=4608"},{"taxonomy":"post_tag","embeddable":true,"href":"https:\/\/www.arboplus.ca\/blog\/wp-json\/wp\/v2\/tags?post=4608"}],"curies":[{"name":"wp","href":"https:\/\/api.w.org\/{rel}","templated":true}]}}