{"id":4602,"date":"2016-04-22T08:00:47","date_gmt":"2016-04-22T12:00:47","guid":{"rendered":"http:\/\/www.arboplus.ca\/blog\/?p=4602"},"modified":"2022-04-12T08:33:25","modified_gmt":"2022-04-12T12:33:25","slug":"fevier-damerique-gleditsia-triacanthos-var-inermis","status":"publish","type":"post","link":"https:\/\/www.arboplus.ca\/blog\/essences-arbres\/fevier-damerique-gleditsia-triacanthos-var-inermis.html","title":{"rendered":"Le f\u00e9vier d\u2019Am\u00e9rique inerme"},"content":{"rendered":"<h2>Gleditsia triacanthos var. inermis<\/h2>\n<p>Bien qu&rsquo;il ne soit pas, \u00e0 proprement parler, un <a href=\"http:\/\/www.arboplus.ca\/blog\/essences-arbres\/arbres-indigenes.html\">arbre indig\u00e8ne du Qu\u00e9bec<\/a>, le f\u00e9vier d&rsquo;Am\u00e9rique est si r\u00e9pandu et si adapt\u00e9 pour nos milieux urbains, qu&rsquo;il serait regrettable de ne pas en parler. D&rsquo;ailleurs, son aire de r\u00e9partition naturelle est le centre des \u00c9tats-Unis, ce qui en fait difficilement un arbre exotique. Puis, le f\u00e9vier se distingue encore des autres arbres de notre s\u00e9rie en ce qu&rsquo;il est un cultivar, c&rsquo;est-\u00e0-dire une vari\u00e9t\u00e9 horticole sp\u00e9cialement s\u00e9lectionn\u00e9e. En effet, le terme inerme d\u00e9signe ici l&rsquo;absence des \u00e9pines caract\u00e9ristique de cet arbre. Celles-ci poussent sur les branches et m\u00eame sur le tronc, \u00e9tant assez grosses et pointues pour blesser gravement quiconque tente de le grimper. Il n&rsquo;est donc pas surprenant que les peuplements urbains de f\u00e9viers soient tous issus de cette s\u00e9lection. Imaginez les pauvres \u00e9lagueurs\u2026<\/p>\n<h3>Un arbre \u00e9chevel\u00e9<\/h3>\n<p>Le f\u00e9vier d&rsquo;Am\u00e9rique est certainement un des arbres au port le plus irr\u00e9gulier. Avec une hauteur de 20 m\u00e8tres (65 pieds) et une largeur de 18 m\u00e8tres (60 pieds) \u00e0 maturit\u00e9, il offre une ombre sans trop d&rsquo;opacit\u00e9. Les rameaux sont toujours tordus, comme l&rsquo;est le port lui-m\u00eame si on y porte attention, son ascendance vers le haut se faisant par torsade. On distingue difficilement la t\u00eate principale, la charpente allant dans toutes les directions, avec des fourches qui font des demi-tours al\u00e9atoirement. Lorsqu&rsquo;il est bien entretenu, la forme du f\u00e9vier est celle d&rsquo;un parasol naturel, \u00e0 la couronne large et aplatie sur le dessus. La charpente se d\u00e9veloppe tr\u00e8s t\u00f4t, donnant un tronc assez court, \u00e0 moins d&rsquo;interventions d&rsquo;<a href=\"http:\/\/www.arboplus.ca\/fr\/emondage-arbre-laval-elagage-emondeur-laval-elagueur.html\">\u00e9lagage<\/a>.<\/p>\n<div style=\"text-align: center;\"><a class=\"button green medium\" href=\"http:\/\/www.arboplus.ca\/fr\/estimation-gratuite.html\" target=\"_self\" rel=\"noopener\">Demander l&rsquo;\u00e9valuation de mon f\u00e9vier par un arboriculteur <i class=\"fa-chevron-circle-right\"><\/i><\/a><\/div>\n<p><a href=\"https:\/\/www.arboplus.ca\/blog\/arboriculture\/comment-identifier-un-arbre-avec-ses-feuilles.html\">Les feuilles<\/a> font penser \u00e0 des foug\u00e8res. Compos\u00e9es de 26 \u00e0 32 folioles et tr\u00e8s petites, elles viennent mod\u00e9rer l&rsquo;ombre du port \u00e9tal\u00e9 du f\u00e9vier. En effet, les feuilles fines et l\u00e9g\u00e8res laissent passer d\u00e9licatement assez de lumi\u00e8re pour pouvoir lire, mais cache assez des rayons de soleil pour rester frais et confortable dans son hamac.<\/p>\n<h3>Les fruits et la faune<\/h3>\n<p>Comme son nom l&rsquo;indique, les fruits de cet arbre font penser \u00e0 de grosses f\u00e8ves (30 \u00e0 45 centim\u00e8tres\/11 \u00e0 17 pouces de longueur) comme les poids mange-tout. Beaucoup d&rsquo;animaux utiliseront ces gousses sucr\u00e9es comme nourriture. G\u00e9n\u00e9ralement, elles persisteront dans l&rsquo;arbre pour la dur\u00e9e de l&rsquo;hiver. Il existe des vari\u00e9t\u00e9s sans fruits, mais le d\u00e9savantage est que l&rsquo;arbre est alors st\u00e9rile. La r\u00e9flexion sur la r\u00e9silience en milieu urbain devrait nous faire r\u00e9fl\u00e9chir deux fois avant de propager une esp\u00e8ce d&rsquo;arbre st\u00e9rile. Il est de notre avis que les semences des v\u00e9g\u00e9taux sont une richesse que l&rsquo;on sous-estime, mais dont on est vite rappel\u00e9 lorsqu&rsquo;une esp\u00e8ce est en voie de disparition.<\/p>\n<h3>Conditions optimales<\/h3>\n<p>Le port \u00e0 maturit\u00e9 du f\u00e9vier requiert qu&rsquo;on lui pr\u00e9voie une distance de onze m\u00e8tres (35 pieds) avec les fils haute tension. La souplesse de son bois recommande <a href=\"https:\/\/www.arboplus.ca\/blog\/arboriculture\/tuteurage-et-protection-des-jeunes-arbres.html\">un tuteurage<\/a> pour les deux \u00e0 quatre premi\u00e8res ann\u00e9es de sa vie. Pr\u00e9voir une abondance de soleil. Du reste, le f\u00e9vier est un des arbres les plus adapt\u00e9s aux conditions urbaines, ce qui en fait un excellent arbre de bordure de rue. Il supporte la pollution, endure le sel de d\u00e9gla\u00e7age et compose avec la compaction du sol. Il est indiff\u00e9rent au ph du sol, pr\u00e9f\u00e9rant une texture sableuse, et une humidit\u00e9 moyenne. Dans le meilleur des cas, le f\u00e9vier sera plant\u00e9 dans <a href=\"https:\/\/www.arboplus.ca\/blog\/developpement-durable\/le-sol-une-vie-en-soi.html\">une terre riche<\/a>, mais il peut s&rsquo;ajuster \u00e0 une terre pauvre, s\u00e8che et perturb\u00e9e. <a href=\"https:\/\/www.arboplus.ca\/blog\/developpement-durable\/les-racines.html\">Les racines<\/a> ne sont pas r\u00e9put\u00e9es nuisibles. <a href=\"https:\/\/www.arboplus.ca\/blog\/arboriculture\/comment-planter-un-arbre.html\">La plantation<\/a> est reconnue comme facile.<\/p>\n<h3>\u00c9lagage du f\u00e9vier<\/h3>\n<p>Dieu merci, quelqu&rsquo;un a song\u00e9 \u00e0 pourvoir une vari\u00e9t\u00e9 inerme du f\u00e9vier d&rsquo;Am\u00e9rique. Certains donnent m\u00eame \u00e0 cet arbre le nom d&rsquo;\u00c9pine du Christ! Sans m\u00eame avoir travaill\u00e9 dans un arbre de l&rsquo;esp\u00e8ce originale, le f\u00e9vier d&rsquo;Am\u00e9rique peut s&rsquo;av\u00e9rer tortueux. Les branches flexibles refusent de se laisser manier, les bouts fourchus s&rsquo;accrochent \u00e0 la peau de l&rsquo;op\u00e9rateur de la d\u00e9chiqueteuse et, d\u00e9pourvu d&rsquo;une t\u00eate principale, l&rsquo;arbre est un d\u00e9fit pour l&rsquo;<a href=\"https:\/\/www.arboplus.ca\/blog\/arboriculture\/magasiner-un-arboriculteur.html\">arboriste grimpeur<\/a>.<\/p>\n<p>Pourtant, lorsque le travail est termin\u00e9, le f\u00e9vier est un des plus gratifiants. En effet, il s&rsquo;agit d&rsquo;un arbre dont l&rsquo;\u00e9lagage et l&rsquo;<a href=\"http:\/\/www.arboplus.ca\/\">\u00e9mondage<\/a> r\u00e9gulier sont une n\u00e9cessit\u00e9. La raison principale est l&rsquo;<a href=\"https:\/\/www.arboplus.ca\/blog\/arboriculture\/quand-elaguer-un-arbre.html\">abondance de bois mort<\/a> qui est produit au centre de l&rsquo;arbre, l\u00e0 o\u00f9 la cime fait de l&rsquo;ombre au reste de son port. N\u00e9glig\u00e9, cet aspect peut vraiment brimer l&rsquo;esth\u00e9tique d&rsquo;un f\u00e9vier. Entretenu de la bonne fa\u00e7on, il devient un arbre ornemental des plus agr\u00e9ables \u00e0 regarder.<\/p>\n<div style=\"text-align: center;\"><a class=\"button green medium\" href=\"http:\/\/www.arboplus.ca\/fr\/estimation-gratuite.html\" target=\"_self\" rel=\"noopener\">Demander l&rsquo;avis d&rsquo;un arboriste-expert <i class=\"fa-chevron-circle-right\"><\/i><\/a><\/div>\n<p>La <a href=\"https:\/\/www.arboplus.ca\/blog\/arboriculture\/taille-dun-jeune-arbre.html\">taille de formation<\/a> devra \u00eatre mod\u00e9r\u00e9e. Si on cherche en g\u00e9n\u00e9ral \u00e0 conserver un axe principal, ce sera difficile avec un arbre aussi d\u00e9sordonn\u00e9. Mieux vaudra laisser la nature faire son travail. La croissance \u00e9tant relativement lente, les interventions d&rsquo;\u00e9lagage pourront rester minimales, si ce n&rsquo;est du bois mort comme nous venons de le mentionner. Les <a href=\"https:\/\/www.arboplus.ca\/blog\/developpement-durable\/elagage-des-arbres-les-bonnes-et-les-mauvaises-pratiques.html\">coupes trop s\u00e9v\u00e8res<\/a> provoqueront la pousse de gourmands, de jeunes rameaux poussant \u00e0 la verticale, tant sur la charpente que sur le tronc principal. La pr\u00e9sence des gourmands est nuisible, car elle force l&rsquo;arbre \u00e0 d\u00e9penser ses ressources.<\/p>\n<p>Finalement, les <a href=\"http:\/\/www.arboplus.ca\/blog\/arboriculture\/larboriculture-et-les-regles-de-lart.html\">r\u00e8gles de l&rsquo;art<\/a> s&rsquo;appliqueront \u00e0 l&rsquo;\u00e9lagage du f\u00e9vier comme \u00e0 tout arbre. On ne coupe que ce qui est requis pour prot\u00e9ger maison, toiture, piscine, voiture, etc. On pr\u00e9serve le port naturel de l&rsquo;arbre et on s&rsquo;abstient de vouloir lui en imposer un artificiellement. Un \u00e9lagage ne devrait pas enlever plus de 20 % de masse foliaire. Puis, on n&rsquo;\u00e9lague jamais, jamais, jamais la t\u00eate. \u00c9tant d\u00e9j\u00e0 sensible aux coupes trop s\u00e9v\u00e8res, <a href=\"https:\/\/www.arboplus.ca\/blog\/developpement-durable\/mauvaises-pratiques-arboricoles.html\">l&rsquo;\u00e9t\u00eatage<\/a> fera assur\u00e9ment surgir des gourmands, qui sont en fait un r\u00e9flexe de survie de l&rsquo;arbre lorsque celui-ci per\u00e7oit qu&rsquo;il perd l&rsquo;essentiel de sa photosynth\u00e8se.<\/p>\n<h3>Les maladies<\/h3>\n<p>Un autre avantage qu&rsquo;offre le f\u00e9vier est la quasi-absence de maladies importantes. On note une l\u00e9g\u00e8re sensibilit\u00e9 au chancre nectrien. En pr\u00e9sence d&rsquo;un trou suspect dans le tronc de l&rsquo;arbre qui perdure sans se refermer, il se pourrait qu&rsquo;il s&rsquo;agisse d&rsquo;un chancre. Il faudra surveiller sa progression et s&rsquo;assurer qu&rsquo;il n&rsquo;affecte pas la solidit\u00e9 et la s\u00e9curit\u00e9 de l&rsquo;arbre.<\/p>\n<p><a href=\"https:\/\/www.arboplus.ca\/blog\/developpement-durable\/lutte-biologique-contre-les-insectes.html\">Un insecte<\/a> lui est aussi associ\u00e9 : la c\u00e9cidomyie du f\u00e9vier. Cet insecte provoquera une d\u00e9formation des feuilles par l&rsquo;infestation de larves. Si on l&rsquo;aper\u00e7oit \u00e0 temps, on peut pr\u00e9venir sa propagation en \u00e9laguant les branches infest\u00e9es. Br\u00fbler ou d\u00e9truire les rameaux.<\/p>\n<p>&nbsp;<\/p>\n<h3>Bibliographie<\/h3>\n<ul class=\"arrow\" >\n<li class=\"\">Bertrand, Dumont. <em>Guide des arbres, arbustes et conif\u00e8res pour le Qu\u00e9bec<\/em>. Broquet, 2005.<\/li>\n<li class=\"\">Farrar, John Laird. <em>Les arbres du Canada<\/em>. Les Editions Fides, 1996.<\/li>\n<li class=\"\">(forester.), Michael D. Williams. <em>Guide D\u2019identification des Arbres du Qu\u00e9bec et de L\u2019est de L\u2019Am\u00e9rique du Nord<\/em>. Broquet, Incorporated, 2008.<\/li>\n<li class=\"\">Hodgson, Larry. <em>Arbres<\/em>. Saint-Constant, Qc: Broquet, 2012.<\/li>\n<li class=\"\">Langlais, Guy. <em>La taille des arbres ornementaux<\/em>. Saint-Constant, Qc: Broquet, 2002.<\/li>\n<li class=\"\">Marie-Fleurette, Beaudoin, Gaudet Martin, Rocray Pierre-\u00c9mile, et Michel Labrecque. <em>Les arbres de Montr\u00e9al<\/em>. Fides, 1997.<\/li>\n<li class=\"\">Pellerin, Gervais, et Hydro-Qu\u00e9bec. <em>R\u00e9pertoire des Arbres et Arbustes Ornementaux: 1760 Esp\u00e8ces et Vari\u00e9t\u00e9s de V\u00e9g\u00e9taux du Qu\u00e9bec<\/em>. Gouvernement du Quebec, publications vendues, 2010.<\/li>\n<\/ul>\n","protected":false},"excerpt":{"rendered":"<p>Bien qu&rsquo;il ne soit pas, \u00e0 proprement parler, un arbre indig\u00e8ne du Qu\u00e9bec, le f\u00e9vier d&rsquo;Am\u00e9rique est si r\u00e9pandu et si adapt\u00e9 pour nos milieux urbains, qu&rsquo;il serait regrettable de ne pas en parler. D&rsquo;ailleurs, son aire de r\u00e9partition naturelle est le centre des \u00c9tats-Unis, ce qui en fait difficilement un arbre exotique.<\/p>\n","protected":false},"author":2,"featured_media":4603,"comment_status":"open","ping_status":"open","sticky":false,"template":"","format":"standard","meta":{"footnotes":""},"categories":[12],"tags":[97,602,50,589,283,419,294,604,603,474,501,590,101,58,96,143,601,591,297,596,587,83,595,588,442,592,441,187,594,237,597,286,593,502,599,598,291,600],"class_list":["post-4602","post","type-post","status-publish","format-standard","has-post-thumbnail","hentry","category-essences-arbres","tag-arboriste","tag-arboriste-grimpeur","tag-arbre","tag-arbre-exotique","tag-arbre-indigene","tag-arbre-ornemental","tag-bois-mort","tag-cecidomyie-du-fevier","tag-chancre","tag-chancre-nectrien","tag-compaction-du-sol","tag-cultivar","tag-dechiqueteuse","tag-elagage","tag-elagueurs","tag-emondage","tag-epine-du-christ","tag-epines","tag-etetage","tag-feves","tag-fevier","tag-fevier-damerique","tag-fougeres","tag-gleditsia-triacanthos","tag-gourmands","tag-irregulier","tag-masse-foliaire","tag-nourriture","tag-parasol-naturel","tag-photosynthese","tag-poids-mange-tout","tag-pollution","tag-rameaux","tag-sel-de-deglacage","tag-semences","tag-sterile","tag-taille-de-formation","tag-tuteurage"],"yoast_head":"<!-- This site is optimized with the Yoast SEO plugin v24.7 - https:\/\/yoast.com\/wordpress\/plugins\/seo\/ -->\n<title>F\u00e9vier d\u2019Am\u00e9rique - Gleditsia triacanthos var. inermis - Arboplus<\/title>\n<meta name=\"description\" content=\"Bien qu&#039;il ne soit pas, \u00e0 proprement parler, un arbre indig\u00e8ne du Qu\u00e9bec, le f\u00e9vier d&#039;Am\u00e9rique est si r\u00e9pandu et si adapt\u00e9 pour nos milieux urbains, qu&#039;il serait regrettable de ne pas en parler. D&#039;ailleurs, son aire de r\u00e9partition naturelle est le centre des \u00c9tats-Unis, ce qui en fait difficilement un arbre exotique.\" \/>\n<meta name=\"robots\" content=\"index, follow, max-snippet:-1, max-image-preview:large, max-video-preview:-1\" \/>\n<link rel=\"canonical\" href=\"https:\/\/www.arboplus.ca\/blog\/essences-arbres\/fevier-damerique-gleditsia-triacanthos-var-inermis.html\" \/>\n<meta property=\"og:locale\" content=\"fr_CA\" \/>\n<meta property=\"og:type\" content=\"article\" \/>\n<meta property=\"og:title\" content=\"F\u00e9vier d\u2019Am\u00e9rique - Gleditsia triacanthos var. inermis - Arboplus\" \/>\n<meta property=\"og:description\" content=\"Bien qu&#039;il ne soit pas, \u00e0 proprement parler, un arbre indig\u00e8ne du Qu\u00e9bec, le f\u00e9vier d&#039;Am\u00e9rique est si r\u00e9pandu et si adapt\u00e9 pour nos milieux urbains, qu&#039;il serait regrettable de ne pas en parler. D&#039;ailleurs, son aire de r\u00e9partition naturelle est le centre des \u00c9tats-Unis, ce qui en fait difficilement un arbre exotique.\" \/>\n<meta property=\"og:url\" content=\"https:\/\/www.arboplus.ca\/blog\/essences-arbres\/fevier-damerique-gleditsia-triacanthos-var-inermis.html\" \/>\n<meta property=\"og:site_name\" content=\"Arboplus\" \/>\n<meta property=\"article:published_time\" content=\"2016-04-22T12:00:47+00:00\" \/>\n<meta property=\"article:modified_time\" content=\"2022-04-12T12:33:25+00:00\" \/>\n<meta property=\"og:image\" content=\"https:\/\/www.arboplus.ca\/blog\/wp-content\/uploads\/2016\/04\/fevier-amerique-gleditsia-triacanthos-inermis.jpg\" \/>\n\t<meta property=\"og:image:width\" content=\"1920\" \/>\n\t<meta property=\"og:image:height\" content=\"1080\" \/>\n\t<meta property=\"og:image:type\" content=\"image\/jpeg\" \/>\n<meta name=\"author\" content=\"Dominic Perugino\" \/>\n<meta name=\"twitter:label1\" content=\"\u00c9crit par\" \/>\n\t<meta name=\"twitter:data1\" content=\"Dominic Perugino\" \/>\n\t<meta name=\"twitter:label2\" content=\"Estimation du temps de lecture\" \/>\n\t<meta name=\"twitter:data2\" content=\"6 minutes\" \/>\n<script type=\"application\/ld+json\" class=\"yoast-schema-graph\">{\"@context\":\"https:\/\/schema.org\",\"@graph\":[{\"@type\":\"WebPage\",\"@id\":\"https:\/\/www.arboplus.ca\/blog\/essences-arbres\/fevier-damerique-gleditsia-triacanthos-var-inermis.html\",\"url\":\"https:\/\/www.arboplus.ca\/blog\/essences-arbres\/fevier-damerique-gleditsia-triacanthos-var-inermis.html\",\"name\":\"F\u00e9vier d\u2019Am\u00e9rique - Gleditsia triacanthos var. inermis - Arboplus\",\"isPartOf\":{\"@id\":\"https:\/\/www.arboplus.ca\/blog\/#website\"},\"primaryImageOfPage\":{\"@id\":\"https:\/\/www.arboplus.ca\/blog\/essences-arbres\/fevier-damerique-gleditsia-triacanthos-var-inermis.html#primaryimage\"},\"image\":{\"@id\":\"https:\/\/www.arboplus.ca\/blog\/essences-arbres\/fevier-damerique-gleditsia-triacanthos-var-inermis.html#primaryimage\"},\"thumbnailUrl\":\"https:\/\/www.arboplus.ca\/blog\/wp-content\/uploads\/2016\/04\/fevier-amerique-gleditsia-triacanthos-inermis.jpg\",\"datePublished\":\"2016-04-22T12:00:47+00:00\",\"dateModified\":\"2022-04-12T12:33:25+00:00\",\"author\":{\"@id\":\"https:\/\/www.arboplus.ca\/blog\/#\/schema\/person\/c4e4c82ad12349aafba47d44193f5540\"},\"description\":\"Bien qu'il ne soit pas, \u00e0 proprement parler, un arbre indig\u00e8ne du Qu\u00e9bec, le f\u00e9vier d'Am\u00e9rique est si r\u00e9pandu et si adapt\u00e9 pour nos milieux urbains, qu'il serait regrettable de ne pas en parler. D'ailleurs, son aire de r\u00e9partition naturelle est le centre des \u00c9tats-Unis, ce qui en fait difficilement un arbre exotique.\",\"breadcrumb\":{\"@id\":\"https:\/\/www.arboplus.ca\/blog\/essences-arbres\/fevier-damerique-gleditsia-triacanthos-var-inermis.html#breadcrumb\"},\"inLanguage\":\"fr-CA\",\"potentialAction\":[{\"@type\":\"ReadAction\",\"target\":[\"https:\/\/www.arboplus.ca\/blog\/essences-arbres\/fevier-damerique-gleditsia-triacanthos-var-inermis.html\"]}]},{\"@type\":\"ImageObject\",\"inLanguage\":\"fr-CA\",\"@id\":\"https:\/\/www.arboplus.ca\/blog\/essences-arbres\/fevier-damerique-gleditsia-triacanthos-var-inermis.html#primaryimage\",\"url\":\"https:\/\/www.arboplus.ca\/blog\/wp-content\/uploads\/2016\/04\/fevier-amerique-gleditsia-triacanthos-inermis.jpg\",\"contentUrl\":\"https:\/\/www.arboplus.ca\/blog\/wp-content\/uploads\/2016\/04\/fevier-amerique-gleditsia-triacanthos-inermis.jpg\",\"width\":1920,\"height\":1080,\"caption\":\"F\u00e9vier d'Am\u00e9rique - Gleditsia Triacanthos Inermis\"},{\"@type\":\"BreadcrumbList\",\"@id\":\"https:\/\/www.arboplus.ca\/blog\/essences-arbres\/fevier-damerique-gleditsia-triacanthos-var-inermis.html#breadcrumb\",\"itemListElement\":[{\"@type\":\"ListItem\",\"position\":1,\"name\":\"Accueil\",\"item\":\"https:\/\/www.arboplus.ca\/blog\/\"},{\"@type\":\"ListItem\",\"position\":2,\"name\":\"Le f\u00e9vier d\u2019Am\u00e9rique inerme\"}]},{\"@type\":\"WebSite\",\"@id\":\"https:\/\/www.arboplus.ca\/blog\/#website\",\"url\":\"https:\/\/www.arboplus.ca\/blog\/\",\"name\":\"Arboplus\",\"description\":\"Magazine arboricole\",\"potentialAction\":[{\"@type\":\"SearchAction\",\"target\":{\"@type\":\"EntryPoint\",\"urlTemplate\":\"https:\/\/www.arboplus.ca\/blog\/?s={search_term_string}\"},\"query-input\":{\"@type\":\"PropertyValueSpecification\",\"valueRequired\":true,\"valueName\":\"search_term_string\"}}],\"inLanguage\":\"fr-CA\"},{\"@type\":\"Person\",\"@id\":\"https:\/\/www.arboplus.ca\/blog\/#\/schema\/person\/c4e4c82ad12349aafba47d44193f5540\",\"name\":\"Dominic Perugino\",\"image\":{\"@type\":\"ImageObject\",\"inLanguage\":\"fr-CA\",\"@id\":\"https:\/\/www.arboplus.ca\/blog\/#\/schema\/person\/image\/\",\"url\":\"https:\/\/secure.gravatar.com\/avatar\/0027ec1e3f6852cb4655750d4303f090?s=96&d=mm&r=g\",\"contentUrl\":\"https:\/\/secure.gravatar.com\/avatar\/0027ec1e3f6852cb4655750d4303f090?s=96&d=mm&r=g\",\"caption\":\"Dominic Perugino\"},\"url\":\"https:\/\/www.arboplus.ca\/blog\/author\/dominic-perugino\"}]}<\/script>\n<!-- \/ Yoast SEO plugin. -->","yoast_head_json":{"title":"F\u00e9vier d\u2019Am\u00e9rique - Gleditsia triacanthos var. inermis - Arboplus","description":"Bien qu'il ne soit pas, \u00e0 proprement parler, un arbre indig\u00e8ne du Qu\u00e9bec, le f\u00e9vier d'Am\u00e9rique est si r\u00e9pandu et si adapt\u00e9 pour nos milieux urbains, qu'il serait regrettable de ne pas en parler. D'ailleurs, son aire de r\u00e9partition naturelle est le centre des \u00c9tats-Unis, ce qui en fait difficilement un arbre exotique.","robots":{"index":"index","follow":"follow","max-snippet":"max-snippet:-1","max-image-preview":"max-image-preview:large","max-video-preview":"max-video-preview:-1"},"canonical":"https:\/\/www.arboplus.ca\/blog\/essences-arbres\/fevier-damerique-gleditsia-triacanthos-var-inermis.html","og_locale":"fr_CA","og_type":"article","og_title":"F\u00e9vier d\u2019Am\u00e9rique - Gleditsia triacanthos var. inermis - Arboplus","og_description":"Bien qu'il ne soit pas, \u00e0 proprement parler, un arbre indig\u00e8ne du Qu\u00e9bec, le f\u00e9vier d'Am\u00e9rique est si r\u00e9pandu et si adapt\u00e9 pour nos milieux urbains, qu'il serait regrettable de ne pas en parler. D'ailleurs, son aire de r\u00e9partition naturelle est le centre des \u00c9tats-Unis, ce qui en fait difficilement un arbre exotique.","og_url":"https:\/\/www.arboplus.ca\/blog\/essences-arbres\/fevier-damerique-gleditsia-triacanthos-var-inermis.html","og_site_name":"Arboplus","article_published_time":"2016-04-22T12:00:47+00:00","article_modified_time":"2022-04-12T12:33:25+00:00","og_image":[{"width":1920,"height":1080,"url":"https:\/\/www.arboplus.ca\/blog\/wp-content\/uploads\/2016\/04\/fevier-amerique-gleditsia-triacanthos-inermis.jpg","type":"image\/jpeg"}],"author":"Dominic Perugino","twitter_misc":{"\u00c9crit par":"Dominic Perugino","Estimation du temps de lecture":"6 minutes"},"schema":{"@context":"https:\/\/schema.org","@graph":[{"@type":"WebPage","@id":"https:\/\/www.arboplus.ca\/blog\/essences-arbres\/fevier-damerique-gleditsia-triacanthos-var-inermis.html","url":"https:\/\/www.arboplus.ca\/blog\/essences-arbres\/fevier-damerique-gleditsia-triacanthos-var-inermis.html","name":"F\u00e9vier d\u2019Am\u00e9rique - Gleditsia triacanthos var. inermis - Arboplus","isPartOf":{"@id":"https:\/\/www.arboplus.ca\/blog\/#website"},"primaryImageOfPage":{"@id":"https:\/\/www.arboplus.ca\/blog\/essences-arbres\/fevier-damerique-gleditsia-triacanthos-var-inermis.html#primaryimage"},"image":{"@id":"https:\/\/www.arboplus.ca\/blog\/essences-arbres\/fevier-damerique-gleditsia-triacanthos-var-inermis.html#primaryimage"},"thumbnailUrl":"https:\/\/www.arboplus.ca\/blog\/wp-content\/uploads\/2016\/04\/fevier-amerique-gleditsia-triacanthos-inermis.jpg","datePublished":"2016-04-22T12:00:47+00:00","dateModified":"2022-04-12T12:33:25+00:00","author":{"@id":"https:\/\/www.arboplus.ca\/blog\/#\/schema\/person\/c4e4c82ad12349aafba47d44193f5540"},"description":"Bien qu'il ne soit pas, \u00e0 proprement parler, un arbre indig\u00e8ne du Qu\u00e9bec, le f\u00e9vier d'Am\u00e9rique est si r\u00e9pandu et si adapt\u00e9 pour nos milieux urbains, qu'il serait regrettable de ne pas en parler. D'ailleurs, son aire de r\u00e9partition naturelle est le centre des \u00c9tats-Unis, ce qui en fait difficilement un arbre exotique.","breadcrumb":{"@id":"https:\/\/www.arboplus.ca\/blog\/essences-arbres\/fevier-damerique-gleditsia-triacanthos-var-inermis.html#breadcrumb"},"inLanguage":"fr-CA","potentialAction":[{"@type":"ReadAction","target":["https:\/\/www.arboplus.ca\/blog\/essences-arbres\/fevier-damerique-gleditsia-triacanthos-var-inermis.html"]}]},{"@type":"ImageObject","inLanguage":"fr-CA","@id":"https:\/\/www.arboplus.ca\/blog\/essences-arbres\/fevier-damerique-gleditsia-triacanthos-var-inermis.html#primaryimage","url":"https:\/\/www.arboplus.ca\/blog\/wp-content\/uploads\/2016\/04\/fevier-amerique-gleditsia-triacanthos-inermis.jpg","contentUrl":"https:\/\/www.arboplus.ca\/blog\/wp-content\/uploads\/2016\/04\/fevier-amerique-gleditsia-triacanthos-inermis.jpg","width":1920,"height":1080,"caption":"F\u00e9vier d'Am\u00e9rique - Gleditsia Triacanthos Inermis"},{"@type":"BreadcrumbList","@id":"https:\/\/www.arboplus.ca\/blog\/essences-arbres\/fevier-damerique-gleditsia-triacanthos-var-inermis.html#breadcrumb","itemListElement":[{"@type":"ListItem","position":1,"name":"Accueil","item":"https:\/\/www.arboplus.ca\/blog\/"},{"@type":"ListItem","position":2,"name":"Le f\u00e9vier d\u2019Am\u00e9rique inerme"}]},{"@type":"WebSite","@id":"https:\/\/www.arboplus.ca\/blog\/#website","url":"https:\/\/www.arboplus.ca\/blog\/","name":"Arboplus","description":"Magazine arboricole","potentialAction":[{"@type":"SearchAction","target":{"@type":"EntryPoint","urlTemplate":"https:\/\/www.arboplus.ca\/blog\/?s={search_term_string}"},"query-input":{"@type":"PropertyValueSpecification","valueRequired":true,"valueName":"search_term_string"}}],"inLanguage":"fr-CA"},{"@type":"Person","@id":"https:\/\/www.arboplus.ca\/blog\/#\/schema\/person\/c4e4c82ad12349aafba47d44193f5540","name":"Dominic Perugino","image":{"@type":"ImageObject","inLanguage":"fr-CA","@id":"https:\/\/www.arboplus.ca\/blog\/#\/schema\/person\/image\/","url":"https:\/\/secure.gravatar.com\/avatar\/0027ec1e3f6852cb4655750d4303f090?s=96&d=mm&r=g","contentUrl":"https:\/\/secure.gravatar.com\/avatar\/0027ec1e3f6852cb4655750d4303f090?s=96&d=mm&r=g","caption":"Dominic Perugino"},"url":"https:\/\/www.arboplus.ca\/blog\/author\/dominic-perugino"}]}},"_links":{"self":[{"href":"https:\/\/www.arboplus.ca\/blog\/wp-json\/wp\/v2\/posts\/4602","targetHints":{"allow":["GET"]}}],"collection":[{"href":"https:\/\/www.arboplus.ca\/blog\/wp-json\/wp\/v2\/posts"}],"about":[{"href":"https:\/\/www.arboplus.ca\/blog\/wp-json\/wp\/v2\/types\/post"}],"author":[{"embeddable":true,"href":"https:\/\/www.arboplus.ca\/blog\/wp-json\/wp\/v2\/users\/2"}],"replies":[{"embeddable":true,"href":"https:\/\/www.arboplus.ca\/blog\/wp-json\/wp\/v2\/comments?post=4602"}],"version-history":[{"count":8,"href":"https:\/\/www.arboplus.ca\/blog\/wp-json\/wp\/v2\/posts\/4602\/revisions"}],"predecessor-version":[{"id":5786,"href":"https:\/\/www.arboplus.ca\/blog\/wp-json\/wp\/v2\/posts\/4602\/revisions\/5786"}],"wp:featuredmedia":[{"embeddable":true,"href":"https:\/\/www.arboplus.ca\/blog\/wp-json\/wp\/v2\/media\/4603"}],"wp:attachment":[{"href":"https:\/\/www.arboplus.ca\/blog\/wp-json\/wp\/v2\/media?parent=4602"}],"wp:term":[{"taxonomy":"category","embeddable":true,"href":"https:\/\/www.arboplus.ca\/blog\/wp-json\/wp\/v2\/categories?post=4602"},{"taxonomy":"post_tag","embeddable":true,"href":"https:\/\/www.arboplus.ca\/blog\/wp-json\/wp\/v2\/tags?post=4602"}],"curies":[{"name":"wp","href":"https:\/\/api.w.org\/{rel}","templated":true}]}}