{"id":4584,"date":"2016-03-30T08:00:44","date_gmt":"2016-03-30T12:00:44","guid":{"rendered":"http:\/\/www.arboplus.ca\/blog\/?p=4584"},"modified":"2020-04-29T12:08:58","modified_gmt":"2020-04-29T16:08:58","slug":"candiac-sattaque-a-lagrile-frene","status":"publish","type":"post","link":"https:\/\/www.arboplus.ca\/blog\/nouvelles-arboricoles\/candiac-sattaque-a-lagrile-frene.html","title":{"rendered":"Candiac s&rsquo;attaque \u00e0 l&rsquo;agrile du fr\u00eane"},"content":{"rendered":"<p><strong>Devant l&rsquo;urgence d&rsquo;agir pour sauver les milliers de fr\u00eanes sur son territoire, la Ville de Candiac lance une campagne de sensibilisation sur les effets d\u00e9vastateurs de l&rsquo;<a href=\"http:\/\/www.arboplus.ca\/fr\/agrile-du-frene-traitement-contre-agrile-du-frene-laval.html\">agrile du fr\u00eane<\/a>, dont les premi\u00e8res traces sont apparues dans la municipalit\u00e9 en 2013.<\/strong><\/p>\n<p>Selon Hugo Laperle, arboriculteur engag\u00e9 par la Ville en septembre, la p\u00e9riode de mortalit\u00e9 des arbres d\u00e9bute trois ans apr\u00e8s que la pr\u00e9sence de l&rsquo;insecte ravageur ait \u00e9t\u00e9 d\u00e9tect\u00e9e.<\/p>\n<p>\u00ab Sur les 1900 fr\u00eanes dans les emprises publiques, nous avons des arbres infect\u00e9s et des sites d&rsquo;infestation, explique-t-il. Je soup\u00e7onne grandement certains arbres du c\u00f4t\u00e9 priv\u00e9 d&rsquo;\u00eatre \u00e9galement infest\u00e9s. Je veux m&rsquo;assurer que les citoyens soient au courant que quelque chose va arriver avec leurs fr\u00eanes. \u00bb<\/p>\n<p>M. Laperle a commenc\u00e9 \u00e0 rencontrer des propri\u00e9taires de fr\u00eanes afin de les sensibiliser aux diff\u00e9rentes avenues possibles pour sauver leurs arbres.<\/p>\n<p>\u00ab <em>L&rsquo;identification du fr\u00eane dans les cours est ce qui est le plus probl\u00e9matique pr\u00e9sentement. Les gens ne savent pas qu&rsquo;ils ont des fr\u00eanes, mentionne-t-il. Ceux qui sont au courant m&rsquo;ont dit qu&rsquo;ils envisageaient de les traiter cette ann\u00e9e.<\/em> \u00bb<\/p>\n<p>La Ville a r\u00e9pertori\u00e9 la pr\u00e9sence de fr\u00eanes sur environ 500 terrains priv\u00e9s. Elle offre le traitement pr\u00e9ventif \u00e0 tarif pr\u00e9f\u00e9rentiel pour ses r\u00e9sidents. L&rsquo;arbre peut recevoir le produit seulement s&rsquo;il est infect\u00e9 \u00e0 moins de 30%. Au-del\u00e0 de ce pourcentage, sa p\u00e9riode de mortalit\u00e9 d\u00e9butera.<\/p>\n<p>\u00ab <em>L&rsquo;abattage est une solution facile, mais les bienfaits des arbres matures ne sont pas l\u00e0 rapidement. Le traitement pr\u00e9ventif est moins co\u00fbteux que de raser des arbres<\/em> \u00bb, poursuit M. Laperle.<\/p>\n<p>\u00ab <em>Un arbre qui est atteint, le fr\u00eane en particulier, devient fragile. Les branches et le tronc peuvent tomber et cela devient dangereux pour les r\u00e9sidents<\/em> \u00bb, ajoute Jacinthe Lauzon, responsable des communications \u00e0 Ville.<\/p>\n<h3>Sauver la for\u00eat urbaine<\/h3>\n<p>En 2015, Candiac a investi 70 000$ dans le traitement de la moiti\u00e9 des fr\u00eanes publics dans les rues ainsi que dans les parcs Picardie et Fernand-Seguin. Pr\u00e8s de 60% des fr\u00eanes du parc Andr\u00e9-J.-C\u00f4t\u00e9 avaient \u00e9t\u00e9 trait\u00e9s en 2014. Au terme de l&rsquo;offensive, la Ville esp\u00e8re avoir soign\u00e9 75% de ses fr\u00eanes.<\/p>\n<p>L&rsquo;<a href=\"http:\/\/www.arboplus.ca\/\">arboriculteur<\/a> rappelle que la lutte contre l&rsquo;agrile du fr\u00eane ne peut pas \u00eatre effectu\u00e9e par la municipalit\u00e9 seulement.<\/p>\n<p>\u00ab <em>Notre for\u00eat urbaine est compos\u00e9e des emprises publiques et priv\u00e9es. On a besoin de tout le monde. Si nous on se bat seul de notre c\u00f4t\u00e9 et si les citoyens n&#8217;embo\u00eetent pas le pas, la bataille sera plus difficile<\/em> \u00bb, fait-il savoir.<\/p>\n<p>Pour M. Laperle, la perte des fr\u00eanes \u00e0 Candiac, qui se trouvent aux quatre coins de la Ville, serait d\u00e9sastreuse pour le paysage de la municipalit\u00e9.<\/p>\n<p>\u00ab <em>La for\u00eat urbaine de Candiac a beaucoup \u00e0 perdre. De raser tous les arbres de sa rue, c&rsquo;est tr\u00e8s marquant<\/em> \u00bb, conclut celui qui a assist\u00e9 au ph\u00e9nom\u00e8ne lorsqu&rsquo;il \u00e9tait \u00e0 l&#8217;emploi de la Ville de Montr\u00e9al.<\/p>\n<p>La Ville de Candiac offrira une conf\u00e9rence gratuite d&rsquo;H\u00e9l\u00e8ne Godmaire, du Conseil qu\u00e9b\u00e9cois des esp\u00e8ces exotiques envahissantes, le mercredi 30 mars prochain, \u00e0 19 h, au Complexe Rom\u00e9o-V.-Patenaude.<\/p>\n<h3>Signes d&rsquo;infestation<\/h3>\n<ul class=\"check\" >\n<li class=\"\">\u00c9claircissement du feuillage<\/li>\n<li class=\"\">D\u00e9t\u00e9rioration de la cime<\/li>\n<li class=\"\">D\u00e9tachement de l&rsquo;\u00e9corce<\/li>\n<li class=\"\">Pr\u00e9sence de galeries en forme de S<\/li>\n<li class=\"\">Pr\u00e9sence de trous faits par des pic-bois cherchant des larves<\/li>\n<\/ul>\n<p><span style=\"color: #999999;\">Source: http:\/\/www.lereflet.qc.ca\/actualites\/2016\/3\/15\/candiac-s-attaque-a-lagrile-du-frene-.html<\/span><\/p>\n","protected":false},"excerpt":{"rendered":"<p>Devant l&rsquo;urgence d&rsquo;agir pour sauver les milliers de fr\u00eanes sur son territoire, la Ville de Candiac lance une campagne de sensibilisation sur les effets d\u00e9vastateurs de l&rsquo;agrile du fr\u00eane, dont les premi\u00e8res traces sont apparues dans la municipalit\u00e9 en 2013. Selon Hugo Laperle, arboriculteur engag\u00e9 par la Ville en septembre, la p\u00e9riode de mortalit\u00e9 des arbres d\u00e9bute trois ans apr\u00e8s que la pr\u00e9sence de l&rsquo;insecte&#8230; <\/p>\n<p><a class=\"readmore\" href=\"https:\/\/www.arboplus.ca\/blog\/nouvelles-arboricoles\/candiac-sattaque-a-lagrile-frene.html\">Lire l&rsquo;article<\/a><\/p>\n","protected":false},"author":2,"featured_media":4585,"comment_status":"open","ping_status":"open","sticky":false,"template":"","format":"standard","meta":{"footnotes":""},"categories":[9],"tags":[],"class_list":["post-4584","post","type-post","status-publish","format-standard","has-post-thumbnail","hentry","category-nouvelles-arboricoles"],"yoast_head":"<!-- This site is optimized with the Yoast SEO plugin v24.7 - https:\/\/yoast.com\/wordpress\/plugins\/seo\/ -->\n<title>Candiac s&#039;attaque \u00e0 l&#039;agrile du fr\u00eane - Arboplus<\/title>\n<meta name=\"robots\" content=\"index, follow, max-snippet:-1, max-image-preview:large, max-video-preview:-1\" \/>\n<link rel=\"canonical\" href=\"https:\/\/www.arboplus.ca\/blog\/nouvelles-arboricoles\/candiac-sattaque-a-lagrile-frene.html\" \/>\n<meta property=\"og:locale\" content=\"fr_CA\" \/>\n<meta property=\"og:type\" content=\"article\" \/>\n<meta property=\"og:title\" content=\"Candiac s&#039;attaque \u00e0 l&#039;agrile du fr\u00eane - Arboplus\" \/>\n<meta property=\"og:description\" content=\"Devant l&rsquo;urgence d&rsquo;agir pour sauver les milliers de fr\u00eanes sur son territoire, la Ville de Candiac lance une campagne de sensibilisation sur les effets d\u00e9vastateurs de l&rsquo;agrile du fr\u00eane, dont les premi\u00e8res traces sont apparues dans la municipalit\u00e9 en 2013. Selon Hugo Laperle, arboriculteur engag\u00e9 par la Ville en septembre, la p\u00e9riode de mortalit\u00e9 des arbres d\u00e9bute trois ans apr\u00e8s que la pr\u00e9sence de l&rsquo;insecte... Lire l&#039;article\" \/>\n<meta property=\"og:url\" content=\"https:\/\/www.arboplus.ca\/blog\/nouvelles-arboricoles\/candiac-sattaque-a-lagrile-frene.html\" \/>\n<meta property=\"og:site_name\" content=\"Arboplus\" \/>\n<meta property=\"article:published_time\" content=\"2016-03-30T12:00:44+00:00\" \/>\n<meta property=\"article:modified_time\" content=\"2020-04-29T16:08:58+00:00\" \/>\n<meta property=\"og:image\" content=\"https:\/\/www.arboplus.ca\/blog\/wp-content\/uploads\/2016\/04\/candiac-sattaque-a-lagrile-frene.jpg\" \/>\n\t<meta property=\"og:image:width\" content=\"1350\" \/>\n\t<meta property=\"og:image:height\" content=\"760\" \/>\n\t<meta property=\"og:image:type\" content=\"image\/jpeg\" \/>\n<meta name=\"author\" content=\"Dominic Perugino\" \/>\n<meta name=\"twitter:label1\" content=\"\u00c9crit par\" \/>\n\t<meta name=\"twitter:data1\" content=\"Dominic Perugino\" \/>\n\t<meta name=\"twitter:label2\" content=\"Estimation du temps de lecture\" \/>\n\t<meta name=\"twitter:data2\" content=\"3 minutes\" \/>\n<script type=\"application\/ld+json\" class=\"yoast-schema-graph\">{\"@context\":\"https:\/\/schema.org\",\"@graph\":[{\"@type\":\"WebPage\",\"@id\":\"https:\/\/www.arboplus.ca\/blog\/nouvelles-arboricoles\/candiac-sattaque-a-lagrile-frene.html\",\"url\":\"https:\/\/www.arboplus.ca\/blog\/nouvelles-arboricoles\/candiac-sattaque-a-lagrile-frene.html\",\"name\":\"Candiac s'attaque \u00e0 l'agrile du fr\u00eane - Arboplus\",\"isPartOf\":{\"@id\":\"https:\/\/www.arboplus.ca\/blog\/#website\"},\"primaryImageOfPage\":{\"@id\":\"https:\/\/www.arboplus.ca\/blog\/nouvelles-arboricoles\/candiac-sattaque-a-lagrile-frene.html#primaryimage\"},\"image\":{\"@id\":\"https:\/\/www.arboplus.ca\/blog\/nouvelles-arboricoles\/candiac-sattaque-a-lagrile-frene.html#primaryimage\"},\"thumbnailUrl\":\"https:\/\/www.arboplus.ca\/blog\/wp-content\/uploads\/2016\/04\/candiac-sattaque-a-lagrile-frene.jpg\",\"datePublished\":\"2016-03-30T12:00:44+00:00\",\"dateModified\":\"2020-04-29T16:08:58+00:00\",\"author\":{\"@id\":\"https:\/\/www.arboplus.ca\/blog\/#\/schema\/person\/c4e4c82ad12349aafba47d44193f5540\"},\"breadcrumb\":{\"@id\":\"https:\/\/www.arboplus.ca\/blog\/nouvelles-arboricoles\/candiac-sattaque-a-lagrile-frene.html#breadcrumb\"},\"inLanguage\":\"fr-CA\",\"potentialAction\":[{\"@type\":\"ReadAction\",\"target\":[\"https:\/\/www.arboplus.ca\/blog\/nouvelles-arboricoles\/candiac-sattaque-a-lagrile-frene.html\"]}]},{\"@type\":\"ImageObject\",\"inLanguage\":\"fr-CA\",\"@id\":\"https:\/\/www.arboplus.ca\/blog\/nouvelles-arboricoles\/candiac-sattaque-a-lagrile-frene.html#primaryimage\",\"url\":\"https:\/\/www.arboplus.ca\/blog\/wp-content\/uploads\/2016\/04\/candiac-sattaque-a-lagrile-frene.jpg\",\"contentUrl\":\"https:\/\/www.arboplus.ca\/blog\/wp-content\/uploads\/2016\/04\/candiac-sattaque-a-lagrile-frene.jpg\",\"width\":1350,\"height\":760,\"caption\":\"Candiac s'attaque \u00e0 l\u2019agrile du fr\u00eane\"},{\"@type\":\"BreadcrumbList\",\"@id\":\"https:\/\/www.arboplus.ca\/blog\/nouvelles-arboricoles\/candiac-sattaque-a-lagrile-frene.html#breadcrumb\",\"itemListElement\":[{\"@type\":\"ListItem\",\"position\":1,\"name\":\"Accueil\",\"item\":\"https:\/\/www.arboplus.ca\/blog\/\"},{\"@type\":\"ListItem\",\"position\":2,\"name\":\"Candiac s&rsquo;attaque \u00e0 l&rsquo;agrile du fr\u00eane\"}]},{\"@type\":\"WebSite\",\"@id\":\"https:\/\/www.arboplus.ca\/blog\/#website\",\"url\":\"https:\/\/www.arboplus.ca\/blog\/\",\"name\":\"Arboplus\",\"description\":\"Magazine arboricole\",\"potentialAction\":[{\"@type\":\"SearchAction\",\"target\":{\"@type\":\"EntryPoint\",\"urlTemplate\":\"https:\/\/www.arboplus.ca\/blog\/?s={search_term_string}\"},\"query-input\":{\"@type\":\"PropertyValueSpecification\",\"valueRequired\":true,\"valueName\":\"search_term_string\"}}],\"inLanguage\":\"fr-CA\"},{\"@type\":\"Person\",\"@id\":\"https:\/\/www.arboplus.ca\/blog\/#\/schema\/person\/c4e4c82ad12349aafba47d44193f5540\",\"name\":\"Dominic Perugino\",\"image\":{\"@type\":\"ImageObject\",\"inLanguage\":\"fr-CA\",\"@id\":\"https:\/\/www.arboplus.ca\/blog\/#\/schema\/person\/image\/\",\"url\":\"https:\/\/secure.gravatar.com\/avatar\/0027ec1e3f6852cb4655750d4303f090?s=96&d=mm&r=g\",\"contentUrl\":\"https:\/\/secure.gravatar.com\/avatar\/0027ec1e3f6852cb4655750d4303f090?s=96&d=mm&r=g\",\"caption\":\"Dominic Perugino\"},\"url\":\"https:\/\/www.arboplus.ca\/blog\/author\/dominic-perugino\"}]}<\/script>\n<!-- \/ Yoast SEO plugin. -->","yoast_head_json":{"title":"Candiac s'attaque \u00e0 l'agrile du fr\u00eane - Arboplus","robots":{"index":"index","follow":"follow","max-snippet":"max-snippet:-1","max-image-preview":"max-image-preview:large","max-video-preview":"max-video-preview:-1"},"canonical":"https:\/\/www.arboplus.ca\/blog\/nouvelles-arboricoles\/candiac-sattaque-a-lagrile-frene.html","og_locale":"fr_CA","og_type":"article","og_title":"Candiac s'attaque \u00e0 l'agrile du fr\u00eane - Arboplus","og_description":"Devant l&rsquo;urgence d&rsquo;agir pour sauver les milliers de fr\u00eanes sur son territoire, la Ville de Candiac lance une campagne de sensibilisation sur les effets d\u00e9vastateurs de l&rsquo;agrile du fr\u00eane, dont les premi\u00e8res traces sont apparues dans la municipalit\u00e9 en 2013. Selon Hugo Laperle, arboriculteur engag\u00e9 par la Ville en septembre, la p\u00e9riode de mortalit\u00e9 des arbres d\u00e9bute trois ans apr\u00e8s que la pr\u00e9sence de l&rsquo;insecte... Lire l'article","og_url":"https:\/\/www.arboplus.ca\/blog\/nouvelles-arboricoles\/candiac-sattaque-a-lagrile-frene.html","og_site_name":"Arboplus","article_published_time":"2016-03-30T12:00:44+00:00","article_modified_time":"2020-04-29T16:08:58+00:00","og_image":[{"width":1350,"height":760,"url":"https:\/\/www.arboplus.ca\/blog\/wp-content\/uploads\/2016\/04\/candiac-sattaque-a-lagrile-frene.jpg","type":"image\/jpeg"}],"author":"Dominic Perugino","twitter_misc":{"\u00c9crit par":"Dominic Perugino","Estimation du temps de lecture":"3 minutes"},"schema":{"@context":"https:\/\/schema.org","@graph":[{"@type":"WebPage","@id":"https:\/\/www.arboplus.ca\/blog\/nouvelles-arboricoles\/candiac-sattaque-a-lagrile-frene.html","url":"https:\/\/www.arboplus.ca\/blog\/nouvelles-arboricoles\/candiac-sattaque-a-lagrile-frene.html","name":"Candiac s'attaque \u00e0 l'agrile du fr\u00eane - Arboplus","isPartOf":{"@id":"https:\/\/www.arboplus.ca\/blog\/#website"},"primaryImageOfPage":{"@id":"https:\/\/www.arboplus.ca\/blog\/nouvelles-arboricoles\/candiac-sattaque-a-lagrile-frene.html#primaryimage"},"image":{"@id":"https:\/\/www.arboplus.ca\/blog\/nouvelles-arboricoles\/candiac-sattaque-a-lagrile-frene.html#primaryimage"},"thumbnailUrl":"https:\/\/www.arboplus.ca\/blog\/wp-content\/uploads\/2016\/04\/candiac-sattaque-a-lagrile-frene.jpg","datePublished":"2016-03-30T12:00:44+00:00","dateModified":"2020-04-29T16:08:58+00:00","author":{"@id":"https:\/\/www.arboplus.ca\/blog\/#\/schema\/person\/c4e4c82ad12349aafba47d44193f5540"},"breadcrumb":{"@id":"https:\/\/www.arboplus.ca\/blog\/nouvelles-arboricoles\/candiac-sattaque-a-lagrile-frene.html#breadcrumb"},"inLanguage":"fr-CA","potentialAction":[{"@type":"ReadAction","target":["https:\/\/www.arboplus.ca\/blog\/nouvelles-arboricoles\/candiac-sattaque-a-lagrile-frene.html"]}]},{"@type":"ImageObject","inLanguage":"fr-CA","@id":"https:\/\/www.arboplus.ca\/blog\/nouvelles-arboricoles\/candiac-sattaque-a-lagrile-frene.html#primaryimage","url":"https:\/\/www.arboplus.ca\/blog\/wp-content\/uploads\/2016\/04\/candiac-sattaque-a-lagrile-frene.jpg","contentUrl":"https:\/\/www.arboplus.ca\/blog\/wp-content\/uploads\/2016\/04\/candiac-sattaque-a-lagrile-frene.jpg","width":1350,"height":760,"caption":"Candiac s'attaque \u00e0 l\u2019agrile du fr\u00eane"},{"@type":"BreadcrumbList","@id":"https:\/\/www.arboplus.ca\/blog\/nouvelles-arboricoles\/candiac-sattaque-a-lagrile-frene.html#breadcrumb","itemListElement":[{"@type":"ListItem","position":1,"name":"Accueil","item":"https:\/\/www.arboplus.ca\/blog\/"},{"@type":"ListItem","position":2,"name":"Candiac s&rsquo;attaque \u00e0 l&rsquo;agrile du fr\u00eane"}]},{"@type":"WebSite","@id":"https:\/\/www.arboplus.ca\/blog\/#website","url":"https:\/\/www.arboplus.ca\/blog\/","name":"Arboplus","description":"Magazine arboricole","potentialAction":[{"@type":"SearchAction","target":{"@type":"EntryPoint","urlTemplate":"https:\/\/www.arboplus.ca\/blog\/?s={search_term_string}"},"query-input":{"@type":"PropertyValueSpecification","valueRequired":true,"valueName":"search_term_string"}}],"inLanguage":"fr-CA"},{"@type":"Person","@id":"https:\/\/www.arboplus.ca\/blog\/#\/schema\/person\/c4e4c82ad12349aafba47d44193f5540","name":"Dominic Perugino","image":{"@type":"ImageObject","inLanguage":"fr-CA","@id":"https:\/\/www.arboplus.ca\/blog\/#\/schema\/person\/image\/","url":"https:\/\/secure.gravatar.com\/avatar\/0027ec1e3f6852cb4655750d4303f090?s=96&d=mm&r=g","contentUrl":"https:\/\/secure.gravatar.com\/avatar\/0027ec1e3f6852cb4655750d4303f090?s=96&d=mm&r=g","caption":"Dominic Perugino"},"url":"https:\/\/www.arboplus.ca\/blog\/author\/dominic-perugino"}]}},"_links":{"self":[{"href":"https:\/\/www.arboplus.ca\/blog\/wp-json\/wp\/v2\/posts\/4584","targetHints":{"allow":["GET"]}}],"collection":[{"href":"https:\/\/www.arboplus.ca\/blog\/wp-json\/wp\/v2\/posts"}],"about":[{"href":"https:\/\/www.arboplus.ca\/blog\/wp-json\/wp\/v2\/types\/post"}],"author":[{"embeddable":true,"href":"https:\/\/www.arboplus.ca\/blog\/wp-json\/wp\/v2\/users\/2"}],"replies":[{"embeddable":true,"href":"https:\/\/www.arboplus.ca\/blog\/wp-json\/wp\/v2\/comments?post=4584"}],"version-history":[{"count":8,"href":"https:\/\/www.arboplus.ca\/blog\/wp-json\/wp\/v2\/posts\/4584\/revisions"}],"predecessor-version":[{"id":4593,"href":"https:\/\/www.arboplus.ca\/blog\/wp-json\/wp\/v2\/posts\/4584\/revisions\/4593"}],"wp:featuredmedia":[{"embeddable":true,"href":"https:\/\/www.arboplus.ca\/blog\/wp-json\/wp\/v2\/media\/4585"}],"wp:attachment":[{"href":"https:\/\/www.arboplus.ca\/blog\/wp-json\/wp\/v2\/media?parent=4584"}],"wp:term":[{"taxonomy":"category","embeddable":true,"href":"https:\/\/www.arboplus.ca\/blog\/wp-json\/wp\/v2\/categories?post=4584"},{"taxonomy":"post_tag","embeddable":true,"href":"https:\/\/www.arboplus.ca\/blog\/wp-json\/wp\/v2\/tags?post=4584"}],"curies":[{"name":"wp","href":"https:\/\/api.w.org\/{rel}","templated":true}]}}