{"id":4579,"date":"2016-03-23T08:00:01","date_gmt":"2016-03-23T12:00:01","guid":{"rendered":"http:\/\/www.arboplus.ca\/blog\/?p=4579"},"modified":"2016-04-07T09:28:57","modified_gmt":"2016-04-07T13:28:57","slug":"cri-dalarme-arboriculteurs-de-region-de-gatineau-ottawa","status":"publish","type":"post","link":"https:\/\/www.arboplus.ca\/blog\/nouvelles-arboricoles\/cri-dalarme-arboriculteurs-de-region-de-gatineau-ottawa.html","title":{"rendered":"Cri d&rsquo;alarme des arboriculteurs de la r\u00e9gion de Gatineau et Ottawa"},"content":{"rendered":"<p>Plusieurs <a href=\"http:\/\/www.arboplus.ca\/\">arboriculteurs<\/a> de la r\u00e9gion mettent en garde ceux qui pratiquent la profession sans aucune qualification.<\/p>\n<p>Ils craignent que les accidents se multiplient chez les apprentis arboriculteurs \u00e0 un moment o\u00f9 l&rsquo;abattage des fr\u00eanes malades devient de plus en plus populaire.<\/p>\n<p>Le grand nombre d&rsquo;arbres qui ont \u00e9t\u00e9 attaqu\u00e9s par l&rsquo;<a href=\"http:\/\/www.arboplus.ca\/blog\/arboriculture\/lagrile-du-frene.html\">agrile du fr\u00eane<\/a> a ouvert la voie \u00e0 un commerce tr\u00e8s lucratif.<\/p>\n<p>Beaucoup d&rsquo;entrepreneurs offrent des services pour l&rsquo;<a href=\"http:\/\/www.arboplus.ca\/fr\/abattage-arbre-laval-couper-un-arbre-laval-demontage.html\">abattage d&rsquo;arbre<\/a> et l&rsquo;<a href=\"http:\/\/www.arboplus.ca\/fr\/emondage-arbre-laval-elagage-emondeur-laval-elagueur.html\">\u00e9mondage<\/a> afin de se d\u00e9barrasser des arbres malades. Plusieurs d&rsquo;entre eux n&rsquo;ont pas la formation ni la certification pour r\u00e9aliser le travail.<\/p>\n<p>Un \u00e9mondeur certifi\u00e9, qui compte plus de 15 ans d&rsquo;exp\u00e9rience, estime que l&rsquo;industrie est de plus en plus menac\u00e9e. Pierre Landry d\u00e9plore que les normes ne soient plus respect\u00e9es.<\/p>\n<p>\u00ab Le m\u00e9tier est ouvert \u00e0 tout le monde, une personne avec une \u00e9chelle, un petit c\u00e2ble jaune en nylon, puis une chainsaw. Il coupe des arbres \u00bb, d\u00e9plore-t-il.<\/p>\n<p>En cas d&rsquo;accident de travail, par exemple au Qu\u00e9bec, un r\u00e9sident pourrait \u00eatre bl\u00e2m\u00e9 si le travailleur ne poss\u00e8de pas d&rsquo;assurance responsabilit\u00e9 civile et d&rsquo;assurance avec la Commission de la sant\u00e9 et de la s\u00e9curit\u00e9 (CSST).<\/p>\n<blockquote class=\"max-quote\"><h2>Le travail en hauteur est un des m\u00e9tiers les plus dangereux au Qu\u00e9bec.<\/h2><cite title=\"\">Bruno Chicoine <small> - ing\u00e9nieur forestier \u00e0 l'entreprise Antidote Arboriculture<\/small><\/cite><\/blockquote>\n<p>Un travailleur \u00e2g\u00e9 de 36 ans a perdu la vie \u00e0 Ottawa, le mois dernier, apr\u00e8s \u00eatre tomb\u00e9 d&rsquo;un arbre.<\/p>\n<p>Depuis les cinq derni\u00e8res ann\u00e9es, neuf personnes sont d\u00e9c\u00e9d\u00e9es en Ontario dans des accidents reli\u00e9s au domaine de la scierie et de la for\u00eat. Au Qu\u00e9bec, 10 morts ont \u00e9t\u00e9 recens\u00e9s dans le m\u00eame secteur entre 2011 et 2013.<\/p>\n<p><span style=\"color: #999999;\">Source: http:\/\/ici.radio-canada.ca\/regions\/ottawa\/2015\/08\/17\/007-arboriculteurs-ottawa-gatineau-cri-alarme.shtml<\/span><\/p>\n","protected":false},"excerpt":{"rendered":"<p>Plusieurs arboriculteurs de la r\u00e9gion mettent en garde ceux qui pratiquent la profession sans aucune qualification. Ils craignent que les accidents se multiplient chez les apprentis arboriculteurs \u00e0 un moment o\u00f9 l&rsquo;abattage des fr\u00eanes malades devient de plus en plus populaire. Le grand nombre d&rsquo;arbres qui ont \u00e9t\u00e9 attaqu\u00e9s par l&rsquo;agrile du fr\u00eane a ouvert la voie \u00e0 un commerce tr\u00e8s lucratif. Beaucoup d&rsquo;entrepreneurs offrent&#8230; <\/p>\n<p><a class=\"readmore\" href=\"https:\/\/www.arboplus.ca\/blog\/nouvelles-arboricoles\/cri-dalarme-arboriculteurs-de-region-de-gatineau-ottawa.html\">Lire l&rsquo;article<\/a><\/p>\n","protected":false},"author":2,"featured_media":4582,"comment_status":"open","ping_status":"open","sticky":false,"template":"","format":"standard","meta":{"footnotes":""},"categories":[9],"tags":[],"class_list":["post-4579","post","type-post","status-publish","format-standard","has-post-thumbnail","hentry","category-nouvelles-arboricoles"],"yoast_head":"<!-- This site is optimized with the Yoast SEO plugin v24.7 - https:\/\/yoast.com\/wordpress\/plugins\/seo\/ -->\n<title>Cri d&#039;alarme des arboriculteurs de la r\u00e9gion de Gatineau et Ottawa - Arboplus<\/title>\n<meta name=\"robots\" content=\"index, follow, max-snippet:-1, max-image-preview:large, max-video-preview:-1\" \/>\n<link rel=\"canonical\" href=\"https:\/\/www.arboplus.ca\/blog\/nouvelles-arboricoles\/cri-dalarme-arboriculteurs-de-region-de-gatineau-ottawa.html\" \/>\n<meta property=\"og:locale\" content=\"fr_CA\" \/>\n<meta property=\"og:type\" content=\"article\" \/>\n<meta property=\"og:title\" content=\"Cri d&#039;alarme des arboriculteurs de la r\u00e9gion de Gatineau et Ottawa - Arboplus\" \/>\n<meta property=\"og:description\" content=\"Plusieurs arboriculteurs de la r\u00e9gion mettent en garde ceux qui pratiquent la profession sans aucune qualification. Ils craignent que les accidents se multiplient chez les apprentis arboriculteurs \u00e0 un moment o\u00f9 l&rsquo;abattage des fr\u00eanes malades devient de plus en plus populaire. Le grand nombre d&rsquo;arbres qui ont \u00e9t\u00e9 attaqu\u00e9s par l&rsquo;agrile du fr\u00eane a ouvert la voie \u00e0 un commerce tr\u00e8s lucratif. Beaucoup d&rsquo;entrepreneurs offrent... Lire l&#039;article\" \/>\n<meta property=\"og:url\" content=\"https:\/\/www.arboplus.ca\/blog\/nouvelles-arboricoles\/cri-dalarme-arboriculteurs-de-region-de-gatineau-ottawa.html\" \/>\n<meta property=\"og:site_name\" content=\"Arboplus\" \/>\n<meta property=\"article:published_time\" content=\"2016-03-23T12:00:01+00:00\" \/>\n<meta property=\"article:modified_time\" content=\"2016-04-07T13:28:57+00:00\" \/>\n<meta property=\"og:image\" content=\"https:\/\/www.arboplus.ca\/blog\/wp-content\/uploads\/2016\/03\/cri-dalarme-arboriculteurs-de-region-de-gatineau-ottawa.jpg\" \/>\n\t<meta property=\"og:image:width\" content=\"1920\" \/>\n\t<meta property=\"og:image:height\" content=\"1080\" \/>\n\t<meta property=\"og:image:type\" content=\"image\/jpeg\" \/>\n<meta name=\"author\" content=\"Dominic Perugino\" \/>\n<meta name=\"twitter:label1\" content=\"\u00c9crit par\" \/>\n\t<meta name=\"twitter:data1\" content=\"Dominic Perugino\" \/>\n\t<meta name=\"twitter:label2\" content=\"Estimation du temps de lecture\" \/>\n\t<meta name=\"twitter:data2\" content=\"2 minutes\" \/>\n<script type=\"application\/ld+json\" class=\"yoast-schema-graph\">{\"@context\":\"https:\/\/schema.org\",\"@graph\":[{\"@type\":\"WebPage\",\"@id\":\"https:\/\/www.arboplus.ca\/blog\/nouvelles-arboricoles\/cri-dalarme-arboriculteurs-de-region-de-gatineau-ottawa.html\",\"url\":\"https:\/\/www.arboplus.ca\/blog\/nouvelles-arboricoles\/cri-dalarme-arboriculteurs-de-region-de-gatineau-ottawa.html\",\"name\":\"Cri d'alarme des arboriculteurs de la r\u00e9gion de Gatineau et Ottawa - Arboplus\",\"isPartOf\":{\"@id\":\"https:\/\/www.arboplus.ca\/blog\/#website\"},\"primaryImageOfPage\":{\"@id\":\"https:\/\/www.arboplus.ca\/blog\/nouvelles-arboricoles\/cri-dalarme-arboriculteurs-de-region-de-gatineau-ottawa.html#primaryimage\"},\"image\":{\"@id\":\"https:\/\/www.arboplus.ca\/blog\/nouvelles-arboricoles\/cri-dalarme-arboriculteurs-de-region-de-gatineau-ottawa.html#primaryimage\"},\"thumbnailUrl\":\"https:\/\/www.arboplus.ca\/blog\/wp-content\/uploads\/2016\/03\/cri-dalarme-arboriculteurs-de-region-de-gatineau-ottawa.jpg\",\"datePublished\":\"2016-03-23T12:00:01+00:00\",\"dateModified\":\"2016-04-07T13:28:57+00:00\",\"author\":{\"@id\":\"https:\/\/www.arboplus.ca\/blog\/#\/schema\/person\/c4e4c82ad12349aafba47d44193f5540\"},\"breadcrumb\":{\"@id\":\"https:\/\/www.arboplus.ca\/blog\/nouvelles-arboricoles\/cri-dalarme-arboriculteurs-de-region-de-gatineau-ottawa.html#breadcrumb\"},\"inLanguage\":\"fr-CA\",\"potentialAction\":[{\"@type\":\"ReadAction\",\"target\":[\"https:\/\/www.arboplus.ca\/blog\/nouvelles-arboricoles\/cri-dalarme-arboriculteurs-de-region-de-gatineau-ottawa.html\"]}]},{\"@type\":\"ImageObject\",\"inLanguage\":\"fr-CA\",\"@id\":\"https:\/\/www.arboplus.ca\/blog\/nouvelles-arboricoles\/cri-dalarme-arboriculteurs-de-region-de-gatineau-ottawa.html#primaryimage\",\"url\":\"https:\/\/www.arboplus.ca\/blog\/wp-content\/uploads\/2016\/03\/cri-dalarme-arboriculteurs-de-region-de-gatineau-ottawa.jpg\",\"contentUrl\":\"https:\/\/www.arboplus.ca\/blog\/wp-content\/uploads\/2016\/03\/cri-dalarme-arboriculteurs-de-region-de-gatineau-ottawa.jpg\",\"width\":1920,\"height\":1080,\"caption\":\"Cri d'alarme des arboriculteurs de la r\u00e9gion de Gatineau et Ottawa\"},{\"@type\":\"BreadcrumbList\",\"@id\":\"https:\/\/www.arboplus.ca\/blog\/nouvelles-arboricoles\/cri-dalarme-arboriculteurs-de-region-de-gatineau-ottawa.html#breadcrumb\",\"itemListElement\":[{\"@type\":\"ListItem\",\"position\":1,\"name\":\"Accueil\",\"item\":\"https:\/\/www.arboplus.ca\/blog\/\"},{\"@type\":\"ListItem\",\"position\":2,\"name\":\"Cri d&rsquo;alarme des arboriculteurs de la r\u00e9gion de Gatineau et Ottawa\"}]},{\"@type\":\"WebSite\",\"@id\":\"https:\/\/www.arboplus.ca\/blog\/#website\",\"url\":\"https:\/\/www.arboplus.ca\/blog\/\",\"name\":\"Arboplus\",\"description\":\"Magazine arboricole\",\"potentialAction\":[{\"@type\":\"SearchAction\",\"target\":{\"@type\":\"EntryPoint\",\"urlTemplate\":\"https:\/\/www.arboplus.ca\/blog\/?s={search_term_string}\"},\"query-input\":{\"@type\":\"PropertyValueSpecification\",\"valueRequired\":true,\"valueName\":\"search_term_string\"}}],\"inLanguage\":\"fr-CA\"},{\"@type\":\"Person\",\"@id\":\"https:\/\/www.arboplus.ca\/blog\/#\/schema\/person\/c4e4c82ad12349aafba47d44193f5540\",\"name\":\"Dominic Perugino\",\"image\":{\"@type\":\"ImageObject\",\"inLanguage\":\"fr-CA\",\"@id\":\"https:\/\/www.arboplus.ca\/blog\/#\/schema\/person\/image\/\",\"url\":\"https:\/\/secure.gravatar.com\/avatar\/0027ec1e3f6852cb4655750d4303f090?s=96&d=mm&r=g\",\"contentUrl\":\"https:\/\/secure.gravatar.com\/avatar\/0027ec1e3f6852cb4655750d4303f090?s=96&d=mm&r=g\",\"caption\":\"Dominic Perugino\"},\"url\":\"https:\/\/www.arboplus.ca\/blog\/author\/dominic-perugino\"}]}<\/script>\n<!-- \/ Yoast SEO plugin. -->","yoast_head_json":{"title":"Cri d'alarme des arboriculteurs de la r\u00e9gion de Gatineau et Ottawa - Arboplus","robots":{"index":"index","follow":"follow","max-snippet":"max-snippet:-1","max-image-preview":"max-image-preview:large","max-video-preview":"max-video-preview:-1"},"canonical":"https:\/\/www.arboplus.ca\/blog\/nouvelles-arboricoles\/cri-dalarme-arboriculteurs-de-region-de-gatineau-ottawa.html","og_locale":"fr_CA","og_type":"article","og_title":"Cri d'alarme des arboriculteurs de la r\u00e9gion de Gatineau et Ottawa - Arboplus","og_description":"Plusieurs arboriculteurs de la r\u00e9gion mettent en garde ceux qui pratiquent la profession sans aucune qualification. Ils craignent que les accidents se multiplient chez les apprentis arboriculteurs \u00e0 un moment o\u00f9 l&rsquo;abattage des fr\u00eanes malades devient de plus en plus populaire. Le grand nombre d&rsquo;arbres qui ont \u00e9t\u00e9 attaqu\u00e9s par l&rsquo;agrile du fr\u00eane a ouvert la voie \u00e0 un commerce tr\u00e8s lucratif. Beaucoup d&rsquo;entrepreneurs offrent... Lire l'article","og_url":"https:\/\/www.arboplus.ca\/blog\/nouvelles-arboricoles\/cri-dalarme-arboriculteurs-de-region-de-gatineau-ottawa.html","og_site_name":"Arboplus","article_published_time":"2016-03-23T12:00:01+00:00","article_modified_time":"2016-04-07T13:28:57+00:00","og_image":[{"width":1920,"height":1080,"url":"https:\/\/www.arboplus.ca\/blog\/wp-content\/uploads\/2016\/03\/cri-dalarme-arboriculteurs-de-region-de-gatineau-ottawa.jpg","type":"image\/jpeg"}],"author":"Dominic Perugino","twitter_misc":{"\u00c9crit par":"Dominic Perugino","Estimation du temps de lecture":"2 minutes"},"schema":{"@context":"https:\/\/schema.org","@graph":[{"@type":"WebPage","@id":"https:\/\/www.arboplus.ca\/blog\/nouvelles-arboricoles\/cri-dalarme-arboriculteurs-de-region-de-gatineau-ottawa.html","url":"https:\/\/www.arboplus.ca\/blog\/nouvelles-arboricoles\/cri-dalarme-arboriculteurs-de-region-de-gatineau-ottawa.html","name":"Cri d'alarme des arboriculteurs de la r\u00e9gion de Gatineau et Ottawa - Arboplus","isPartOf":{"@id":"https:\/\/www.arboplus.ca\/blog\/#website"},"primaryImageOfPage":{"@id":"https:\/\/www.arboplus.ca\/blog\/nouvelles-arboricoles\/cri-dalarme-arboriculteurs-de-region-de-gatineau-ottawa.html#primaryimage"},"image":{"@id":"https:\/\/www.arboplus.ca\/blog\/nouvelles-arboricoles\/cri-dalarme-arboriculteurs-de-region-de-gatineau-ottawa.html#primaryimage"},"thumbnailUrl":"https:\/\/www.arboplus.ca\/blog\/wp-content\/uploads\/2016\/03\/cri-dalarme-arboriculteurs-de-region-de-gatineau-ottawa.jpg","datePublished":"2016-03-23T12:00:01+00:00","dateModified":"2016-04-07T13:28:57+00:00","author":{"@id":"https:\/\/www.arboplus.ca\/blog\/#\/schema\/person\/c4e4c82ad12349aafba47d44193f5540"},"breadcrumb":{"@id":"https:\/\/www.arboplus.ca\/blog\/nouvelles-arboricoles\/cri-dalarme-arboriculteurs-de-region-de-gatineau-ottawa.html#breadcrumb"},"inLanguage":"fr-CA","potentialAction":[{"@type":"ReadAction","target":["https:\/\/www.arboplus.ca\/blog\/nouvelles-arboricoles\/cri-dalarme-arboriculteurs-de-region-de-gatineau-ottawa.html"]}]},{"@type":"ImageObject","inLanguage":"fr-CA","@id":"https:\/\/www.arboplus.ca\/blog\/nouvelles-arboricoles\/cri-dalarme-arboriculteurs-de-region-de-gatineau-ottawa.html#primaryimage","url":"https:\/\/www.arboplus.ca\/blog\/wp-content\/uploads\/2016\/03\/cri-dalarme-arboriculteurs-de-region-de-gatineau-ottawa.jpg","contentUrl":"https:\/\/www.arboplus.ca\/blog\/wp-content\/uploads\/2016\/03\/cri-dalarme-arboriculteurs-de-region-de-gatineau-ottawa.jpg","width":1920,"height":1080,"caption":"Cri d'alarme des arboriculteurs de la r\u00e9gion de Gatineau et Ottawa"},{"@type":"BreadcrumbList","@id":"https:\/\/www.arboplus.ca\/blog\/nouvelles-arboricoles\/cri-dalarme-arboriculteurs-de-region-de-gatineau-ottawa.html#breadcrumb","itemListElement":[{"@type":"ListItem","position":1,"name":"Accueil","item":"https:\/\/www.arboplus.ca\/blog\/"},{"@type":"ListItem","position":2,"name":"Cri d&rsquo;alarme des arboriculteurs de la r\u00e9gion de Gatineau et Ottawa"}]},{"@type":"WebSite","@id":"https:\/\/www.arboplus.ca\/blog\/#website","url":"https:\/\/www.arboplus.ca\/blog\/","name":"Arboplus","description":"Magazine arboricole","potentialAction":[{"@type":"SearchAction","target":{"@type":"EntryPoint","urlTemplate":"https:\/\/www.arboplus.ca\/blog\/?s={search_term_string}"},"query-input":{"@type":"PropertyValueSpecification","valueRequired":true,"valueName":"search_term_string"}}],"inLanguage":"fr-CA"},{"@type":"Person","@id":"https:\/\/www.arboplus.ca\/blog\/#\/schema\/person\/c4e4c82ad12349aafba47d44193f5540","name":"Dominic Perugino","image":{"@type":"ImageObject","inLanguage":"fr-CA","@id":"https:\/\/www.arboplus.ca\/blog\/#\/schema\/person\/image\/","url":"https:\/\/secure.gravatar.com\/avatar\/0027ec1e3f6852cb4655750d4303f090?s=96&d=mm&r=g","contentUrl":"https:\/\/secure.gravatar.com\/avatar\/0027ec1e3f6852cb4655750d4303f090?s=96&d=mm&r=g","caption":"Dominic Perugino"},"url":"https:\/\/www.arboplus.ca\/blog\/author\/dominic-perugino"}]}},"_links":{"self":[{"href":"https:\/\/www.arboplus.ca\/blog\/wp-json\/wp\/v2\/posts\/4579","targetHints":{"allow":["GET"]}}],"collection":[{"href":"https:\/\/www.arboplus.ca\/blog\/wp-json\/wp\/v2\/posts"}],"about":[{"href":"https:\/\/www.arboplus.ca\/blog\/wp-json\/wp\/v2\/types\/post"}],"author":[{"embeddable":true,"href":"https:\/\/www.arboplus.ca\/blog\/wp-json\/wp\/v2\/users\/2"}],"replies":[{"embeddable":true,"href":"https:\/\/www.arboplus.ca\/blog\/wp-json\/wp\/v2\/comments?post=4579"}],"version-history":[{"count":3,"href":"https:\/\/www.arboplus.ca\/blog\/wp-json\/wp\/v2\/posts\/4579\/revisions"}],"predecessor-version":[{"id":4583,"href":"https:\/\/www.arboplus.ca\/blog\/wp-json\/wp\/v2\/posts\/4579\/revisions\/4583"}],"wp:featuredmedia":[{"embeddable":true,"href":"https:\/\/www.arboplus.ca\/blog\/wp-json\/wp\/v2\/media\/4582"}],"wp:attachment":[{"href":"https:\/\/www.arboplus.ca\/blog\/wp-json\/wp\/v2\/media?parent=4579"}],"wp:term":[{"taxonomy":"category","embeddable":true,"href":"https:\/\/www.arboplus.ca\/blog\/wp-json\/wp\/v2\/categories?post=4579"},{"taxonomy":"post_tag","embeddable":true,"href":"https:\/\/www.arboplus.ca\/blog\/wp-json\/wp\/v2\/tags?post=4579"}],"curies":[{"name":"wp","href":"https:\/\/api.w.org\/{rel}","templated":true}]}}