{"id":4544,"date":"2015-12-01T08:00:23","date_gmt":"2015-12-01T13:00:23","guid":{"rendered":"http:\/\/www.arboplus.ca\/blog\/?p=4544"},"modified":"2015-12-04T20:52:09","modified_gmt":"2015-12-05T01:52:09","slug":"intendance-et-spiritualite","status":"publish","type":"post","link":"https:\/\/www.arboplus.ca\/blog\/philosophie\/intendance-et-spiritualite.html","title":{"rendered":"Intendance et spiritualit\u00e9"},"content":{"rendered":"<h2>Qui suis-je?<\/h2>\n<p>R\u00e9capitulons quelques notions concernant le concept d&rsquo;<a href=\"http:\/\/www.arboplus.ca\/blog\/philosophie\/lintendance-de-la-creation.html\">intendance de la cr\u00e9ation<\/a>. Si la philosophie rime souvent avec abstrait, il est indispensable qu&rsquo;elle devienne quelque chose de concret. Ce que l&rsquo;on per\u00e7oit comme \u00e9tant de la pure abstraction appartient \u00e0 la raison th\u00e9orique, mais il y a, soyez rassur\u00e9s, une branche de la r\u00e9flexion philosophique plus concr\u00e8te que l&rsquo;on appelle la raison ou la philosophie pratique. La sp\u00e9culation th\u00e9orique se pose des questions dont les r\u00e9ponses seront limit\u00e9es aux concepts abstraits, c&rsquo;est vrai, mais cela doit toujours permettre une r\u00e9flexion pratique. Ainsi, en philosophant sur la crise \u00e9cologique, nous avons convenu qu&rsquo;il est question du r\u00f4le d&rsquo;intendant de l&rsquo;\u00eatre humain au centre de la cr\u00e9ation. Plus pr\u00e9cis\u00e9ment, et toujours en restant dans l&rsquo;abstrait, le probl\u00e8me de l&rsquo;intendance de la cr\u00e9ation est un probl\u00e8me identitaire, c&rsquo;est-\u00e0-dire que le probl\u00e8me n&rsquo;est pas surtout du c\u00f4t\u00e9 du savoir ou du savoir-faire. Selon nous, le probl\u00e8me est identitaire et du domaine du savoir-\u00eatre. Face aux probl\u00e8mes \u00e9cologiques, les entreprises, les municipalit\u00e9s, les corporations, les gouvernements et les individus doivent se demander : \u00ab Qui suis-je? Qui sommes-nous? \u00bb C&rsquo;est ensuite qu&rsquo;entrent en ligne de compte les questions de savoir et de savoir faire.<\/p>\n<h3>L&rsquo;amour des autres et la nature<\/h3>\n<p>Il semble que le savoir-\u00eatre ne puisse changer par nos propres forces. Comment passer d&rsquo;une perception de soi \u00e0 une autre? D&rsquo;une identit\u00e9 fondamentale \u00e0 une autre? Cela rel\u00e8ve du c\u0153ur humain et ne peut \u00eatre chang\u00e9 que par l&rsquo;Amour divin qui se partage de fa\u00e7on myst\u00e9rieuse. Un des messages de l&rsquo;\u00e9vangile est celui-ci : Dieu nous aime et veut que nous vivions en harmonie avec Lui, avec les autres, et avec la nature. Avec Dieu, car nous sommes ses biens aim\u00e9s, cr\u00e9\u00e9s \u00e0 son image, avec les autres, car nous sommes tous de la m\u00eame famille, issus d&rsquo;un seul P\u00e8re. Avec la nature, car celle-ci est notre foyer, dont nous d\u00e9pendons \u00e9troitement, dont les autres aussi d\u00e9pendent, et dont les g\u00e9n\u00e9rations futures aussi auront besoin.<\/p>\n<p>En ce sens, le commandement de l&rsquo;amour du prochain implique le souci de la nature. Le commandement de l&rsquo;amour est rest\u00e9 comme impr\u00e9gn\u00e9 dans l&rsquo;esprit de l&rsquo;occident chr\u00e9tien et on le cite souvent comme une contribution positive (pour certains, la seule\u2026) de la religion chr\u00e9tienne. J\u00e9sus dit : \u00ab aimez-vous les uns les autres \u00bb. Pas difficile \u00e0 retenir! Et pourtant, ce n&rsquo;est qu&rsquo;une partie de l&rsquo;injonction. L&rsquo;amour, c&rsquo;est trop vague. Qu&rsquo;est-ce que l&rsquo;amour, l&rsquo;amour concret, justement? On le trouve dans le reste de la r\u00e9f\u00e9rence : \u00ab Aimez-vous les uns les autres; comme je vous ai aim\u00e9s, vous aussi, aimez-vous les uns les autres \u00bb (Jean 13,34). Voil\u00e0 qui est plus clair : comme je vous ai aim\u00e9. Comment nous a-t-il aim\u00e9s? En laissant ses propres int\u00e9r\u00eats et en donnant sa vie pour ses amis, et m\u00eame ses ennemis. Un autre passage peut nous aider \u00e0 saisir ce savoir-\u00eatre d&rsquo;amour qui nous est command\u00e9 : \u00ab Que chacun, au lieu de regarder \u00e0 ce qui lui est propre, s&rsquo;int\u00e9resse plut\u00f4t aux autres. Ayez entre vous les dispositions qui sont en J\u00e9sus-Christ : lui qui \u00e9tait vraiment divin, il ne s&rsquo;est pas pr\u00e9valu d&rsquo;un rang d&rsquo;\u00e9galit\u00e9 avec Dieu, mais il s&rsquo;est vid\u00e9 de lui-m\u00eame en se faisant vraiment esclave, en devenant semblable aux humains; reconnu \u00e0 son aspect comme humain, il s&rsquo;est abaiss\u00e9 lui-m\u00eame en devenant ob\u00e9issant jusqu&rsquo;\u00e0 la mort \u2013 la mort sur la croix \u00bb (Philippiens 2,4-8). Ce passage nous dit d&rsquo;imiter J\u00e9sus. Si Lui, qui \u00e9tait en tout sup\u00e9rieur, s&rsquo;est abaiss\u00e9 pour nous servir, alors \u00e0 plus forte raison nous, qui ne sommes pas sup\u00e9rieurs \u00e0 qui que ce soit, devons avoir le souci des autres.<\/p>\n<p>L&rsquo;importance est capitale pour ce qui est de l&rsquo;intendance de la cr\u00e9ation, c&rsquo;est m\u00eame l\u00e0 le principe premier. L&rsquo;\u00eatre humain est sur la terre pour en \u00eatre l&rsquo;intendant au nom de son cr\u00e9ateur; or ce cr\u00e9ateur est l&rsquo;humilit\u00e9 m\u00eame. Il n&rsquo;asservit personne, ne profite de personne et n&rsquo;utilise pas son pouvoir pour dominer. C&rsquo;est l\u00e0 l&rsquo;identit\u00e9 que nous sommes appel\u00e9s \u00e0 rev\u00eatir, et nous disons qu&rsquo;il y a des cons\u00e9quences pour tout le genre humain, notamment pour le comportement des entreprises et pour la gestion de nos ressources. Comme nous venons de le dire, l&rsquo;amour du prochain implique la gestion responsable de la nature, car le prochain est quelqu&rsquo;un, ici ou ailleurs, maintenant ou dans le futur, qui d\u00e9pend \u00e9troitement d&rsquo;un syst\u00e8me \u00e9cologique \u00e9quilibr\u00e9. Mais l&rsquo;intendance de la cr\u00e9ation ne s&rsquo;arr\u00eate pas l\u00e0, il s&rsquo;agit aussi de g\u00e9rer nos entreprises comme des ressources au service de la cause de l&rsquo;amour du prochain et du service de l&rsquo;autre. Une <a href=\"http:\/\/www.arboplus.ca\/fr\/emondage-arbre-laval-elagage-emondeur-laval-elagueur.html\">compagnie d&rsquo;\u00e9lagage<\/a> devrait-elle offrir ses services \u00e0 un organisme communautaire, gratuitement ou \u00e0 prix r\u00e9duit? Devrait-elle utiliser une partie de ses profits pour financer un projet humanitaire? Nous croyons qu&rsquo;en prenant J\u00e9sus en exemple, de nombreuses fa\u00e7ons de mettre en pratique l&rsquo;intendance s&rsquo;offrent \u00e0 nous. Ce n&rsquo;est pas par contrainte, car le commandement de l&rsquo;amour est ex\u00e9cut\u00e9 par quelqu&rsquo;un qui se laisse d\u00e9finir dans son \u00eatre par cet Amour qui le d\u00e9passe.<\/p>\n<h3>Un exemple concret d&rsquo;intendance<\/h3>\n<p>Chez <a href=\"http:\/\/www.arboplus.ca\">Arboplus<\/a>, nous sommes loin d&rsquo;\u00eatre les seuls \u00e9mondeurs \u00e0 vouloir faire avancer la cause de l&rsquo;\u00e9cologie en arboriculture. L&rsquo;existence de la Soci\u00e9t\u00e9 internationale d&rsquo;arboriculture du Qu\u00e9bec (SIAQ) en est une preuve. Cet organisme fait la promotion du savoir et du savoir-faire arboricole dans le but de favoriser une pratique professionnelle et respectueuse de l&rsquo;environnement. En faisant r\u00e9f\u00e9rence \u00e0 leurs publications, les propri\u00e9taires peuvent avoir l&rsquo;heure juste quant aux crit\u00e8res \u00e0 surveiller pour le choix d&rsquo;une entreprise d&rsquo;\u00e9lagage. Pour ce qui est du savoir-faire, la SIAQ maintient le degr\u00e9 de professionnalisme des entreprises en offrant des certifications aux praticiens. Ceux-ci sont donc tenus de se mettre \u00e0 jour quant aux pratiques professionnelles et \u00e9coresponsables de l&rsquo;arboriculture. Sur une note plus ludique, la SIAQ organise aussi des championnats d&rsquo;arboriculture, faisant ainsi la promotion des <a href=\"http:\/\/www.arboplus.ca\/blog\/arboriculture\/larboriculture-et-les-regles-de-lart.html\">r\u00e8gles de l&rsquo;art de l&rsquo;arboriculture<\/a> tout en valorisant la comp\u00e9tence et la dext\u00e9rit\u00e9 requises pour les arboristes grimpeurs. \u00c0 ce titre, nous recommandons la <a href=\"http:\/\/www.siaq.org\">SIAQ<\/a> pour tous ceux qui sont \u00e0 la recherche de moyens et d&rsquo;informations qui peuvent les aider \u00e0 agir comme des intendants pour la for\u00eat urbaine, ne serait-ce que pour la gestion d&rsquo;un seul arbre sur un terrain.<\/p>\n<h3>L&rsquo;intendance d&rsquo;Arboplus<\/h3>\n<p>Quand une entreprise a la conviction d&rsquo;\u00eatre appel\u00e9e par une\u00a0mission, les initiatives suivent. L&rsquo;identit\u00e9 de l&rsquo;intendant, inspir\u00e9e par la personne de J\u00e9sus, si elle est appliqu\u00e9e \u00e0 toute l&rsquo;entreprise, fait sortir obligatoirement de l&rsquo;abstrait pour entrer dans le concret. Chez Arboplus, bien que notre souci premier est de mettre en valeur les arbres, nous avons d\u00e9cid\u00e9 de soutenir un organisme communautaire qui offre, entre autres, du soutien \u00e0 la r\u00e9ussite scolaire. D\u00e8s le d\u00e9but de la saison 2015, l&rsquo;\u00e9quipe d&rsquo;\u00e9lagage d&rsquo;Arboplus est all\u00e9e chez <a href=\"http:\/\/www.entreados.org\/\">Entr&rsquo;ados<\/a> \u00e0 Hochelaga-Maisonneuve pour faire l&rsquo;\u00e9lagage d&rsquo;une demi-douzaine d&rsquo;arbres sur le terrain. Le but de cet \u00e9lagage \u00e9tait d&rsquo;harmoniser la pr\u00e9sence d&rsquo;arbres sur le terrain avec le projet de jardin qui allait avoir lieu \u00e0 l&rsquo;\u00e9t\u00e9 2015 et dans lequel des jeunes de 12 \u00e0 15 ans allaient participer. Le tout fut gratuit et comptait, pour nous, comme contribution dont nous croyons que nous sommes appel\u00e9s \u00e0 maintenir tant que l&rsquo;entreprise existera.<\/p>\n<p>Une fois l&rsquo;espace bien d\u00e9gag\u00e9 pour le projet \u00ab La gang du jardin Entr&rsquo;ados \u00bb, le lieu \u00e9tait pr\u00eat pour un apprentissage essentiel et amusant sur la production de nourriture saine et \u00e9conomique pour les jeunes. Le projet nous plut tellement que nous avons d\u00e9cid\u00e9 de donner 7500 $ pour son d\u00e9veloppement. Une initiative de microentreprise comme celle-ci est certaine de donner des r\u00e9sultats \u00e0 long terme dans la vie des jeunes participants. Tout d&rsquo;abord, il y a l&rsquo;estime de soi. Le simple fait de se savoir capable de produire de la nourriture est assez pour qu&rsquo;un jeune soit fier de lui-m\u00eame. Il y a aussi le savoir-faire du jardin qui, en soi, est un avantage pour qu&rsquo;une personne ou un groupe puisse obtenir une plus grande autonomie financi\u00e8re tout en consommant des produits sains et biologiques. Le jardinage est aussi, en tant qu&rsquo;activit\u00e9, un passe-temps constructif qui encourage le d\u00e9veloppement mental, plus en tous cas que les jeux vid\u00e9o!<\/p>\n<p>Le point fort est selon nous dans le fait que le jardin est une microentreprise. Cela signifie que les jeunes apprennent \u00e0 g\u00e9rer une petite production et un petit commerce. En les initiant ainsi au monde du travail, le jardin devient le premier \u00e9l\u00e9ment que ces jeunes pourront inclure dans leur CV.<\/p>\n<h3>L&rsquo;hiver, un temps de r\u00e9flexion et de repos<\/h3>\n<p>Pour bien des \u00e9lagueurs, l&rsquo;hiver est un temps de r\u00e9flexion et de repos. Or, ce temps devrait aussi privil\u00e9gier un certain recul sur le travail accompli. Avons-nous contribu\u00e9 aux solutions face \u00e0 des probl\u00e8mes tels que l&rsquo;<a href=\"http:\/\/www.arboplus.ca\/blog\/arboriculture\/lagrile-du-frene.html\">agrile du fr\u00eane<\/a>? Avons-nous trait\u00e9 chaque arbre avec respect? Avons-nous profit\u00e9 de nos connaissances pour informer chaque client pour les \u00e9quiper afin de pr\u00e9server leurs arbres? Les entrepreneurs peuvent aussi r\u00e9fl\u00e9chir \u00e0 des initiatives philanthropiques. Chez Arboplus, l&rsquo;hiver sera un temps pour r\u00e9fl\u00e9chir \u00e0 notre implication sociale et au r\u00f4le d&rsquo;intendant que notre foi commande pour la pratique de notre m\u00e9tier.<\/p>\n","protected":false},"excerpt":{"rendered":"<p>Pour bien des \u00e9lagueurs, l&rsquo;hiver est un temps de r\u00e9flexion et de repos. Or, ce temps devrait aussi privil\u00e9gier un certain recul sur le travail accompli. Avons-nous contribu\u00e9 aux solutions face \u00e0 des probl\u00e8mes tels que l&rsquo;agrile du fr\u00eane? Avons-nous trait\u00e9 chaque arbre avec respect? Avons-nous profit\u00e9 de nos connaissances pour informer chaque client pour les \u00e9quiper afin de pr\u00e9server leurs arbres? Les entrepreneurs peuvent aussi r\u00e9fl\u00e9chir \u00e0 des initiatives philanthropiques. Chez Arboplus, l&rsquo;hiver sera un temps pour r\u00e9fl\u00e9chir \u00e0 notre implication sociale et au r\u00f4le d&rsquo;intendant que notre foi commande pour la pratique de notre m\u00e9tier.<\/p>\n","protected":false},"author":2,"featured_media":4546,"comment_status":"open","ping_status":"open","sticky":false,"template":"","format":"standard","meta":{"footnotes":""},"categories":[8],"tags":[62,524,520,522,536,54,53,540,549,539,519,530,70,79,553,551,117,526,49,527,58,96,336,538,543,528,548,521,541,532,544,531,518,555,554,508,514,523,525,547,552,73,546,534,529,509,513,515,517,545,550,535,512,510,511,516,93,537,542,533],"class_list":["post-4544","post","type-post","status-publish","format-standard","has-post-thumbnail","hentry","category-philosophie","tag-agrile-du-frene","tag-amour","tag-amour-divin","tag-amour-du-prochain","tag-arboplus","tag-arboricole","tag-arboriculture","tag-arboristes-grimpeurs","tag-autonomie-financiere","tag-championnats-darboriculture","tag-coeur-humain","tag-createur","tag-creation","tag-crise-ecologique","tag-cv","tag-developpement-mental","tag-dieu","tag-divin","tag-ecologie","tag-egalite-avec-dieu","tag-elagage","tag-elagueurs","tag-emondeurs","tag-entreprise-delagage","tag-equipe-delagage","tag-esclave","tag-estime-de-soi","tag-evangile","tag-foret-urbaine","tag-gestion-responsable","tag-hochelaga","tag-humilite","tag-identite-fondamentale","tag-implication-sociale","tag-initiatives-philanthropiques","tag-intendance-de-la-creation","tag-intendant","tag-jesus","tag-jesus-christ","tag-microentreprise","tag-monde-du-travail","tag-nature","tag-nourriture-saine","tag-organisme-communautaire","tag-philippiens","tag-philosophie","tag-philosophie-pratique","tag-probleme-identitaire","tag-problemes-ecologiques","tag-production-de-nourriture","tag-produits-biologiques","tag-projet-humanitaire","tag-raison","tag-raison-theorique","tag-reflexion-philosophique","tag-savoir-etre","tag-siaq","tag-societe-internationale-darboriculture-du-quebec","tag-soutien-a-la-reussite-scolaire","tag-systeme-ecologique-equilibre"],"yoast_head":"<!-- This site is optimized with the Yoast SEO plugin v24.7 - https:\/\/yoast.com\/wordpress\/plugins\/seo\/ -->\n<title>Intendance et spiritualit\u00e9 - Intendance de la cr\u00e9ation - Arboplus<\/title>\n<meta name=\"description\" content=\"R\u00e9capitulons quelques notions concernant le concept d&#039;intendance de la cr\u00e9ation. Pour bien des \u00e9lagueurs, l&#039;hiver est un temps de r\u00e9flexion et de repos.\" \/>\n<meta name=\"robots\" content=\"index, follow, max-snippet:-1, max-image-preview:large, max-video-preview:-1\" \/>\n<link rel=\"canonical\" href=\"https:\/\/www.arboplus.ca\/blog\/philosophie\/intendance-et-spiritualite.html\" \/>\n<meta property=\"og:locale\" content=\"fr_CA\" \/>\n<meta property=\"og:type\" content=\"article\" \/>\n<meta property=\"og:title\" content=\"Intendance et spiritualit\u00e9 - Intendance de la cr\u00e9ation - Arboplus\" \/>\n<meta property=\"og:description\" content=\"R\u00e9capitulons quelques notions concernant le concept d&#039;intendance de la cr\u00e9ation. Pour bien des \u00e9lagueurs, l&#039;hiver est un temps de r\u00e9flexion et de repos.\" \/>\n<meta property=\"og:url\" content=\"https:\/\/www.arboplus.ca\/blog\/philosophie\/intendance-et-spiritualite.html\" \/>\n<meta property=\"og:site_name\" content=\"Arboplus\" \/>\n<meta property=\"article:published_time\" content=\"2015-12-01T13:00:23+00:00\" \/>\n<meta property=\"article:modified_time\" content=\"2015-12-05T01:52:09+00:00\" \/>\n<meta property=\"og:image\" content=\"https:\/\/www.arboplus.ca\/blog\/wp-content\/uploads\/2015\/11\/intendance-et-spiritualite.jpg\" \/>\n\t<meta property=\"og:image:width\" content=\"1920\" \/>\n\t<meta property=\"og:image:height\" content=\"1080\" \/>\n\t<meta property=\"og:image:type\" content=\"image\/jpeg\" \/>\n<meta name=\"author\" content=\"Dominic Perugino\" \/>\n<meta name=\"twitter:label1\" content=\"\u00c9crit par\" \/>\n\t<meta name=\"twitter:data1\" content=\"Dominic Perugino\" \/>\n\t<meta name=\"twitter:label2\" content=\"Estimation du temps de lecture\" \/>\n\t<meta name=\"twitter:data2\" content=\"8 minutes\" \/>\n<script type=\"application\/ld+json\" class=\"yoast-schema-graph\">{\"@context\":\"https:\/\/schema.org\",\"@graph\":[{\"@type\":\"WebPage\",\"@id\":\"https:\/\/www.arboplus.ca\/blog\/philosophie\/intendance-et-spiritualite.html\",\"url\":\"https:\/\/www.arboplus.ca\/blog\/philosophie\/intendance-et-spiritualite.html\",\"name\":\"Intendance et spiritualit\u00e9 - Intendance de la cr\u00e9ation - Arboplus\",\"isPartOf\":{\"@id\":\"https:\/\/www.arboplus.ca\/blog\/#website\"},\"primaryImageOfPage\":{\"@id\":\"https:\/\/www.arboplus.ca\/blog\/philosophie\/intendance-et-spiritualite.html#primaryimage\"},\"image\":{\"@id\":\"https:\/\/www.arboplus.ca\/blog\/philosophie\/intendance-et-spiritualite.html#primaryimage\"},\"thumbnailUrl\":\"https:\/\/www.arboplus.ca\/blog\/wp-content\/uploads\/2015\/11\/intendance-et-spiritualite.jpg\",\"datePublished\":\"2015-12-01T13:00:23+00:00\",\"dateModified\":\"2015-12-05T01:52:09+00:00\",\"author\":{\"@id\":\"https:\/\/www.arboplus.ca\/blog\/#\/schema\/person\/c4e4c82ad12349aafba47d44193f5540\"},\"description\":\"R\u00e9capitulons quelques notions concernant le concept d'intendance de la cr\u00e9ation. Pour bien des \u00e9lagueurs, l'hiver est un temps de r\u00e9flexion et de repos.\",\"breadcrumb\":{\"@id\":\"https:\/\/www.arboplus.ca\/blog\/philosophie\/intendance-et-spiritualite.html#breadcrumb\"},\"inLanguage\":\"fr-CA\",\"potentialAction\":[{\"@type\":\"ReadAction\",\"target\":[\"https:\/\/www.arboplus.ca\/blog\/philosophie\/intendance-et-spiritualite.html\"]}]},{\"@type\":\"ImageObject\",\"inLanguage\":\"fr-CA\",\"@id\":\"https:\/\/www.arboplus.ca\/blog\/philosophie\/intendance-et-spiritualite.html#primaryimage\",\"url\":\"https:\/\/www.arboplus.ca\/blog\/wp-content\/uploads\/2015\/11\/intendance-et-spiritualite.jpg\",\"contentUrl\":\"https:\/\/www.arboplus.ca\/blog\/wp-content\/uploads\/2015\/11\/intendance-et-spiritualite.jpg\",\"width\":1920,\"height\":1080,\"caption\":\"Intendance et spiritualit\u00e9\"},{\"@type\":\"BreadcrumbList\",\"@id\":\"https:\/\/www.arboplus.ca\/blog\/philosophie\/intendance-et-spiritualite.html#breadcrumb\",\"itemListElement\":[{\"@type\":\"ListItem\",\"position\":1,\"name\":\"Accueil\",\"item\":\"https:\/\/www.arboplus.ca\/blog\/\"},{\"@type\":\"ListItem\",\"position\":2,\"name\":\"Intendance et spiritualit\u00e9\"}]},{\"@type\":\"WebSite\",\"@id\":\"https:\/\/www.arboplus.ca\/blog\/#website\",\"url\":\"https:\/\/www.arboplus.ca\/blog\/\",\"name\":\"Arboplus\",\"description\":\"Magazine arboricole\",\"potentialAction\":[{\"@type\":\"SearchAction\",\"target\":{\"@type\":\"EntryPoint\",\"urlTemplate\":\"https:\/\/www.arboplus.ca\/blog\/?s={search_term_string}\"},\"query-input\":{\"@type\":\"PropertyValueSpecification\",\"valueRequired\":true,\"valueName\":\"search_term_string\"}}],\"inLanguage\":\"fr-CA\"},{\"@type\":\"Person\",\"@id\":\"https:\/\/www.arboplus.ca\/blog\/#\/schema\/person\/c4e4c82ad12349aafba47d44193f5540\",\"name\":\"Dominic Perugino\",\"image\":{\"@type\":\"ImageObject\",\"inLanguage\":\"fr-CA\",\"@id\":\"https:\/\/www.arboplus.ca\/blog\/#\/schema\/person\/image\/\",\"url\":\"https:\/\/secure.gravatar.com\/avatar\/0027ec1e3f6852cb4655750d4303f090?s=96&d=mm&r=g\",\"contentUrl\":\"https:\/\/secure.gravatar.com\/avatar\/0027ec1e3f6852cb4655750d4303f090?s=96&d=mm&r=g\",\"caption\":\"Dominic Perugino\"},\"url\":\"https:\/\/www.arboplus.ca\/blog\/author\/dominic-perugino\"}]}<\/script>\n<!-- \/ Yoast SEO plugin. -->","yoast_head_json":{"title":"Intendance et spiritualit\u00e9 - Intendance de la cr\u00e9ation - Arboplus","description":"R\u00e9capitulons quelques notions concernant le concept d'intendance de la cr\u00e9ation. Pour bien des \u00e9lagueurs, l'hiver est un temps de r\u00e9flexion et de repos.","robots":{"index":"index","follow":"follow","max-snippet":"max-snippet:-1","max-image-preview":"max-image-preview:large","max-video-preview":"max-video-preview:-1"},"canonical":"https:\/\/www.arboplus.ca\/blog\/philosophie\/intendance-et-spiritualite.html","og_locale":"fr_CA","og_type":"article","og_title":"Intendance et spiritualit\u00e9 - Intendance de la cr\u00e9ation - Arboplus","og_description":"R\u00e9capitulons quelques notions concernant le concept d'intendance de la cr\u00e9ation. Pour bien des \u00e9lagueurs, l'hiver est un temps de r\u00e9flexion et de repos.","og_url":"https:\/\/www.arboplus.ca\/blog\/philosophie\/intendance-et-spiritualite.html","og_site_name":"Arboplus","article_published_time":"2015-12-01T13:00:23+00:00","article_modified_time":"2015-12-05T01:52:09+00:00","og_image":[{"width":1920,"height":1080,"url":"https:\/\/www.arboplus.ca\/blog\/wp-content\/uploads\/2015\/11\/intendance-et-spiritualite.jpg","type":"image\/jpeg"}],"author":"Dominic Perugino","twitter_misc":{"\u00c9crit par":"Dominic Perugino","Estimation du temps de lecture":"8 minutes"},"schema":{"@context":"https:\/\/schema.org","@graph":[{"@type":"WebPage","@id":"https:\/\/www.arboplus.ca\/blog\/philosophie\/intendance-et-spiritualite.html","url":"https:\/\/www.arboplus.ca\/blog\/philosophie\/intendance-et-spiritualite.html","name":"Intendance et spiritualit\u00e9 - Intendance de la cr\u00e9ation - Arboplus","isPartOf":{"@id":"https:\/\/www.arboplus.ca\/blog\/#website"},"primaryImageOfPage":{"@id":"https:\/\/www.arboplus.ca\/blog\/philosophie\/intendance-et-spiritualite.html#primaryimage"},"image":{"@id":"https:\/\/www.arboplus.ca\/blog\/philosophie\/intendance-et-spiritualite.html#primaryimage"},"thumbnailUrl":"https:\/\/www.arboplus.ca\/blog\/wp-content\/uploads\/2015\/11\/intendance-et-spiritualite.jpg","datePublished":"2015-12-01T13:00:23+00:00","dateModified":"2015-12-05T01:52:09+00:00","author":{"@id":"https:\/\/www.arboplus.ca\/blog\/#\/schema\/person\/c4e4c82ad12349aafba47d44193f5540"},"description":"R\u00e9capitulons quelques notions concernant le concept d'intendance de la cr\u00e9ation. Pour bien des \u00e9lagueurs, l'hiver est un temps de r\u00e9flexion et de repos.","breadcrumb":{"@id":"https:\/\/www.arboplus.ca\/blog\/philosophie\/intendance-et-spiritualite.html#breadcrumb"},"inLanguage":"fr-CA","potentialAction":[{"@type":"ReadAction","target":["https:\/\/www.arboplus.ca\/blog\/philosophie\/intendance-et-spiritualite.html"]}]},{"@type":"ImageObject","inLanguage":"fr-CA","@id":"https:\/\/www.arboplus.ca\/blog\/philosophie\/intendance-et-spiritualite.html#primaryimage","url":"https:\/\/www.arboplus.ca\/blog\/wp-content\/uploads\/2015\/11\/intendance-et-spiritualite.jpg","contentUrl":"https:\/\/www.arboplus.ca\/blog\/wp-content\/uploads\/2015\/11\/intendance-et-spiritualite.jpg","width":1920,"height":1080,"caption":"Intendance et spiritualit\u00e9"},{"@type":"BreadcrumbList","@id":"https:\/\/www.arboplus.ca\/blog\/philosophie\/intendance-et-spiritualite.html#breadcrumb","itemListElement":[{"@type":"ListItem","position":1,"name":"Accueil","item":"https:\/\/www.arboplus.ca\/blog\/"},{"@type":"ListItem","position":2,"name":"Intendance et spiritualit\u00e9"}]},{"@type":"WebSite","@id":"https:\/\/www.arboplus.ca\/blog\/#website","url":"https:\/\/www.arboplus.ca\/blog\/","name":"Arboplus","description":"Magazine arboricole","potentialAction":[{"@type":"SearchAction","target":{"@type":"EntryPoint","urlTemplate":"https:\/\/www.arboplus.ca\/blog\/?s={search_term_string}"},"query-input":{"@type":"PropertyValueSpecification","valueRequired":true,"valueName":"search_term_string"}}],"inLanguage":"fr-CA"},{"@type":"Person","@id":"https:\/\/www.arboplus.ca\/blog\/#\/schema\/person\/c4e4c82ad12349aafba47d44193f5540","name":"Dominic Perugino","image":{"@type":"ImageObject","inLanguage":"fr-CA","@id":"https:\/\/www.arboplus.ca\/blog\/#\/schema\/person\/image\/","url":"https:\/\/secure.gravatar.com\/avatar\/0027ec1e3f6852cb4655750d4303f090?s=96&d=mm&r=g","contentUrl":"https:\/\/secure.gravatar.com\/avatar\/0027ec1e3f6852cb4655750d4303f090?s=96&d=mm&r=g","caption":"Dominic Perugino"},"url":"https:\/\/www.arboplus.ca\/blog\/author\/dominic-perugino"}]}},"_links":{"self":[{"href":"https:\/\/www.arboplus.ca\/blog\/wp-json\/wp\/v2\/posts\/4544","targetHints":{"allow":["GET"]}}],"collection":[{"href":"https:\/\/www.arboplus.ca\/blog\/wp-json\/wp\/v2\/posts"}],"about":[{"href":"https:\/\/www.arboplus.ca\/blog\/wp-json\/wp\/v2\/types\/post"}],"author":[{"embeddable":true,"href":"https:\/\/www.arboplus.ca\/blog\/wp-json\/wp\/v2\/users\/2"}],"replies":[{"embeddable":true,"href":"https:\/\/www.arboplus.ca\/blog\/wp-json\/wp\/v2\/comments?post=4544"}],"version-history":[{"count":7,"href":"https:\/\/www.arboplus.ca\/blog\/wp-json\/wp\/v2\/posts\/4544\/revisions"}],"predecessor-version":[{"id":4556,"href":"https:\/\/www.arboplus.ca\/blog\/wp-json\/wp\/v2\/posts\/4544\/revisions\/4556"}],"wp:featuredmedia":[{"embeddable":true,"href":"https:\/\/www.arboplus.ca\/blog\/wp-json\/wp\/v2\/media\/4546"}],"wp:attachment":[{"href":"https:\/\/www.arboplus.ca\/blog\/wp-json\/wp\/v2\/media?parent=4544"}],"wp:term":[{"taxonomy":"category","embeddable":true,"href":"https:\/\/www.arboplus.ca\/blog\/wp-json\/wp\/v2\/categories?post=4544"},{"taxonomy":"post_tag","embeddable":true,"href":"https:\/\/www.arboplus.ca\/blog\/wp-json\/wp\/v2\/tags?post=4544"}],"curies":[{"name":"wp","href":"https:\/\/api.w.org\/{rel}","templated":true}]}}