{"id":4528,"date":"2015-11-06T08:00:32","date_gmt":"2015-11-06T13:00:32","guid":{"rendered":"http:\/\/www.arboplus.ca\/blog\/?p=4528"},"modified":"2022-03-30T15:17:03","modified_gmt":"2022-03-30T19:17:03","slug":"erable-argente-acer-saccharinum","status":"publish","type":"post","link":"https:\/\/www.arboplus.ca\/blog\/essences-arbres\/erable-argente-acer-saccharinum.html","title":{"rendered":"\u00c9rable argent\u00e9"},"content":{"rendered":"<h2>Acer saccharinum<\/h2>\n<p>L\u2019<a href=\"https:\/\/www.arboplus.ca\/blog\/essences-arbres\/erable-rouge-acer-rubrum.html\">\u00e9rable<\/a>, \u00e9tant l\u2019embl\u00e8me du Canada, rend r\u00e9ellement nos paysages uniques, et surtout, color\u00e9s d\u00e8s qu\u2019arrive l\u2019automne. Si la plupart des arbres changent leurs feuilles du vert au brun \u00e0 la saison froide, les \u00e9rables donnent leurs \u00e9clats multicolores qui font de l\u2019automne le plaisir qu\u2019il est pour les gens d\u2019ici.<\/p>\n<p>Pour ce qui est du <a href=\"https:\/\/www.arboplus.ca\/blog\/developpement-durable\/avantages-arbres-milieu-urbain.html\">paysage urbain du Qu\u00e9bec<\/a>, il n\u2019est pas possible de passer outre l\u2019importance de l\u2019\u00e9rable argent\u00e9. \u00c0 Montr\u00e9al, par exemple, il fut l\u2019un des premiers arbres \u00e0 \u00eatre plant\u00e9 en masse vers la fin du 19e si\u00e8cle. En effet, cette essence a \u00e9t\u00e9 s\u00e9lectionn\u00e9e en vertu de sa forte vitalit\u00e9 et de son port majestueux. Pourtant, malgr\u00e9 un grand nombre d\u2019avantages, on regrette que certaines pr\u00e9cautions n\u2019aillent \u00e9t\u00e9s prises quant \u00e0 certains risques que comporte l\u2019\u00e9rable argent\u00e9 en milieu urbain. Demeurant un arbre ornemental recommandable \u00e0 bien des \u00e9gards, il faudra \u00e0 l\u2019avenir observer certaines conditions pour ne pas se tendre \u00e0 soi-m\u00eame un pi\u00e8ge pour tomber dedans dans une quinzaine d\u2019ann\u00e9es!<\/p>\n<h3>L&rsquo;\u00e9rable argent\u00e9, un g\u00e9ant !<\/h3>\n<p>\u00c9tant d\u2019une croissance tr\u00e8s rapide, on aper\u00e7oit rarement un \u00e9rable argent\u00e9 qui ne serait d\u00e9j\u00e0 pr\u00e8s de son port final. Ainsi, une caract\u00e9ristique de l\u2019\u00e9rable argent\u00e9 est son port absolument gigantesque. Il peut atteindre plus de 24m (78 pieds) de hauteur, de m\u00eame que de largeur. On appr\u00e9ciera donc l\u2019ombre qu\u2019apporte le port de cet arbre. Son allure rustique est augment\u00e9e par la pr\u00e9sence bien fr\u00e9quente de troncs principaux multiples qui soutiennent l\u2019ensemble de la cime. Avec ses branches charpenti\u00e8res distribu\u00e9es de fa\u00e7on irr\u00e9guli\u00e8re, le port de l\u2019arbre demeure arrondi, mais d\u00e9sordonn\u00e9. \u00c0 ceci s\u2019ajoute une \u00e9corce s\u2019exfoliant avec l\u2019\u00e2ge, ajoutant une touche l\u2019\u00e9loignant de l\u2019esth\u00e9tique raffin\u00e9e. C\u2019est comme si l\u2019\u00e9corce s\u2019\u00e9pluchait en grosses lani\u00e8res de pelure grise. Ceci est tout \u00e0 fait naturel et ne devrait pas inqui\u00e9ter les propri\u00e9taires. Pour ce qui est de l\u2019appr\u00e9ciation, cela d\u00e9pend des go\u00fbts. Une \u00e9corce lisse donne une allure raffin\u00e9e, alors qu\u2019une \u00e9corce crevass\u00e9e ou exfoli\u00e9e apporte un go\u00fbt plut\u00f4t sauvage. Plus haut, cependant, et vers les rameaux qui composent la masse foliaire, les branches retombent et sont quelque peu d\u2019aspect pleureur. L\u2019\u00e9corce de la charpente n\u2019est pas autant retrouss\u00e9e.<\/p>\n<div style=\"text-align: center;\"><a class=\"button green medium\" href=\"http:\/\/www.arboplus.ca\/fr\/estimation-gratuite.html\" target=\"_self\" rel=\"noopener\">Demander l&rsquo;\u00e9valuation de mon \u00e9rable par un arboriculteur <i class=\"fa-chevron-circle-right\"><\/i><\/a><\/div>\n<p><a href=\"https:\/\/www.arboplus.ca\/blog\/arboriculture\/comment-identifier-un-arbre-avec-ses-feuilles.html\">Ses feuilles<\/a> lui valent le nom d\u2019\u00e9rable argent\u00e9. En effet, en dessous de la surface vert clair se trouve une couleur blanch\u00e2tre qui tend vers l\u2019argent\u00e9. Lorsque le vent met la cime en mouvement, le dessous des feuilles apparaissent l\u2019arbre semble alors \u00eatre plaqu\u00e9 argent. Le d\u00e9coupage est typique de la feuille d\u2019\u00e9rable, avec de lobes bien profonds et aigus, grossi\u00e8rement dent\u00e9s. \u00c0 l\u2019automne, il donne un contraste aux autres \u00e9rables par sa couleur jaune et parfois presque orang\u00e9e. Il n\u2019y a pas d\u2019erreur \u00e0 dire que le feuillage de l\u2019\u00e9rable argent\u00e9 est magnifique, comme d\u2019ailleurs l\u2019<a href=\"https:\/\/www.arboplus.ca\/blog\/arboriculture\/erable-a-giguere.html\">\u00e9rable<\/a> en g\u00e9n\u00e9ral.<\/p>\n<h3>Les fruits et la faune<\/h3>\n<p>Il ne faut pas compter sur des fruits \u00e0 proprement parler. Il s\u2019agit plut\u00f4t de disamares, que l\u2019on appelait, alors que nous \u00e9tions enfants, des h\u00e9licopt\u00e8res. Admettons qu\u2019adultes, nous les appelons encore de ce nom que nous avons appris, en nous laissant fasciner par leur a\u00e9rodynamisme particulier\u2026 Pourtant, en qualit\u00e9 d\u2019<a href=\"https:\/\/www.arboplus.ca\/blog\/essences-arbres\/arbres-indigenes.html\">arbre indig\u00e8ne<\/a>, la faune sait profiter de l\u2019\u00e9rable argent\u00e9. Les bourgeons peuvent servir de nourriture aux \u00e9cureuils s\u2019ils n\u2019arrivent \u00e0 trouver mieux. La structure permet la nidification des oiseaux qui savent, eux aussi, se nourrir de cet arbre.<\/p>\n<h3>Conditions optimales<\/h3>\n<p>Pour optimiser l\u2019utilisation de l\u2019\u00e9rable argent\u00e9, plusieurs conditions s\u2019imposent. Avec son port imposant de 24 m (78 pieds) de largeur, une distance minimale de 14,5 m (47 pieds) des fils \u00e9lectriques est requise. Puis, le bois de cet arbre n\u2019\u00e9tant pas le plus r\u00e9sistant, il faut \u00e9galer cette m\u00eame distance quant \u00e0 nos infrastructures. En effet, son bois est reconnu pour avoir une certaine vuln\u00e9rabilit\u00e9 aux temp\u00eates et au verglas. Bien que l\u2019on puisse profiter sans probl\u00e8me de sa pr\u00e9sence en milieu urbain, comme on le fait d\u2019ailleurs d\u00e9j\u00e0, les pr\u00e9cautions nous pousseront \u00e0 en privil\u00e9gier <a href=\"https:\/\/www.arboplus.ca\/blog\/arboriculture\/comment-planter-un-arbre.html\">la plantation<\/a> dans des milieux plus vastes. Puis, \u00e0 cette m\u00eame pr\u00e9caution s\u2019ajoute une autre probl\u00e9matique : <a href=\"https:\/\/www.arboplus.ca\/blog\/developpement-durable\/les-racines.html\">les racines<\/a>. Bien qu\u2019elles soient superficielles, <a href=\"https:\/\/www.arboplus.ca\/blog\/developpement-durable\/problemes-lies-aux-racines-dun-arbre.html\">ses racines sont puissantes<\/a>, tr\u00e8s bien d\u00e9velopp\u00e9es et envahissantes. Elles peuvent donc occasionner des probl\u00e8mes pour les tuyaux de drainage. Ainsi, les propri\u00e9taires qui jouissent de grandes cours avant et arri\u00e8re pourront planter un \u00e9rable argent\u00e9 et profiter de la pr\u00e9sence de ce g\u00e9ant. Il faudra surtout faire intervenir des <a href=\"https:\/\/www.arboplus.ca\/blog\/arboriculture\/magasiner-un-arboriculteur.html\">\u00e9lagueurs certifi\u00e9s<\/a> pour assurer la bonne distance entre l\u2019arbre et les infrastructures.<\/p>\n<p>Assez sur les b\u00e9mols! L\u2019\u00e9rable argent\u00e9 demeure un arbre omnipr\u00e9sent dans nos villes, et ce n\u2019est pas pour rien. Hormis la raison esth\u00e9tique qui est une \u00e9vidence, il comporte des avantages qui lui ont valu le m\u00e9rite d\u2019\u00eatre un des premiers arbres ornementaux \u00e0 Montr\u00e9al. R\u00e9sistant \u00e0 la pollution, capable de s\u2019adapter \u00e0 tous les sols et \u00e0 tous les ph, tol\u00e9rant au compactage, capable d\u2019une certaine endurance au sel de d\u00e9gla\u00e7age, survivant aux inondations comme aux s\u00e9cheresses, \u00e0 l\u2019aise au soleil comme \u00e0 l\u2019ombre : l\u2019\u00e9rable argent\u00e9 est un dur \u00e0 cuire! Nous le recommandons donc pour les propri\u00e9taires qui peuvent pourvoir un contexte id\u00e9al et s\u00e9curitaire.<\/p>\n<h3>\u00c9lagage de l&rsquo;\u00e9rable argent\u00e9<\/h3>\n<p>Puisqu\u2019il s\u2019agit d\u2019un arbre \u00e0 croissance rapide, il est certain que l\u2019\u00e9rable argent\u00e9 demandera plus d\u2019attention arboricole. Mais il faut surtout apporter notre attention sur la <a href=\"https:\/\/www.arboplus.ca\/blog\/arboriculture\/taille-dun-jeune-arbre.html\">taille de formation<\/a>. Son bois est cassant, c\u2019est vrai, mais la taille de formation peut faire toute la diff\u00e9rence pour pr\u00e9venir la majorit\u00e9 des probl\u00e8mes. En effet, la structure des \u00e9rables argent\u00e9s que nous contemplons en ville est souvent form\u00e9e de plusieurs troncs principaux, ce qui n\u2019est gu\u00e8re l\u2019id\u00e9al. En effet, en for\u00eat, les arbres poussent d\u2019abord vers le haut pour atteindre le soleil avant les arbres-comp\u00e9titeurs, ce qui donne lieu \u00e0 un seul tronc principal. Par suite, les branches charpenti\u00e8res se forment pour aller chercher le reste du soleil qui est disponible. Dans le cas d\u2019un \u00e9rable argent\u00e9 en ville, le soleil est bien souvent distribu\u00e9 du lever au coucher, sans aucune contrainte pour aller chercher le soleil vers le haut, ce qui donne lieu, bien souvent, \u00e0 plusieurs troncs principaux. Ceux-ci, plus fragiles au niveau de la fourche, peuvent \u00eatre pr\u00e9venus dans les ann\u00e9es de jeunesses de l\u2019arbre par des coupes de formations effectu\u00e9es par des <a href=\"http:\/\/www.arboplus.ca\/fr\/emondage-arbre-laval-elagage-emondeur-laval-elagueur.html\">\u00e9lagueurs professionnels<\/a>.<\/p>\n<div style=\"text-align: center;\"><a class=\"button green medium\" href=\"http:\/\/www.arboplus.ca\/fr\/estimation-gratuite.html\" target=\"_self\" rel=\"noopener\">Planifier un rendez-vous avec un arboriste-expert <i class=\"fa-chevron-circle-right\"><\/i><\/a><\/div>\n<p>Comme pour bien d\u2019autres essences, la charpente peut commencer assez basse, ce qui peut nuire \u00e0 la circulation autour de l\u2019arbre. Les \u00e9lagueurs font fr\u00e9quemment la coupe qui est alors requise, appel\u00e9e dans le m\u00e9tier une \u00ab \u00e9l\u00e9vation de la couronne \u00bb. Du reste, il faut prodiguer le m\u00eame respect des <a href=\"https:\/\/www.arboplus.ca\/blog\/arboriculture\/larboriculture-et-les-regles-de-lart.html\">r\u00e8gles de l\u2019art<\/a> quant aux interventions arboricoles. Ne jamais enlever plus de 20 % de la masse foliaire, ne jamais couper la t\u00eate et ne jamais laisser de moignons.<\/p>\n<h3>Les maladies<\/h3>\n<p>Les maladies qui attaquent les \u00e9rables sont nombreuses. La plus r\u00e9pandue est la tache goudronn\u00e9e, que l\u2019on aper\u00e7oit surtout sur les \u00e9rables de Norv\u00e8ge. On reconna\u00eet cette maladie par les petites taches noires laiss\u00e9es sur le feuillage. Comme pour la majorit\u00e9 des maladies des feuilles, la solution est de ramasser les feuilles r\u00e9guli\u00e8rement de sorte \u00e0 emp\u00eacher que le pathog\u00e8ne ne retourne dans le syst\u00e8me racinaire. Il en va de m\u00eame pour l\u2019anthracnose, la cloque des feuilles et la tache des feuilles. Quand on per\u00e7oit des cloques ou des taches sur les feuilles de certaines branches, il peut \u00eatre de mise de couper celles-ci et d\u2019en disposer. G\u00e9n\u00e9ralement, un ramassage assidu parvient \u00e0 gu\u00e9rir le probl\u00e8me.<\/p>\n<p>Du c\u00f4t\u00e9 des champignons qui s\u2019attaquent au bois comme tel, il n\u2019y a pas toujours d\u2019interventions possibles. Si vous apercevez des champignons sortant du tronc, selon la couleur, ou si vous voyez un trou, selon la grosseur et la couleur, il se pourrait que votre arbre soit atteint par une des maladies suivantes : le chancre eutypell\u00e9en, le chancre nectrien, le faux amadouvier, le ganoderme plat, le polypore agglom\u00e9r\u00e9, le polypore g\u00e9min\u00e9, le polypore pinicolore, le tram\u00e8te unicolore ou encore la verticilliose. Il faut alors \u00e9valuer la situation au cas par cas. Les chancres sont comme des caries qui forment des trous par d\u00e9p\u00e9rissement du bois et, au fil du temps, peuvent menacer la s\u00e9curit\u00e9. L\u2019abattage peut alors s\u2019av\u00e9rer n\u00e9cessaire pour des raisons de pr\u00e9vention. D\u2019autres champignons affaibliront l\u2019arbre, mais il peut arriver que celui-ci compose avec le pathog\u00e8ne. Si vous apercevez des sympt\u00f4mes douteux sur votre \u00e9rable, n\u2019h\u00e9sitez pas \u00e0 consulter un arboriculteur comp\u00e9tent. Celui-ci pourra vous conseiller et m\u00eame vous montrer comment surveiller la progression du pathog\u00e8ne de sorte que vous puissiez garder votre arbre le plus longtemps possible. <a href=\"https:\/\/www.arboplus.ca\/blog\/arboriculture\/les-methodes-dabattage-darbres.html\">Si l\u2019abattage est la seule option<\/a>, vous aurez du coup le c\u0153ur net quant \u00e0 la d\u00e9marche \u00e0 suivre.<\/p>\n<p>&nbsp;<\/p>\n<h3>Bibliographie<\/h3>\n<ul class=\"arrow\" >\n<li class=\"\">Bertrand, Dumont. <em>Guide des arbres, arbustes et conif\u00e8res pour le Qu\u00e9bec<\/em>. Broquet, 2005.<\/li>\n<li class=\"\">Farrar, John Laird. <em>Les arbres du Canada<\/em>. Les Editions Fides, 1996.<\/li>\n<li class=\"\">(forester.), Michael D. Williams. <em>Guide D\u2019identification des Arbres du Qu\u00e9bec et de L\u2019est de L\u2019Am\u00e9rique du Nord<\/em>. Broquet, Incorporated, 2008.<\/li>\n<li class=\"\">Hodgson, Larry. <em>Arbres<\/em>. Saint-Constant, Qc: Broquet, 2012.<\/li>\n<li class=\"\">Langlais, Guy. <em>La taille des arbres ornementaux<\/em>. Saint-Constant, Qc: Broquet, 2002.<\/li>\n<li class=\"\">Marie-Fleurette, Beaudoin, Gaudet Martin, Rocray Pierre-\u00c9mile, et Michel Labrecque. <em>Les arbres de Montr\u00e9al<\/em>. Fides, 1997.<\/li>\n<li class=\"\">Pellerin, Gervais, et Hydro-Qu\u00e9bec. <em>R\u00e9pertoire des Arbres et Arbustes Ornementaux: 1760 Esp\u00e8ces et Vari\u00e9t\u00e9s de V\u00e9g\u00e9taux du Qu\u00e9bec<\/em>. Gouvernement du Quebec, publications vendues, 2010.<\/li>\n<\/ul>\n","protected":false},"excerpt":{"rendered":"<p>L\u2019\u00e9rable, \u00e9tant l\u2019embl\u00e8me du Canada, rend r\u00e9ellement nos paysages uniques, et surtout, color\u00e9s d\u00e8s qu\u2019arrive l\u2019automne. Si la plupart des arbres changent leurs feuilles du vert au brun \u00e0 la saison froide, les \u00e9rables donnent leurs \u00e9clats multicolores qui font de l\u2019automne le plaisir qu\u2019il est pour les gens d\u2019ici.<\/p>\n","protected":false},"author":2,"featured_media":4534,"comment_status":"open","ping_status":"open","sticky":false,"template":"","format":"standard","meta":{"footnotes":""},"categories":[12],"tags":[252,458,238,54,74,50,283,419,414,464,397,134,473,474,480,242,471,58,96,461,465,292,376,69,468,460,301,459,231,302,466,317,393,245,349,475,476,477,106,132,462,371,463,171,470,467,472,469,291,478,479],"class_list":["post-4528","post","type-post","status-publish","format-standard","has-post-thumbnail","hentry","category-essences-arbres","tag-abattage","tag-acer-saccharinum","tag-anthracnose","tag-arboricole","tag-arboriculteur","tag-arbre","tag-arbre-indigene","tag-arbre-ornemental","tag-arbres-ornementaux","tag-branches-charpentieres","tag-canada","tag-champignons","tag-chancre-eutypelleen","tag-chancre-nectrien","tag-chancres","tag-cloque-des-feuilles","tag-cloques","tag-elagage","tag-elagueurs","tag-elagueurs-certifies","tag-elagueurs-professionnels","tag-elevation-de-la-couronne","tag-erable","tag-erable-argente","tag-erables-de-norvege","tag-faunes","tag-faux-amadouvier","tag-feuille-derable","tag-fruits","tag-ganoderme-plat","tag-interventions-arboricoles","tag-maladies","tag-montreal","tag-pathogene","tag-paysage-urbain","tag-polypore-agglomere","tag-polypore-gemine","tag-polypore-pinicolore","tag-quebec","tag-racines","tag-resistant-a-la-pollution","tag-rustique","tag-securitaire","tag-systeme-racinaire","tag-tache-des-feuilles","tag-tache-goudronnee","tag-taches","tag-taches-noires","tag-taille-de-formation","tag-tramete-unicolore","tag-verticilliose"],"yoast_head":"<!-- This site is optimized with the Yoast SEO plugin v24.7 - https:\/\/yoast.com\/wordpress\/plugins\/seo\/ -->\n<title>\u00c9rable argent\u00e9, Acer saccharinum - Arbre indig\u00e8ne du Qu\u00e9bec<\/title>\n<meta name=\"description\" content=\"L\u2019\u00e9rable, \u00e9tant l\u2019embl\u00e8me du Canada, rend r\u00e9ellement nos paysages uniques, et surtout, color\u00e9s d\u00e8s qu\u2019arrive l\u2019automne. Si la plupart des arbres changent leurs feuilles du vert au brun \u00e0 la saison froide, les \u00e9rables donnent leurs \u00e9clats multicolores qui font de l\u2019automne le plaisir qu\u2019il est pour les gens d\u2019ici.\" \/>\n<meta name=\"robots\" content=\"index, follow, max-snippet:-1, max-image-preview:large, max-video-preview:-1\" \/>\n<link rel=\"canonical\" href=\"https:\/\/www.arboplus.ca\/blog\/essences-arbres\/erable-argente-acer-saccharinum.html\" \/>\n<meta property=\"og:locale\" content=\"fr_CA\" \/>\n<meta property=\"og:type\" content=\"article\" \/>\n<meta property=\"og:title\" content=\"\u00c9rable argent\u00e9, Acer saccharinum - Arbre indig\u00e8ne du Qu\u00e9bec\" \/>\n<meta property=\"og:description\" content=\"L\u2019\u00e9rable, \u00e9tant l\u2019embl\u00e8me du Canada, rend r\u00e9ellement nos paysages uniques, et surtout, color\u00e9s d\u00e8s qu\u2019arrive l\u2019automne. Si la plupart des arbres changent leurs feuilles du vert au brun \u00e0 la saison froide, les \u00e9rables donnent leurs \u00e9clats multicolores qui font de l\u2019automne le plaisir qu\u2019il est pour les gens d\u2019ici.\" \/>\n<meta property=\"og:url\" content=\"https:\/\/www.arboplus.ca\/blog\/essences-arbres\/erable-argente-acer-saccharinum.html\" \/>\n<meta property=\"og:site_name\" content=\"Arboplus\" \/>\n<meta property=\"article:published_time\" content=\"2015-11-06T13:00:32+00:00\" \/>\n<meta property=\"article:modified_time\" content=\"2022-03-30T19:17:03+00:00\" \/>\n<meta property=\"og:image\" content=\"https:\/\/www.arboplus.ca\/blog\/wp-content\/uploads\/2015\/11\/erable-argente-acer-saccharinum.jpg\" \/>\n\t<meta property=\"og:image:width\" content=\"1920\" \/>\n\t<meta property=\"og:image:height\" content=\"1080\" \/>\n\t<meta property=\"og:image:type\" content=\"image\/jpeg\" \/>\n<meta name=\"author\" content=\"Dominic Perugino\" \/>\n<meta name=\"twitter:label1\" content=\"\u00c9crit par\" \/>\n\t<meta name=\"twitter:data1\" content=\"Dominic Perugino\" \/>\n\t<meta name=\"twitter:label2\" content=\"Estimation du temps de lecture\" \/>\n\t<meta name=\"twitter:data2\" content=\"7 minutes\" \/>\n<script type=\"application\/ld+json\" class=\"yoast-schema-graph\">{\"@context\":\"https:\/\/schema.org\",\"@graph\":[{\"@type\":\"WebPage\",\"@id\":\"https:\/\/www.arboplus.ca\/blog\/essences-arbres\/erable-argente-acer-saccharinum.html\",\"url\":\"https:\/\/www.arboplus.ca\/blog\/essences-arbres\/erable-argente-acer-saccharinum.html\",\"name\":\"\u00c9rable argent\u00e9, Acer saccharinum - Arbre indig\u00e8ne du Qu\u00e9bec\",\"isPartOf\":{\"@id\":\"https:\/\/www.arboplus.ca\/blog\/#website\"},\"primaryImageOfPage\":{\"@id\":\"https:\/\/www.arboplus.ca\/blog\/essences-arbres\/erable-argente-acer-saccharinum.html#primaryimage\"},\"image\":{\"@id\":\"https:\/\/www.arboplus.ca\/blog\/essences-arbres\/erable-argente-acer-saccharinum.html#primaryimage\"},\"thumbnailUrl\":\"https:\/\/www.arboplus.ca\/blog\/wp-content\/uploads\/2015\/11\/erable-argente-acer-saccharinum.jpg\",\"datePublished\":\"2015-11-06T13:00:32+00:00\",\"dateModified\":\"2022-03-30T19:17:03+00:00\",\"author\":{\"@id\":\"https:\/\/www.arboplus.ca\/blog\/#\/schema\/person\/c4e4c82ad12349aafba47d44193f5540\"},\"description\":\"L\u2019\u00e9rable, \u00e9tant l\u2019embl\u00e8me du Canada, rend r\u00e9ellement nos paysages uniques, et surtout, color\u00e9s d\u00e8s qu\u2019arrive l\u2019automne. Si la plupart des arbres changent leurs feuilles du vert au brun \u00e0 la saison froide, les \u00e9rables donnent leurs \u00e9clats multicolores qui font de l\u2019automne le plaisir qu\u2019il est pour les gens d\u2019ici.\",\"breadcrumb\":{\"@id\":\"https:\/\/www.arboplus.ca\/blog\/essences-arbres\/erable-argente-acer-saccharinum.html#breadcrumb\"},\"inLanguage\":\"fr-CA\",\"potentialAction\":[{\"@type\":\"ReadAction\",\"target\":[\"https:\/\/www.arboplus.ca\/blog\/essences-arbres\/erable-argente-acer-saccharinum.html\"]}]},{\"@type\":\"ImageObject\",\"inLanguage\":\"fr-CA\",\"@id\":\"https:\/\/www.arboplus.ca\/blog\/essences-arbres\/erable-argente-acer-saccharinum.html#primaryimage\",\"url\":\"https:\/\/www.arboplus.ca\/blog\/wp-content\/uploads\/2015\/11\/erable-argente-acer-saccharinum.jpg\",\"contentUrl\":\"https:\/\/www.arboplus.ca\/blog\/wp-content\/uploads\/2015\/11\/erable-argente-acer-saccharinum.jpg\",\"width\":1920,\"height\":1080,\"caption\":\"\u00c9rable argent\u00e9 - Acer saccharinum\"},{\"@type\":\"BreadcrumbList\",\"@id\":\"https:\/\/www.arboplus.ca\/blog\/essences-arbres\/erable-argente-acer-saccharinum.html#breadcrumb\",\"itemListElement\":[{\"@type\":\"ListItem\",\"position\":1,\"name\":\"Accueil\",\"item\":\"https:\/\/www.arboplus.ca\/blog\/\"},{\"@type\":\"ListItem\",\"position\":2,\"name\":\"\u00c9rable argent\u00e9\"}]},{\"@type\":\"WebSite\",\"@id\":\"https:\/\/www.arboplus.ca\/blog\/#website\",\"url\":\"https:\/\/www.arboplus.ca\/blog\/\",\"name\":\"Arboplus\",\"description\":\"Magazine arboricole\",\"potentialAction\":[{\"@type\":\"SearchAction\",\"target\":{\"@type\":\"EntryPoint\",\"urlTemplate\":\"https:\/\/www.arboplus.ca\/blog\/?s={search_term_string}\"},\"query-input\":{\"@type\":\"PropertyValueSpecification\",\"valueRequired\":true,\"valueName\":\"search_term_string\"}}],\"inLanguage\":\"fr-CA\"},{\"@type\":\"Person\",\"@id\":\"https:\/\/www.arboplus.ca\/blog\/#\/schema\/person\/c4e4c82ad12349aafba47d44193f5540\",\"name\":\"Dominic Perugino\",\"image\":{\"@type\":\"ImageObject\",\"inLanguage\":\"fr-CA\",\"@id\":\"https:\/\/www.arboplus.ca\/blog\/#\/schema\/person\/image\/\",\"url\":\"https:\/\/secure.gravatar.com\/avatar\/0027ec1e3f6852cb4655750d4303f090?s=96&d=mm&r=g\",\"contentUrl\":\"https:\/\/secure.gravatar.com\/avatar\/0027ec1e3f6852cb4655750d4303f090?s=96&d=mm&r=g\",\"caption\":\"Dominic Perugino\"},\"url\":\"https:\/\/www.arboplus.ca\/blog\/author\/dominic-perugino\"}]}<\/script>\n<!-- \/ Yoast SEO plugin. -->","yoast_head_json":{"title":"\u00c9rable argent\u00e9, Acer saccharinum - Arbre indig\u00e8ne du Qu\u00e9bec","description":"L\u2019\u00e9rable, \u00e9tant l\u2019embl\u00e8me du Canada, rend r\u00e9ellement nos paysages uniques, et surtout, color\u00e9s d\u00e8s qu\u2019arrive l\u2019automne. Si la plupart des arbres changent leurs feuilles du vert au brun \u00e0 la saison froide, les \u00e9rables donnent leurs \u00e9clats multicolores qui font de l\u2019automne le plaisir qu\u2019il est pour les gens d\u2019ici.","robots":{"index":"index","follow":"follow","max-snippet":"max-snippet:-1","max-image-preview":"max-image-preview:large","max-video-preview":"max-video-preview:-1"},"canonical":"https:\/\/www.arboplus.ca\/blog\/essences-arbres\/erable-argente-acer-saccharinum.html","og_locale":"fr_CA","og_type":"article","og_title":"\u00c9rable argent\u00e9, Acer saccharinum - Arbre indig\u00e8ne du Qu\u00e9bec","og_description":"L\u2019\u00e9rable, \u00e9tant l\u2019embl\u00e8me du Canada, rend r\u00e9ellement nos paysages uniques, et surtout, color\u00e9s d\u00e8s qu\u2019arrive l\u2019automne. Si la plupart des arbres changent leurs feuilles du vert au brun \u00e0 la saison froide, les \u00e9rables donnent leurs \u00e9clats multicolores qui font de l\u2019automne le plaisir qu\u2019il est pour les gens d\u2019ici.","og_url":"https:\/\/www.arboplus.ca\/blog\/essences-arbres\/erable-argente-acer-saccharinum.html","og_site_name":"Arboplus","article_published_time":"2015-11-06T13:00:32+00:00","article_modified_time":"2022-03-30T19:17:03+00:00","og_image":[{"width":1920,"height":1080,"url":"https:\/\/www.arboplus.ca\/blog\/wp-content\/uploads\/2015\/11\/erable-argente-acer-saccharinum.jpg","type":"image\/jpeg"}],"author":"Dominic Perugino","twitter_misc":{"\u00c9crit par":"Dominic Perugino","Estimation du temps de lecture":"7 minutes"},"schema":{"@context":"https:\/\/schema.org","@graph":[{"@type":"WebPage","@id":"https:\/\/www.arboplus.ca\/blog\/essences-arbres\/erable-argente-acer-saccharinum.html","url":"https:\/\/www.arboplus.ca\/blog\/essences-arbres\/erable-argente-acer-saccharinum.html","name":"\u00c9rable argent\u00e9, Acer saccharinum - Arbre indig\u00e8ne du Qu\u00e9bec","isPartOf":{"@id":"https:\/\/www.arboplus.ca\/blog\/#website"},"primaryImageOfPage":{"@id":"https:\/\/www.arboplus.ca\/blog\/essences-arbres\/erable-argente-acer-saccharinum.html#primaryimage"},"image":{"@id":"https:\/\/www.arboplus.ca\/blog\/essences-arbres\/erable-argente-acer-saccharinum.html#primaryimage"},"thumbnailUrl":"https:\/\/www.arboplus.ca\/blog\/wp-content\/uploads\/2015\/11\/erable-argente-acer-saccharinum.jpg","datePublished":"2015-11-06T13:00:32+00:00","dateModified":"2022-03-30T19:17:03+00:00","author":{"@id":"https:\/\/www.arboplus.ca\/blog\/#\/schema\/person\/c4e4c82ad12349aafba47d44193f5540"},"description":"L\u2019\u00e9rable, \u00e9tant l\u2019embl\u00e8me du Canada, rend r\u00e9ellement nos paysages uniques, et surtout, color\u00e9s d\u00e8s qu\u2019arrive l\u2019automne. Si la plupart des arbres changent leurs feuilles du vert au brun \u00e0 la saison froide, les \u00e9rables donnent leurs \u00e9clats multicolores qui font de l\u2019automne le plaisir qu\u2019il est pour les gens d\u2019ici.","breadcrumb":{"@id":"https:\/\/www.arboplus.ca\/blog\/essences-arbres\/erable-argente-acer-saccharinum.html#breadcrumb"},"inLanguage":"fr-CA","potentialAction":[{"@type":"ReadAction","target":["https:\/\/www.arboplus.ca\/blog\/essences-arbres\/erable-argente-acer-saccharinum.html"]}]},{"@type":"ImageObject","inLanguage":"fr-CA","@id":"https:\/\/www.arboplus.ca\/blog\/essences-arbres\/erable-argente-acer-saccharinum.html#primaryimage","url":"https:\/\/www.arboplus.ca\/blog\/wp-content\/uploads\/2015\/11\/erable-argente-acer-saccharinum.jpg","contentUrl":"https:\/\/www.arboplus.ca\/blog\/wp-content\/uploads\/2015\/11\/erable-argente-acer-saccharinum.jpg","width":1920,"height":1080,"caption":"\u00c9rable argent\u00e9 - Acer saccharinum"},{"@type":"BreadcrumbList","@id":"https:\/\/www.arboplus.ca\/blog\/essences-arbres\/erable-argente-acer-saccharinum.html#breadcrumb","itemListElement":[{"@type":"ListItem","position":1,"name":"Accueil","item":"https:\/\/www.arboplus.ca\/blog\/"},{"@type":"ListItem","position":2,"name":"\u00c9rable argent\u00e9"}]},{"@type":"WebSite","@id":"https:\/\/www.arboplus.ca\/blog\/#website","url":"https:\/\/www.arboplus.ca\/blog\/","name":"Arboplus","description":"Magazine arboricole","potentialAction":[{"@type":"SearchAction","target":{"@type":"EntryPoint","urlTemplate":"https:\/\/www.arboplus.ca\/blog\/?s={search_term_string}"},"query-input":{"@type":"PropertyValueSpecification","valueRequired":true,"valueName":"search_term_string"}}],"inLanguage":"fr-CA"},{"@type":"Person","@id":"https:\/\/www.arboplus.ca\/blog\/#\/schema\/person\/c4e4c82ad12349aafba47d44193f5540","name":"Dominic Perugino","image":{"@type":"ImageObject","inLanguage":"fr-CA","@id":"https:\/\/www.arboplus.ca\/blog\/#\/schema\/person\/image\/","url":"https:\/\/secure.gravatar.com\/avatar\/0027ec1e3f6852cb4655750d4303f090?s=96&d=mm&r=g","contentUrl":"https:\/\/secure.gravatar.com\/avatar\/0027ec1e3f6852cb4655750d4303f090?s=96&d=mm&r=g","caption":"Dominic Perugino"},"url":"https:\/\/www.arboplus.ca\/blog\/author\/dominic-perugino"}]}},"_links":{"self":[{"href":"https:\/\/www.arboplus.ca\/blog\/wp-json\/wp\/v2\/posts\/4528","targetHints":{"allow":["GET"]}}],"collection":[{"href":"https:\/\/www.arboplus.ca\/blog\/wp-json\/wp\/v2\/posts"}],"about":[{"href":"https:\/\/www.arboplus.ca\/blog\/wp-json\/wp\/v2\/types\/post"}],"author":[{"embeddable":true,"href":"https:\/\/www.arboplus.ca\/blog\/wp-json\/wp\/v2\/users\/2"}],"replies":[{"embeddable":true,"href":"https:\/\/www.arboplus.ca\/blog\/wp-json\/wp\/v2\/comments?post=4528"}],"version-history":[{"count":10,"href":"https:\/\/www.arboplus.ca\/blog\/wp-json\/wp\/v2\/posts\/4528\/revisions"}],"predecessor-version":[{"id":5771,"href":"https:\/\/www.arboplus.ca\/blog\/wp-json\/wp\/v2\/posts\/4528\/revisions\/5771"}],"wp:featuredmedia":[{"embeddable":true,"href":"https:\/\/www.arboplus.ca\/blog\/wp-json\/wp\/v2\/media\/4534"}],"wp:attachment":[{"href":"https:\/\/www.arboplus.ca\/blog\/wp-json\/wp\/v2\/media?parent=4528"}],"wp:term":[{"taxonomy":"category","embeddable":true,"href":"https:\/\/www.arboplus.ca\/blog\/wp-json\/wp\/v2\/categories?post=4528"},{"taxonomy":"post_tag","embeddable":true,"href":"https:\/\/www.arboplus.ca\/blog\/wp-json\/wp\/v2\/tags?post=4528"}],"curies":[{"name":"wp","href":"https:\/\/api.w.org\/{rel}","templated":true}]}}