{"id":4360,"date":"2015-04-07T09:05:15","date_gmt":"2015-04-07T14:05:15","guid":{"rendered":"http:\/\/www.arboplus.ca\/blog\/?p=4360"},"modified":"2015-04-07T21:03:16","modified_gmt":"2015-04-08T02:03:16","slug":"les-grandes-villes-du-quebec-font-face-a-un-dilemme-arboricole","status":"publish","type":"post","link":"https:\/\/www.arboplus.ca\/blog\/nouvelles-arboricoles\/les-grandes-villes-du-quebec-font-face-a-un-dilemme-arboricole.html","title":{"rendered":"Les grandes villes du Qu\u00e9bec font face \u00e0 un dilemme arboricole&#8230;"},"content":{"rendered":"<p>MONTR\u00c9AL, le 7 avril 2015 \/CNW Telbec\/ &#8211; \u00c0 l&rsquo;arriv\u00e9e du printemps, les grandes villes du Qu\u00e9bec vont devoir investir des millions pour la crise engendr\u00e9e par l&rsquo;agrile du fr\u00eane. Pour r\u00e9gler le probl\u00e8me, plusieurs villes optent pour l&rsquo;injection d&rsquo;un vaccin ou pour l&rsquo;abattage de ces arbres. Malheureusement, ces solutions ne font qu&rsquo;alourdir le fardeau fiscal des concitoyens puisque le probl\u00e8me resurgit ann\u00e9e apr\u00e8s ann\u00e9e. Selon les arboriculteurs associ\u00e9s \u00e0 <b><a href=\"http:\/\/www.arboplus.ca\/\" target=\"_blank\" rel=\"nofollow\">Arboplus<\/a>, <\/b>ces solutions ne font que masquer le probl\u00e8me. Ils croient que la replantation diversifi\u00e9e, appel\u00e9e <a href=\"http:\/\/www.arboplus.ca\/blog\/developpement-durable\/polyarboriculture.html\" target=\"_blank\" rel=\"nofollow\">polyarboriculture<\/a>, am\u00e8nerait des \u00e9conomies consid\u00e9rables pour les concitoyens de m\u00eame que de nombreux avantages pour l&rsquo;\u00e9quilibre \u00e9cologique. C&rsquo;est en optant pour des solutions simples et efficaces comme celles-ci que les villes vont rentabiliser l&rsquo;investissement des contribuables qu\u00e9b\u00e9cois.<\/p>\n","protected":false},"excerpt":{"rendered":"<p>\u00c0 l&rsquo;arriv\u00e9e du printemps, les grandes villes du Qu\u00e9bec vont devoir investir des millions pour la crise engendr\u00e9e par l&rsquo;agrile du fr\u00eane. Pour r\u00e9gler le probl\u00e8me, plusieurs villes optent pour l&rsquo;injection d&rsquo;un vaccin ou pour l&rsquo;abattage de ces arbres. Malheureusement, ces solutions ne font qu&rsquo;alourdir le fardeau fiscal des concitoyens puisque le probl\u00e8me resurgit ann\u00e9e apr\u00e8s ann\u00e9e. Selon les arboriculteurs associ\u00e9s \u00e0 Arboplus, ces solutions ne font que masquer le probl\u00e8me.<\/p>\n","protected":false},"author":2,"featured_media":4368,"comment_status":"open","ping_status":"open","sticky":false,"template":"","format":"standard","meta":{"footnotes":""},"categories":[9],"tags":[108,62,109,110,85,59,106,107,105],"class_list":["post-4360","post","type-post","status-publish","format-standard","has-post-thumbnail","hentry","category-nouvelles-arboricoles","tag-abattage-darbre","tag-agrile-du-frene","tag-arboriculteurs","tag-contribuables-quebecois","tag-equilibre-ecologique","tag-polyarboriculture","tag-quebec","tag-vaccin","tag-ville"],"yoast_head":"<!-- This site is optimized with the Yoast SEO plugin v24.7 - https:\/\/yoast.com\/wordpress\/plugins\/seo\/ -->\n<title>Les grandes villes du Qu\u00e9bec font face \u00e0 un dilemme arboricole - Arboplus<\/title>\n<meta name=\"description\" content=\"\u00c0 l&#039;arriv\u00e9e du printemps, les grandes villes du Qu\u00e9bec vont devoir investir des millions pour la crise engendr\u00e9e par l&#039;agrile du fr\u00eane. Pour r\u00e9gler le probl\u00e8me, plusieurs villes optent pour l&#039;injection d&#039;un vaccin ou pour l&#039;abattage de ces arbres.\" \/>\n<meta name=\"robots\" content=\"index, follow, max-snippet:-1, max-image-preview:large, max-video-preview:-1\" \/>\n<link rel=\"canonical\" href=\"https:\/\/www.arboplus.ca\/blog\/nouvelles-arboricoles\/les-grandes-villes-du-quebec-font-face-a-un-dilemme-arboricole.html\" \/>\n<meta property=\"og:locale\" content=\"fr_CA\" \/>\n<meta property=\"og:type\" content=\"article\" \/>\n<meta property=\"og:title\" content=\"Les grandes villes du Qu\u00e9bec font face \u00e0 un dilemme arboricole - Arboplus\" \/>\n<meta property=\"og:description\" content=\"\u00c0 l&#039;arriv\u00e9e du printemps, les grandes villes du Qu\u00e9bec vont devoir investir des millions pour la crise engendr\u00e9e par l&#039;agrile du fr\u00eane. Pour r\u00e9gler le probl\u00e8me, plusieurs villes optent pour l&#039;injection d&#039;un vaccin ou pour l&#039;abattage de ces arbres.\" \/>\n<meta property=\"og:url\" content=\"https:\/\/www.arboplus.ca\/blog\/nouvelles-arboricoles\/les-grandes-villes-du-quebec-font-face-a-un-dilemme-arboricole.html\" \/>\n<meta property=\"og:site_name\" content=\"Arboplus\" \/>\n<meta property=\"article:published_time\" content=\"2015-04-07T14:05:15+00:00\" \/>\n<meta property=\"article:modified_time\" content=\"2015-04-08T02:03:16+00:00\" \/>\n<meta property=\"og:image\" content=\"https:\/\/www.arboplus.ca\/blog\/wp-content\/uploads\/2015\/04\/grandes-villes-quebec-dilemme-arboricole.jpg\" \/>\n\t<meta property=\"og:image:width\" content=\"1920\" \/>\n\t<meta property=\"og:image:height\" content=\"1080\" \/>\n\t<meta property=\"og:image:type\" content=\"image\/jpeg\" \/>\n<meta name=\"author\" content=\"Dominic Perugino\" \/>\n<meta name=\"twitter:label1\" content=\"\u00c9crit par\" \/>\n\t<meta name=\"twitter:data1\" content=\"Dominic Perugino\" \/>\n\t<meta name=\"twitter:label2\" content=\"Estimation du temps de lecture\" \/>\n\t<meta name=\"twitter:data2\" content=\"1 minute\" \/>\n<script type=\"application\/ld+json\" class=\"yoast-schema-graph\">{\"@context\":\"https:\/\/schema.org\",\"@graph\":[{\"@type\":\"WebPage\",\"@id\":\"https:\/\/www.arboplus.ca\/blog\/nouvelles-arboricoles\/les-grandes-villes-du-quebec-font-face-a-un-dilemme-arboricole.html\",\"url\":\"https:\/\/www.arboplus.ca\/blog\/nouvelles-arboricoles\/les-grandes-villes-du-quebec-font-face-a-un-dilemme-arboricole.html\",\"name\":\"Les grandes villes du Qu\u00e9bec font face \u00e0 un dilemme arboricole - Arboplus\",\"isPartOf\":{\"@id\":\"https:\/\/www.arboplus.ca\/blog\/#website\"},\"primaryImageOfPage\":{\"@id\":\"https:\/\/www.arboplus.ca\/blog\/nouvelles-arboricoles\/les-grandes-villes-du-quebec-font-face-a-un-dilemme-arboricole.html#primaryimage\"},\"image\":{\"@id\":\"https:\/\/www.arboplus.ca\/blog\/nouvelles-arboricoles\/les-grandes-villes-du-quebec-font-face-a-un-dilemme-arboricole.html#primaryimage\"},\"thumbnailUrl\":\"https:\/\/www.arboplus.ca\/blog\/wp-content\/uploads\/2015\/04\/grandes-villes-quebec-dilemme-arboricole.jpg\",\"datePublished\":\"2015-04-07T14:05:15+00:00\",\"dateModified\":\"2015-04-08T02:03:16+00:00\",\"author\":{\"@id\":\"https:\/\/www.arboplus.ca\/blog\/#\/schema\/person\/c4e4c82ad12349aafba47d44193f5540\"},\"description\":\"\u00c0 l'arriv\u00e9e du printemps, les grandes villes du Qu\u00e9bec vont devoir investir des millions pour la crise engendr\u00e9e par l'agrile du fr\u00eane. Pour r\u00e9gler le probl\u00e8me, plusieurs villes optent pour l'injection d'un vaccin ou pour l'abattage de ces arbres.\",\"breadcrumb\":{\"@id\":\"https:\/\/www.arboplus.ca\/blog\/nouvelles-arboricoles\/les-grandes-villes-du-quebec-font-face-a-un-dilemme-arboricole.html#breadcrumb\"},\"inLanguage\":\"fr-CA\",\"potentialAction\":[{\"@type\":\"ReadAction\",\"target\":[\"https:\/\/www.arboplus.ca\/blog\/nouvelles-arboricoles\/les-grandes-villes-du-quebec-font-face-a-un-dilemme-arboricole.html\"]}]},{\"@type\":\"ImageObject\",\"inLanguage\":\"fr-CA\",\"@id\":\"https:\/\/www.arboplus.ca\/blog\/nouvelles-arboricoles\/les-grandes-villes-du-quebec-font-face-a-un-dilemme-arboricole.html#primaryimage\",\"url\":\"https:\/\/www.arboplus.ca\/blog\/wp-content\/uploads\/2015\/04\/grandes-villes-quebec-dilemme-arboricole.jpg\",\"contentUrl\":\"https:\/\/www.arboplus.ca\/blog\/wp-content\/uploads\/2015\/04\/grandes-villes-quebec-dilemme-arboricole.jpg\",\"width\":1920,\"height\":1080,\"caption\":\"Les grandes villes du Qu\u00e9bec font face \u00e0 un dilemme arboricole\"},{\"@type\":\"BreadcrumbList\",\"@id\":\"https:\/\/www.arboplus.ca\/blog\/nouvelles-arboricoles\/les-grandes-villes-du-quebec-font-face-a-un-dilemme-arboricole.html#breadcrumb\",\"itemListElement\":[{\"@type\":\"ListItem\",\"position\":1,\"name\":\"Accueil\",\"item\":\"https:\/\/www.arboplus.ca\/blog\/\"},{\"@type\":\"ListItem\",\"position\":2,\"name\":\"Les grandes villes du Qu\u00e9bec font face \u00e0 un dilemme arboricole&#8230;\"}]},{\"@type\":\"WebSite\",\"@id\":\"https:\/\/www.arboplus.ca\/blog\/#website\",\"url\":\"https:\/\/www.arboplus.ca\/blog\/\",\"name\":\"Arboplus\",\"description\":\"Magazine arboricole\",\"potentialAction\":[{\"@type\":\"SearchAction\",\"target\":{\"@type\":\"EntryPoint\",\"urlTemplate\":\"https:\/\/www.arboplus.ca\/blog\/?s={search_term_string}\"},\"query-input\":{\"@type\":\"PropertyValueSpecification\",\"valueRequired\":true,\"valueName\":\"search_term_string\"}}],\"inLanguage\":\"fr-CA\"},{\"@type\":\"Person\",\"@id\":\"https:\/\/www.arboplus.ca\/blog\/#\/schema\/person\/c4e4c82ad12349aafba47d44193f5540\",\"name\":\"Dominic Perugino\",\"image\":{\"@type\":\"ImageObject\",\"inLanguage\":\"fr-CA\",\"@id\":\"https:\/\/www.arboplus.ca\/blog\/#\/schema\/person\/image\/\",\"url\":\"https:\/\/secure.gravatar.com\/avatar\/0027ec1e3f6852cb4655750d4303f090?s=96&d=mm&r=g\",\"contentUrl\":\"https:\/\/secure.gravatar.com\/avatar\/0027ec1e3f6852cb4655750d4303f090?s=96&d=mm&r=g\",\"caption\":\"Dominic Perugino\"},\"url\":\"https:\/\/www.arboplus.ca\/blog\/author\/dominic-perugino\"}]}<\/script>\n<!-- \/ Yoast SEO plugin. -->","yoast_head_json":{"title":"Les grandes villes du Qu\u00e9bec font face \u00e0 un dilemme arboricole - Arboplus","description":"\u00c0 l'arriv\u00e9e du printemps, les grandes villes du Qu\u00e9bec vont devoir investir des millions pour la crise engendr\u00e9e par l'agrile du fr\u00eane. Pour r\u00e9gler le probl\u00e8me, plusieurs villes optent pour l'injection d'un vaccin ou pour l'abattage de ces arbres.","robots":{"index":"index","follow":"follow","max-snippet":"max-snippet:-1","max-image-preview":"max-image-preview:large","max-video-preview":"max-video-preview:-1"},"canonical":"https:\/\/www.arboplus.ca\/blog\/nouvelles-arboricoles\/les-grandes-villes-du-quebec-font-face-a-un-dilemme-arboricole.html","og_locale":"fr_CA","og_type":"article","og_title":"Les grandes villes du Qu\u00e9bec font face \u00e0 un dilemme arboricole - Arboplus","og_description":"\u00c0 l'arriv\u00e9e du printemps, les grandes villes du Qu\u00e9bec vont devoir investir des millions pour la crise engendr\u00e9e par l'agrile du fr\u00eane. Pour r\u00e9gler le probl\u00e8me, plusieurs villes optent pour l'injection d'un vaccin ou pour l'abattage de ces arbres.","og_url":"https:\/\/www.arboplus.ca\/blog\/nouvelles-arboricoles\/les-grandes-villes-du-quebec-font-face-a-un-dilemme-arboricole.html","og_site_name":"Arboplus","article_published_time":"2015-04-07T14:05:15+00:00","article_modified_time":"2015-04-08T02:03:16+00:00","og_image":[{"width":1920,"height":1080,"url":"https:\/\/www.arboplus.ca\/blog\/wp-content\/uploads\/2015\/04\/grandes-villes-quebec-dilemme-arboricole.jpg","type":"image\/jpeg"}],"author":"Dominic Perugino","twitter_misc":{"\u00c9crit par":"Dominic Perugino","Estimation du temps de lecture":"1 minute"},"schema":{"@context":"https:\/\/schema.org","@graph":[{"@type":"WebPage","@id":"https:\/\/www.arboplus.ca\/blog\/nouvelles-arboricoles\/les-grandes-villes-du-quebec-font-face-a-un-dilemme-arboricole.html","url":"https:\/\/www.arboplus.ca\/blog\/nouvelles-arboricoles\/les-grandes-villes-du-quebec-font-face-a-un-dilemme-arboricole.html","name":"Les grandes villes du Qu\u00e9bec font face \u00e0 un dilemme arboricole - Arboplus","isPartOf":{"@id":"https:\/\/www.arboplus.ca\/blog\/#website"},"primaryImageOfPage":{"@id":"https:\/\/www.arboplus.ca\/blog\/nouvelles-arboricoles\/les-grandes-villes-du-quebec-font-face-a-un-dilemme-arboricole.html#primaryimage"},"image":{"@id":"https:\/\/www.arboplus.ca\/blog\/nouvelles-arboricoles\/les-grandes-villes-du-quebec-font-face-a-un-dilemme-arboricole.html#primaryimage"},"thumbnailUrl":"https:\/\/www.arboplus.ca\/blog\/wp-content\/uploads\/2015\/04\/grandes-villes-quebec-dilemme-arboricole.jpg","datePublished":"2015-04-07T14:05:15+00:00","dateModified":"2015-04-08T02:03:16+00:00","author":{"@id":"https:\/\/www.arboplus.ca\/blog\/#\/schema\/person\/c4e4c82ad12349aafba47d44193f5540"},"description":"\u00c0 l'arriv\u00e9e du printemps, les grandes villes du Qu\u00e9bec vont devoir investir des millions pour la crise engendr\u00e9e par l'agrile du fr\u00eane. Pour r\u00e9gler le probl\u00e8me, plusieurs villes optent pour l'injection d'un vaccin ou pour l'abattage de ces arbres.","breadcrumb":{"@id":"https:\/\/www.arboplus.ca\/blog\/nouvelles-arboricoles\/les-grandes-villes-du-quebec-font-face-a-un-dilemme-arboricole.html#breadcrumb"},"inLanguage":"fr-CA","potentialAction":[{"@type":"ReadAction","target":["https:\/\/www.arboplus.ca\/blog\/nouvelles-arboricoles\/les-grandes-villes-du-quebec-font-face-a-un-dilemme-arboricole.html"]}]},{"@type":"ImageObject","inLanguage":"fr-CA","@id":"https:\/\/www.arboplus.ca\/blog\/nouvelles-arboricoles\/les-grandes-villes-du-quebec-font-face-a-un-dilemme-arboricole.html#primaryimage","url":"https:\/\/www.arboplus.ca\/blog\/wp-content\/uploads\/2015\/04\/grandes-villes-quebec-dilemme-arboricole.jpg","contentUrl":"https:\/\/www.arboplus.ca\/blog\/wp-content\/uploads\/2015\/04\/grandes-villes-quebec-dilemme-arboricole.jpg","width":1920,"height":1080,"caption":"Les grandes villes du Qu\u00e9bec font face \u00e0 un dilemme arboricole"},{"@type":"BreadcrumbList","@id":"https:\/\/www.arboplus.ca\/blog\/nouvelles-arboricoles\/les-grandes-villes-du-quebec-font-face-a-un-dilemme-arboricole.html#breadcrumb","itemListElement":[{"@type":"ListItem","position":1,"name":"Accueil","item":"https:\/\/www.arboplus.ca\/blog\/"},{"@type":"ListItem","position":2,"name":"Les grandes villes du Qu\u00e9bec font face \u00e0 un dilemme arboricole&#8230;"}]},{"@type":"WebSite","@id":"https:\/\/www.arboplus.ca\/blog\/#website","url":"https:\/\/www.arboplus.ca\/blog\/","name":"Arboplus","description":"Magazine arboricole","potentialAction":[{"@type":"SearchAction","target":{"@type":"EntryPoint","urlTemplate":"https:\/\/www.arboplus.ca\/blog\/?s={search_term_string}"},"query-input":{"@type":"PropertyValueSpecification","valueRequired":true,"valueName":"search_term_string"}}],"inLanguage":"fr-CA"},{"@type":"Person","@id":"https:\/\/www.arboplus.ca\/blog\/#\/schema\/person\/c4e4c82ad12349aafba47d44193f5540","name":"Dominic Perugino","image":{"@type":"ImageObject","inLanguage":"fr-CA","@id":"https:\/\/www.arboplus.ca\/blog\/#\/schema\/person\/image\/","url":"https:\/\/secure.gravatar.com\/avatar\/0027ec1e3f6852cb4655750d4303f090?s=96&d=mm&r=g","contentUrl":"https:\/\/secure.gravatar.com\/avatar\/0027ec1e3f6852cb4655750d4303f090?s=96&d=mm&r=g","caption":"Dominic Perugino"},"url":"https:\/\/www.arboplus.ca\/blog\/author\/dominic-perugino"}]}},"_links":{"self":[{"href":"https:\/\/www.arboplus.ca\/blog\/wp-json\/wp\/v2\/posts\/4360","targetHints":{"allow":["GET"]}}],"collection":[{"href":"https:\/\/www.arboplus.ca\/blog\/wp-json\/wp\/v2\/posts"}],"about":[{"href":"https:\/\/www.arboplus.ca\/blog\/wp-json\/wp\/v2\/types\/post"}],"author":[{"embeddable":true,"href":"https:\/\/www.arboplus.ca\/blog\/wp-json\/wp\/v2\/users\/2"}],"replies":[{"embeddable":true,"href":"https:\/\/www.arboplus.ca\/blog\/wp-json\/wp\/v2\/comments?post=4360"}],"version-history":[{"count":3,"href":"https:\/\/www.arboplus.ca\/blog\/wp-json\/wp\/v2\/posts\/4360\/revisions"}],"predecessor-version":[{"id":4370,"href":"https:\/\/www.arboplus.ca\/blog\/wp-json\/wp\/v2\/posts\/4360\/revisions\/4370"}],"wp:featuredmedia":[{"embeddable":true,"href":"https:\/\/www.arboplus.ca\/blog\/wp-json\/wp\/v2\/media\/4368"}],"wp:attachment":[{"href":"https:\/\/www.arboplus.ca\/blog\/wp-json\/wp\/v2\/media?parent=4360"}],"wp:term":[{"taxonomy":"category","embeddable":true,"href":"https:\/\/www.arboplus.ca\/blog\/wp-json\/wp\/v2\/categories?post=4360"},{"taxonomy":"post_tag","embeddable":true,"href":"https:\/\/www.arboplus.ca\/blog\/wp-json\/wp\/v2\/tags?post=4360"}],"curies":[{"name":"wp","href":"https:\/\/api.w.org\/{rel}","templated":true}]}}